{"id":1095,"date":"2018-02-01T16:07:21","date_gmt":"2018-02-01T14:07:21","guid":{"rendered":"http:\/\/www.awtr69.asso.fr\/?p=1095"},"modified":"2018-05-07T18:10:53","modified_gmt":"2018-05-07T16:10:53","slug":"stage-dhiver-wing-chun-kung-fu-lyon-le-10-fevrier-2018","status":"publish","type":"post","link":"https:\/\/www.awtr69.asso.fr\/?p=1095","title":{"rendered":"Stage d\u2019hiver Wing Chun Kung Fu \u2013 Lyon le 10 f\u00e9vrier 2018"},"content":{"rendered":"<p>Bonjour \u00e0 tous,<\/p>\n<p>Nous organisons notre prochain stage de Wing Chun\/Wing Tsun Kung Fu \u00e0 Lyon le 10 f\u00e9vrier 2018.<\/p>\n<p><a href=\"https:\/\/www.awtr69.asso.fr\/wp-content\/uploads\/2018\/02\/wt.jpg\"><img loading=\"lazy\" decoding=\"async\" class=\"aligncenter size-medium wp-image-1097\" alt=\"wt\" src=\"https:\/\/www.awtr69.asso.fr\/wp-content\/uploads\/2018\/02\/wt-246x300.jpg\" width=\"246\" height=\"300\" srcset=\"https:\/\/www.awtr69.asso.fr\/wp-content\/uploads\/2018\/02\/wt-246x300.jpg 246w, https:\/\/www.awtr69.asso.fr\/wp-content\/uploads\/2018\/02\/wt.jpg 641w\" sizes=\"auto, (max-width: 246px) 100vw, 246px\" \/><\/a><\/p>\n<p>Il sera dirig\u00e9 par Sifu Marcus SCH\u00dcSSLER<\/p>\n<p style=\"text-align: center;\"><img loading=\"lazy\" decoding=\"async\" class=\"aligncenter\" alt=\"https:\/\/yt3.ggpht.com\/-AAHaLQcos-c\/AAAAAAAAAAI\/AAAAAAAAAAA\/XDNjzPcD05A\/s88-c-k-no-rj-c0xffffff\/photo.jpg\" src=\"https:\/\/yt3.ggpht.com\/-AAHaLQcos-c\/AAAAAAAAAAI\/AAAAAAAAAAA\/XDNjzPcD05A\/s88-c-k-no-rj-c0xffffff\/photo.jpg\" width=\"88\" height=\"88\" \/><\/p>\n<p>Pour ceux qui ne le connaissent pas encore, une courte pr\u00e9sentation de son parcours est disponible <a title=\"Formations moniteur et technicien en Wing Tsun et Escrima Latosa\" href=\"https:\/\/www.awtr69.asso.fr\/?p=402\">ici.<\/a><\/p>\n<p>En vid\u00e9o:<\/p>\n<p><iframe loading=\"lazy\" src=\"https:\/\/www.youtube.com\/embed\/SpGb8aGB5X0\" height=\"315\" width=\"560\" allowfullscreen=\"\" frameborder=\"0\"><\/iframe><\/p>\n<p><iframe loading=\"lazy\" src=\"https:\/\/www.youtube.com\/embed\/Fem_1zZfi_8\" height=\"315\" width=\"560\" allowfullscreen=\"\" frameborder=\"0\"><\/iframe><\/p>\n<p><iframe loading=\"lazy\" src=\"https:\/\/www.youtube.com\/embed\/c6qgu5ioLqw\" height=\"315\" width=\"560\" allowfullscreen=\"\" frameborder=\"0\"><\/iframe><\/p>\n<p>&nbsp;<\/p>\n<p><strong>Les horaires:<\/strong><\/p>\n<p>Une unit\u00e9 le matin: 11h \u2013 13h30<\/p>\n<p>Une unit\u00e9 l\u2019apr\u00e8s-midi: 14h -16h30<\/p>\n<p>Il est ouvert \u00e0 toute personne ayant d\u00e9j\u00e0 pratiqu\u00e9 le Wing Chun\/Wing Tsun<\/p>\n<p>Pour toutes questions, n\u2019h\u00e9sitez pas \u00e0 nous contacter par mail: <a href=\"mailto:awtr69@gmail.com\">awtr69@gmail.com<\/a><\/p>\n","protected":false},"excerpt":{"rendered":"<p>Bonjour \u00e0 tous, Nous organisons notre prochain stage de Wing Chun\/Wing Tsun Kung Fu \u00e0 Lyon le 10 f\u00e9vrier 2018. Il sera dirig\u00e9 par Sifu Marcus SCH\u00dcSSLER Pour ceux qui ne le connaissent pas encore, une courte pr\u00e9sentation de son parcours est disponible ici. En vid\u00e9o: &nbsp; Les horaires: Une &#8230;<\/p>\n","protected":false},"author":2,"featured_media":0,"comment_status":"open","ping_status":"open","sticky":false,"template":"","format":"video","meta":{"om_disable_all_campaigns":false,"_monsterinsights_skip_tracking":false,"ngg_post_thumbnail":0,"footnotes":""},"categories":[1],"tags":[62,7,13,6],"class_list":["post-1095","post","type-post","status-publish","format-video","hentry","category-non-classe","tag-kung-fu","tag-lyon","tag-wing-chun","tag-wing-tsun","post_format-post-format-video","column","threecol"],"aioseo_notices":[],"aioseo_head":"\n\t\t<!-- All in One SEO 5.0.0.1 - aioseo.com -->\n\t<meta name=\"description\" content=\"Bonjour \u00e0 tous, Nous organisons notre prochain stage de Wing Chun\/Wing Tsun Kung Fu \u00e0 Lyon le 10 f\u00e9vrier 2018. Il sera dirig\u00e9 par Sifu Marcus SCH\u00dcSSLER Pour ceux qui ne le connaissent pas encore, une courte pr\u00e9sentation de son parcours est disponible ici. En vid\u00e9o: Les horaires: Une unit\u00e9 le matin: 11h \u2013\" \/>\n\t<meta name=\"robots\" content=\"max-image-preview:large\" \/>\n\t<meta name=\"author\" content=\"gauthier\"\/>\n\t<meta name=\"keywords\" content=\"kung fu,lyon,wing chun,wing tsun,non class\u00e9\" \/>\n\t<link rel=\"canonical\" href=\"https:\/\/www.awtr69.asso.fr\/?p=1095\" \/>\n\t<meta name=\"generator\" content=\"All in One SEO (AIOSEO) 5.0.0.1\" \/>\n\t\t<meta property=\"og:locale\" content=\"fr_FR\" \/>\n\t\t<meta property=\"og:site_name\" content=\"Association Wing Tsun du Rh\u00f4ne | Wing Chun Kung Fu \u00e0 Lyon\" \/>\n\t\t<meta property=\"og:type\" content=\"article\" \/>\n\t\t<meta property=\"og:title\" content=\"Stage d\u2019hiver Wing Chun Kung Fu \u2013 Lyon le 10 f\u00e9vrier 2018 | Association Wing Tsun du Rh\u00f4ne\" \/>\n\t\t<meta property=\"og:description\" content=\"Bonjour \u00e0 tous, Nous organisons notre prochain stage de Wing Chun\/Wing Tsun Kung Fu \u00e0 Lyon le 10 f\u00e9vrier 2018. Il sera dirig\u00e9 par Sifu Marcus SCH\u00dcSSLER Pour ceux qui ne le connaissent pas encore, une courte pr\u00e9sentation de son parcours est disponible ici. En vid\u00e9o: Les horaires: Une unit\u00e9 le matin: 11h \u2013\" \/>\n\t\t<meta property=\"og:url\" content=\"https:\/\/www.awtr69.asso.fr\/?p=1095\" \/>\n\t\t<meta property=\"article:published_time\" content=\"2018-02-01T14:07:21+00:00\" \/>\n\t\t<meta property=\"article:modified_time\" content=\"2018-05-07T16:10:53+00:00\" \/>\n\t\t<meta property=\"article:publisher\" content=\"https:\/\/www.facebook.com\/profile.php?id=100083353388314\" \/>\n\t\t<meta name=\"twitter:card\" content=\"summary\" \/>\n\t\t<meta name=\"twitter:title\" content=\"Stage d\u2019hiver Wing Chun Kung Fu \u2013 Lyon le 10 f\u00e9vrier 2018 | Association Wing Tsun du Rh\u00f4ne\" \/>\n\t\t<meta name=\"twitter:description\" content=\"Bonjour \u00e0 tous, Nous organisons notre prochain stage de Wing Chun\/Wing Tsun Kung Fu \u00e0 Lyon le 10 f\u00e9vrier 2018. Il sera dirig\u00e9 par Sifu Marcus SCH\u00dcSSLER Pour ceux qui ne le connaissent pas encore, une courte pr\u00e9sentation de son parcours est disponible ici. En vid\u00e9o: Les horaires: Une unit\u00e9 le matin: 11h \u2013\" \/>\n\t\t<script type=\"application\/ld+json\" class=\"aioseo-schema\">\n\t\t\t{\"@context\":\"https:\\\/\\\/schema.org\",\"@graph\":[{\"@type\":\"Article\",\"@id\":\"https:\\\/\\\/www.awtr69.asso.fr\\\/?p=1095#article\",\"name\":\"Stage d\\u2019hiver Wing Chun Kung Fu \\u2013 Lyon le 10 f\\u00e9vrier 2018 | Association Wing Tsun du Rh\\u00f4ne\",\"headline\":\"Stage d\\u2019hiver Wing Chun Kung Fu \\u2013 Lyon le 10 f\\u00e9vrier 2018\",\"author\":{\"@id\":\"https:\\\/\\\/www.awtr69.asso.fr\\\/?author=2#author\"},\"publisher\":{\"@id\":\"https:\\\/\\\/www.awtr69.asso.fr\\\/#organization\"},\"image\":{\"@type\":\"ImageObject\",\"url\":\"http:\\\/\\\/www.awtr69.asso.fr\\\/wp-content\\\/uploads\\\/2018\\\/02\\\/wt-246x300.jpg\",\"@id\":\"https:\\\/\\\/www.awtr69.asso.fr\\\/?p=1095\\\/#articleImage\"},\"datePublished\":\"2018-02-01T16:07:21+02:00\",\"dateModified\":\"2018-05-07T18:10:53+02:00\",\"inLanguage\":\"fr-FR\",\"mainEntityOfPage\":{\"@id\":\"https:\\\/\\\/www.awtr69.asso.fr\\\/?p=1095#webpage\"},\"isPartOf\":{\"@id\":\"https:\\\/\\\/www.awtr69.asso.fr\\\/?p=1095#webpage\"},\"articleSection\":\"Non class\\u00e9, Kung Fu, lyon, wing chun, wing tsun, Vid\\u00e9o\"},{\"@type\":\"BreadcrumbList\",\"@id\":\"https:\\\/\\\/www.awtr69.asso.fr\\\/?p=1095#breadcrumblist\",\"itemListElement\":[{\"@type\":\"ListItem\",\"@id\":\"https:\\\/\\\/www.awtr69.asso.fr#listItem\",\"position\":1,\"name\":\"Accueil\",\"item\":\"https:\\\/\\\/www.awtr69.asso.fr\",\"nextItem\":{\"@type\":\"ListItem\",\"@id\":\"https:\\\/\\\/www.awtr69.asso.fr\\\/?cat=1#listItem\",\"name\":\"Non class\\u00e9\"}},{\"@type\":\"ListItem\",\"@id\":\"https:\\\/\\\/www.awtr69.asso.fr\\\/?cat=1#listItem\",\"position\":2,\"name\":\"Non class\\u00e9\",\"item\":\"https:\\\/\\\/www.awtr69.asso.fr\\\/?cat=1\",\"nextItem\":{\"@type\":\"ListItem\",\"@id\":\"https:\\\/\\\/www.awtr69.asso.fr\\\/?p=1095#listItem\",\"name\":\"Stage d\\u2019hiver Wing Chun Kung Fu \\u2013 Lyon le 10 f\\u00e9vrier 2018\"},\"previousItem\":{\"@type\":\"ListItem\",\"@id\":\"https:\\\/\\\/www.awtr69.asso.fr#listItem\",\"name\":\"Accueil\"}},{\"@type\":\"ListItem\",\"@id\":\"https:\\\/\\\/www.awtr69.asso.fr\\\/?p=1095#listItem\",\"position\":3,\"name\":\"Stage d\\u2019hiver Wing Chun Kung Fu \\u2013 Lyon le 10 f\\u00e9vrier 2018\",\"previousItem\":{\"@type\":\"ListItem\",\"@id\":\"https:\\\/\\\/www.awtr69.asso.fr\\\/?cat=1#listItem\",\"name\":\"Non class\\u00e9\"}}]},{\"@type\":\"Organization\",\"@id\":\"https:\\\/\\\/www.awtr69.asso.fr\\\/#organization\",\"name\":\"Association du Wing Tsun du Rh\\u00f4ne\",\"description\":\"Wing Chun Kung Fu \\u00e0 Lyon\",\"url\":\"https:\\\/\\\/www.awtr69.asso.fr\\\/\",\"logo\":{\"@type\":\"ImageObject\",\"url\":\"https:\\\/\\\/www.awtr69.asso.fr\\\/wp-content\\\/uploads\\\/2013\\\/02\\\/Header_bleu3-copie.jpg\",\"@id\":\"https:\\\/\\\/www.awtr69.asso.fr\\\/?p=1095\\\/#organizationLogo\",\"width\":840,\"height\":115},\"image\":{\"@id\":\"https:\\\/\\\/www.awtr69.asso.fr\\\/?p=1095\\\/#organizationLogo\"},\"sameAs\":[\"https:\\\/\\\/www.facebook.com\\\/profile.php?id=100083353388314\"]},{\"@type\":\"Person\",\"@id\":\"https:\\\/\\\/www.awtr69.asso.fr\\\/?author=2#author\",\"url\":\"https:\\\/\\\/www.awtr69.asso.fr\\\/?author=2\",\"name\":\"gauthier\",\"image\":{\"@type\":\"ImageObject\",\"@id\":\"https:\\\/\\\/www.awtr69.asso.fr\\\/?p=1095#authorImage\",\"url\":\"https:\\\/\\\/secure.gravatar.com\\\/avatar\\\/8c8f80f45a21bad7ef4aaf91c3fabe7b2f37187184bd17501dc160853ef43f01?s=96&d=mm&r=g\",\"width\":96,\"height\":96,\"caption\":\"gauthier\"}},{\"@type\":\"WebPage\",\"@id\":\"https:\\\/\\\/www.awtr69.asso.fr\\\/?p=1095#webpage\",\"url\":\"https:\\\/\\\/www.awtr69.asso.fr\\\/?p=1095\",\"name\":\"Stage d\\u2019hiver Wing Chun Kung Fu \\u2013 Lyon le 10 f\\u00e9vrier 2018 | Association Wing Tsun du Rh\\u00f4ne\",\"description\":\"Bonjour \\u00e0 tous, Nous organisons notre prochain stage de Wing Chun\\\/Wing Tsun Kung Fu \\u00e0 Lyon le 10 f\\u00e9vrier 2018. Il sera dirig\\u00e9 par Sifu Marcus SCH\\u00dcSSLER Pour ceux qui ne le connaissent pas encore, une courte pr\\u00e9sentation de son parcours est disponible ici. En vid\\u00e9o: Les horaires: Une unit\\u00e9 le matin: 11h \\u2013\",\"inLanguage\":\"fr-FR\",\"isPartOf\":{\"@id\":\"https:\\\/\\\/www.awtr69.asso.fr\\\/#website\"},\"breadcrumb\":{\"@id\":\"https:\\\/\\\/www.awtr69.asso.fr\\\/?p=1095#breadcrumblist\"},\"author\":{\"@id\":\"https:\\\/\\\/www.awtr69.asso.fr\\\/?author=2#author\"},\"creator\":{\"@id\":\"https:\\\/\\\/www.awtr69.asso.fr\\\/?author=2#author\"},\"datePublished\":\"2018-02-01T16:07:21+02:00\",\"dateModified\":\"2018-05-07T18:10:53+02:00\"},{\"@type\":\"WebSite\",\"@id\":\"https:\\\/\\\/www.awtr69.asso.fr\\\/#website\",\"url\":\"https:\\\/\\\/www.awtr69.asso.fr\\\/\",\"name\":\"Association Wing Tsun du Rh\\u00f4ne\",\"description\":\"Wing Chun Kung Fu \\u00e0 Lyon\",\"inLanguage\":\"fr-FR\",\"publisher\":{\"@id\":\"https:\\\/\\\/www.awtr69.asso.fr\\\/#organization\"}}]}\n\t\t<\/script>\n\t\t<!-- All in One SEO -->\n\n","aioseo_head_json":{"title":"Stage d\u2019hiver Wing Chun Kung Fu \u2013 Lyon le 10 f\u00e9vrier 2018 | Association Wing Tsun du Rh\u00f4ne","description":"Bonjour \u00e0 tous, Nous organisons notre prochain stage de Wing Chun\/Wing Tsun Kung Fu \u00e0 Lyon le 10 f\u00e9vrier 2018. Il sera dirig\u00e9 par Sifu Marcus SCH\u00dcSSLER Pour ceux qui ne le connaissent pas encore, une courte pr\u00e9sentation de son parcours est disponible ici. En vid\u00e9o: Les horaires: Une unit\u00e9 le matin: 11h \u2013","canonical_url":"https:\/\/www.awtr69.asso.fr\/?p=1095","robots":"max-image-preview:large","keywords":"kung fu,lyon,wing chun,wing tsun,non class\u00e9","webmasterTools":{"miscellaneous":""},"schema":{"@context":"https:\/\/schema.org","@graph":[{"@type":"Article","@id":"https:\/\/www.awtr69.asso.fr\/?p=1095#article","name":"Stage d\u2019hiver Wing Chun Kung Fu \u2013 Lyon le 10 f\u00e9vrier 2018 | Association Wing Tsun du Rh\u00f4ne","headline":"Stage d\u2019hiver Wing Chun Kung Fu \u2013 Lyon le 10 f\u00e9vrier 2018","author":{"@id":"https:\/\/www.awtr69.asso.fr\/?author=2#author"},"publisher":{"@id":"https:\/\/www.awtr69.asso.fr\/#organization"},"image":{"@type":"ImageObject","url":"http:\/\/www.awtr69.asso.fr\/wp-content\/uploads\/2018\/02\/wt-246x300.jpg","@id":"https:\/\/www.awtr69.asso.fr\/?p=1095\/#articleImage"},"datePublished":"2018-02-01T16:07:21+02:00","dateModified":"2018-05-07T18:10:53+02:00","inLanguage":"fr-FR","mainEntityOfPage":{"@id":"https:\/\/www.awtr69.asso.fr\/?p=1095#webpage"},"isPartOf":{"@id":"https:\/\/www.awtr69.asso.fr\/?p=1095#webpage"},"articleSection":"Non class\u00e9, Kung Fu, lyon, wing chun, wing tsun, Vid\u00e9o"},{"@type":"BreadcrumbList","@id":"https:\/\/www.awtr69.asso.fr\/?p=1095#breadcrumblist","itemListElement":[{"@type":"ListItem","@id":"https:\/\/www.awtr69.asso.fr#listItem","position":1,"name":"Accueil","item":"https:\/\/www.awtr69.asso.fr","nextItem":{"@type":"ListItem","@id":"https:\/\/www.awtr69.asso.fr\/?cat=1#listItem","name":"Non class\u00e9"}},{"@type":"ListItem","@id":"https:\/\/www.awtr69.asso.fr\/?cat=1#listItem","position":2,"name":"Non class\u00e9","item":"https:\/\/www.awtr69.asso.fr\/?cat=1","nextItem":{"@type":"ListItem","@id":"https:\/\/www.awtr69.asso.fr\/?p=1095#listItem","name":"Stage d\u2019hiver Wing Chun Kung Fu \u2013 Lyon le 10 f\u00e9vrier 2018"},"previousItem":{"@type":"ListItem","@id":"https:\/\/www.awtr69.asso.fr#listItem","name":"Accueil"}},{"@type":"ListItem","@id":"https:\/\/www.awtr69.asso.fr\/?p=1095#listItem","position":3,"name":"Stage d\u2019hiver Wing Chun Kung Fu \u2013 Lyon le 10 f\u00e9vrier 2018","previousItem":{"@type":"ListItem","@id":"https:\/\/www.awtr69.asso.fr\/?cat=1#listItem","name":"Non class\u00e9"}}]},{"@type":"Organization","@id":"https:\/\/www.awtr69.asso.fr\/#organization","name":"Association du Wing Tsun du Rh\u00f4ne","description":"Wing Chun Kung Fu \u00e0 Lyon","url":"https:\/\/www.awtr69.asso.fr\/","logo":{"@type":"ImageObject","url":"https:\/\/www.awtr69.asso.fr\/wp-content\/uploads\/2013\/02\/Header_bleu3-copie.jpg","@id":"https:\/\/www.awtr69.asso.fr\/?p=1095\/#organizationLogo","width":840,"height":115},"image":{"@id":"https:\/\/www.awtr69.asso.fr\/?p=1095\/#organizationLogo"},"sameAs":["https:\/\/www.facebook.com\/profile.php?id=100083353388314"]},{"@type":"Person","@id":"https:\/\/www.awtr69.asso.fr\/?author=2#author","url":"https:\/\/www.awtr69.asso.fr\/?author=2","name":"gauthier","image":{"@type":"ImageObject","@id":"https:\/\/www.awtr69.asso.fr\/?p=1095#authorImage","url":"https:\/\/secure.gravatar.com\/avatar\/8c8f80f45a21bad7ef4aaf91c3fabe7b2f37187184bd17501dc160853ef43f01?s=96&d=mm&r=g","width":96,"height":96,"caption":"gauthier"}},{"@type":"WebPage","@id":"https:\/\/www.awtr69.asso.fr\/?p=1095#webpage","url":"https:\/\/www.awtr69.asso.fr\/?p=1095","name":"Stage d\u2019hiver Wing Chun Kung Fu \u2013 Lyon le 10 f\u00e9vrier 2018 | Association Wing Tsun du Rh\u00f4ne","description":"Bonjour \u00e0 tous, Nous organisons notre prochain stage de Wing Chun\/Wing Tsun Kung Fu \u00e0 Lyon le 10 f\u00e9vrier 2018. Il sera dirig\u00e9 par Sifu Marcus SCH\u00dcSSLER Pour ceux qui ne le connaissent pas encore, une courte pr\u00e9sentation de son parcours est disponible ici. En vid\u00e9o: Les horaires: Une unit\u00e9 le matin: 11h \u2013","inLanguage":"fr-FR","isPartOf":{"@id":"https:\/\/www.awtr69.asso.fr\/#website"},"breadcrumb":{"@id":"https:\/\/www.awtr69.asso.fr\/?p=1095#breadcrumblist"},"author":{"@id":"https:\/\/www.awtr69.asso.fr\/?author=2#author"},"creator":{"@id":"https:\/\/www.awtr69.asso.fr\/?author=2#author"},"datePublished":"2018-02-01T16:07:21+02:00","dateModified":"2018-05-07T18:10:53+02:00"},{"@type":"WebSite","@id":"https:\/\/www.awtr69.asso.fr\/#website","url":"https:\/\/www.awtr69.asso.fr\/","name":"Association Wing Tsun du Rh\u00f4ne","description":"Wing Chun Kung Fu \u00e0 Lyon","inLanguage":"fr-FR","publisher":{"@id":"https:\/\/www.awtr69.asso.fr\/#organization"}}]},"og:locale":"fr_FR","og:site_name":"Association Wing Tsun du Rh\u00f4ne | Wing Chun Kung Fu \u00e0 Lyon","og:type":"article","og:title":"Stage d\u2019hiver Wing Chun Kung Fu \u2013 Lyon le 10 f\u00e9vrier 2018 | Association Wing Tsun du Rh\u00f4ne","og:description":"Bonjour \u00e0 tous, Nous organisons notre prochain stage de Wing Chun\/Wing Tsun Kung Fu \u00e0 Lyon le 10 f\u00e9vrier 2018. Il sera dirig\u00e9 par Sifu Marcus SCH\u00dcSSLER Pour ceux qui ne le connaissent pas encore, une courte pr\u00e9sentation de son parcours est disponible ici. En vid\u00e9o: Les horaires: Une unit\u00e9 le matin: 11h \u2013","og:url":"https:\/\/www.awtr69.asso.fr\/?p=1095","article:published_time":"2018-02-01T14:07:21+00:00","article:modified_time":"2018-05-07T16:10:53+00:00","article:publisher":"https:\/\/www.facebook.com\/profile.php?id=100083353388314","twitter:card":"summary","twitter:title":"Stage d\u2019hiver Wing Chun Kung Fu \u2013 Lyon le 10 f\u00e9vrier 2018 | Association Wing Tsun du Rh\u00f4ne","twitter:description":"Bonjour \u00e0 tous, Nous organisons notre prochain stage de Wing Chun\/Wing Tsun Kung Fu \u00e0 Lyon le 10 f\u00e9vrier 2018. Il sera dirig\u00e9 par Sifu Marcus SCH\u00dcSSLER Pour ceux qui ne le connaissent pas encore, une courte pr\u00e9sentation de son parcours est disponible ici. En vid\u00e9o: Les horaires: Une unit\u00e9 le matin: 11h \u2013"},"aioseo_meta_data":{"post_id":"1095","title":null,"description":null,"keywords":null,"keyphrases":null,"primary_term":null,"canonical_url":null,"og_title":null,"og_description":null,"og_object_type":"default","og_image_type":"default","og_image_url":null,"og_image_width":null,"og_image_height":null,"og_image_custom_url":null,"og_image_custom_fields":null,"og_video":null,"og_custom_url":null,"og_article_section":null,"og_article_tags":null,"twitter_use_og":false,"twitter_card":"default","twitter_image_type":"default","twitter_image_url":null,"twitter_image_custom_url":null,"twitter_image_custom_fields":null,"twitter_title":null,"twitter_description":null,"schema":{"blockGraphs":[],"customGraphs":[],"default":{"data":{"Article":[],"Course":[],"Dataset":[],"FAQPage":[],"Movie":[],"Person":[],"Product":[],"ProductReview":[],"Car":[],"Recipe":[],"Service":[],"SoftwareApplication":[],"WebPage":[]},"graphName":"Article","isEnabled":true},"graphs":[]},"schema_type":null,"schema_type_options":null,"pillar_content":false,"robots_default":true,"robots_noindex":false,"robots_noarchive":false,"robots_nosnippet":false,"robots_nofollow":false,"robots_noimageindex":false,"robots_noodp":false,"robots_notranslate":false,"robots_max_snippet":null,"robots_max_videopreview":null,"robots_max_imagepreview":"large","priority":null,"frequency":null,"local_seo":null,"breadcrumb_settings":null,"limit_modified_date":false,"ai":null,"created":"2021-03-29 12:26:38","updated":"2025-07-14 22:18:17","seo_analyzer_scan_date":null,"focus_keyword":null,"additional_keywords":null,"truseo_locale":null},"aioseo_breadcrumb":"<div class=\"aioseo-breadcrumbs\"><span class=\"aioseo-breadcrumb\">\n\t\t\t<a href=\"https:\/\/www.awtr69.asso.fr\" title=\"Accueil\">Accueil<\/a>\n\t\t<\/span><span class=\"aioseo-breadcrumb-separator\">&raquo;<\/span><span class=\"aioseo-breadcrumb\">\n\t\t\t<a href=\"https:\/\/www.awtr69.asso.fr\/?cat=1\" title=\"Non class\u00e9\">Non class\u00e9<\/a>\n\t\t<\/span><span class=\"aioseo-breadcrumb-separator\">&raquo;<\/span><span class=\"aioseo-breadcrumb\">\n\t\t\tStage d\u2019hiver Wing Chun Kung Fu \u2013 Lyon le 10 f\u00e9vrier 2018\n\t\t<\/span><\/div>","aioseo_breadcrumb_json":[{"label":"Accueil","link":"https:\/\/www.awtr69.asso.fr"},{"label":"Non class\u00e9","link":"https:\/\/www.awtr69.asso.fr\/?cat=1"},{"label":"Stage d\u2019hiver Wing Chun Kung Fu \u2013 Lyon le 10 f\u00e9vrier 2018","link":"https:\/\/www.awtr69.asso.fr\/?p=1095"}],"_links":{"self":[{"href":"https:\/\/www.awtr69.asso.fr\/index.php?rest_route=\/wp\/v2\/posts\/1095","targetHints":{"allow":["GET"]}}],"collection":[{"href":"https:\/\/www.awtr69.asso.fr\/index.php?rest_route=\/wp\/v2\/posts"}],"about":[{"href":"https:\/\/www.awtr69.asso.fr\/index.php?rest_route=\/wp\/v2\/types\/post"}],"author":[{"embeddable":true,"href":"https:\/\/www.awtr69.asso.fr\/index.php?rest_route=\/wp\/v2\/users\/2"}],"replies":[{"embeddable":true,"href":"https:\/\/www.awtr69.asso.fr\/index.php?rest_route=%2Fwp%2Fv2%2Fcomments&post=1095"}],"version-history":[{"count":5,"href":"https:\/\/www.awtr69.asso.fr\/index.php?rest_route=\/wp\/v2\/posts\/1095\/revisions"}],"predecessor-version":[{"id":1110,"href":"https:\/\/www.awtr69.asso.fr\/index.php?rest_route=\/wp\/v2\/posts\/1095\/revisions\/1110"}],"wp:attachment":[{"href":"https:\/\/www.awtr69.asso.fr\/index.php?rest_route=%2Fwp%2Fv2%2Fmedia&parent=1095"}],"wp:term":[{"taxonomy":"category","embeddable":true,"href":"https:\/\/www.awtr69.asso.fr\/index.php?rest_route=%2Fwp%2Fv2%2Fcategories&post=1095"},{"taxonomy":"post_tag","embeddable":true,"href":"https:\/\/www.awtr69.asso.fr\/index.php?rest_route=%2Fwp%2Fv2%2Ftags&post=1095"}],"curies":[{"name":"wp","href":"https:\/\/api.w.org\/{rel}","templated":true}]}}