{"id":1238,"date":"2019-08-20T09:07:18","date_gmt":"2019-08-20T07:07:18","guid":{"rendered":"http:\/\/www.awtr69.asso.fr\/?p=1238"},"modified":"2019-08-20T09:07:18","modified_gmt":"2019-08-20T07:07:18","slug":"forum-des-associations-lyon-7-dimanche-8-septembre-2019","status":"publish","type":"post","link":"https:\/\/www.awtr69.asso.fr\/?p=1238","title":{"rendered":"Forum des associations Lyon 7 &#8211; Dimanche 8 septembre 2019"},"content":{"rendered":"\n<p class=\"wp-block-paragraph\" style=\"text-align:left\">Bonjour,<\/p>\n\n\n\n<p class=\"wp-block-paragraph\">Nous serons pr\u00e9sents au<strong> <\/strong><\/p>\n\n\n\n<h4 class=\"wp-block-heading\"><strong>forum des  associations place Jean Mac\u00e9 \u00e0 Lyon 7<\/strong> le dimanche 8 septembre 2019.\n\n<\/h4>\n\n\n\n<figure class=\"wp-block-image\"><img loading=\"lazy\" decoding=\"async\" width=\"700\" height=\"394\" src=\"https:\/\/www.awtr69.asso.fr\/wp-content\/uploads\/2019\/08\/forum-associations-2019-p.jpg\" alt=\"\" class=\"wp-image-1239\" srcset=\"https:\/\/www.awtr69.asso.fr\/wp-content\/uploads\/2019\/08\/forum-associations-2019-p.jpg 700w, https:\/\/www.awtr69.asso.fr\/wp-content\/uploads\/2019\/08\/forum-associations-2019-p-300x169.jpg 300w\" sizes=\"auto, (max-width: 700px) 100vw, 700px\" \/><\/figure>\n\n\n\n<p class=\"wp-block-paragraph\"> N&rsquo;h\u00e9sitez pas \u00e0 venir nous rencontrer pour d\u00e9couvrir le wing tsun\/wing chun Kung fu et notre association ! <\/p>\n","protected":false},"excerpt":{"rendered":"<p>Bonjour, Nous serons pr\u00e9sents au forum des associations place Jean Mac\u00e9 \u00e0 Lyon 7 le dimanche 8 septembre 2019. N&rsquo;h\u00e9sitez pas \u00e0 venir nous rencontrer pour d\u00e9couvrir le wing tsun\/wing chun Kung fu et notre association !<\/p>\n","protected":false},"author":2,"featured_media":1239,"comment_status":"open","ping_status":"open","sticky":false,"template":"","format":"standard","meta":{"om_disable_all_campaigns":false,"_monsterinsights_skip_tracking":false,"ngg_post_thumbnail":0,"footnotes":""},"categories":[1],"tags":[86,88,89,7,13,6],"class_list":["post-1238","post","type-post","status-publish","format-standard","has-post-thumbnail","hentry","category-non-classe","tag-86","tag-forum-des-associations","tag-kung-fun","tag-lyon","tag-wing-chun","tag-wing-tsun","column","threecol","has-thumbnail"],"aioseo_notices":[],"aioseo_head":"\n\t\t<!-- All in One SEO 5.0.0.1 - aioseo.com -->\n\t<meta name=\"description\" content=\"Bonjour, Nous serons pr\u00e9sents au forum des associations place Jean Mac\u00e9 \u00e0 Lyon 7 le dimanche 8 septembre 2019. N&#039;h\u00e9sitez pas \u00e0 venir nous rencontrer pour d\u00e9couvrir le wing tsun\/wing chun Kung fu et notre association !\" \/>\n\t<meta name=\"robots\" content=\"max-image-preview:large\" \/>\n\t<meta name=\"author\" content=\"gauthier\"\/>\n\t<meta name=\"keywords\" content=\"2019,forum des associations,kung fun,lyon,wing chun,wing tsun,non class\u00e9\" \/>\n\t<link rel=\"canonical\" href=\"https:\/\/www.awtr69.asso.fr\/?p=1238\" \/>\n\t<meta name=\"generator\" content=\"All in One SEO (AIOSEO) 5.0.0.1\" \/>\n\t\t<meta property=\"og:locale\" content=\"fr_FR\" \/>\n\t\t<meta property=\"og:site_name\" content=\"Association Wing Tsun du Rh\u00f4ne | Wing Chun Kung Fu \u00e0 Lyon\" \/>\n\t\t<meta property=\"og:type\" content=\"article\" \/>\n\t\t<meta property=\"og:title\" content=\"Forum des associations Lyon 7 \u2013 Dimanche 8 septembre 2019 | Association Wing Tsun du Rh\u00f4ne\" \/>\n\t\t<meta property=\"og:description\" content=\"Bonjour, Nous serons pr\u00e9sents au forum des associations place Jean Mac\u00e9 \u00e0 Lyon 7 le dimanche 8 septembre 2019. N&#039;h\u00e9sitez pas \u00e0 venir nous rencontrer pour d\u00e9couvrir le wing tsun\/wing chun Kung fu et notre association !\" \/>\n\t\t<meta property=\"og:url\" content=\"https:\/\/www.awtr69.asso.fr\/?p=1238\" \/>\n\t\t<meta property=\"article:published_time\" content=\"2019-08-20T07:07:18+00:00\" \/>\n\t\t<meta property=\"article:modified_time\" content=\"2019-08-20T07:07:18+00:00\" \/>\n\t\t<meta property=\"article:publisher\" content=\"https:\/\/www.facebook.com\/profile.php?id=100083353388314\" \/>\n\t\t<meta name=\"twitter:card\" content=\"summary\" \/>\n\t\t<meta name=\"twitter:title\" content=\"Forum des associations Lyon 7 \u2013 Dimanche 8 septembre 2019 | Association Wing Tsun du Rh\u00f4ne\" \/>\n\t\t<meta name=\"twitter:description\" content=\"Bonjour, Nous serons pr\u00e9sents au forum des associations place Jean Mac\u00e9 \u00e0 Lyon 7 le dimanche 8 septembre 2019. N&#039;h\u00e9sitez pas \u00e0 venir nous rencontrer pour d\u00e9couvrir le wing tsun\/wing chun Kung fu et notre association !\" \/>\n\t\t<script type=\"application\/ld+json\" class=\"aioseo-schema\">\n\t\t\t{\"@context\":\"https:\\\/\\\/schema.org\",\"@graph\":[{\"@type\":\"Article\",\"@id\":\"https:\\\/\\\/www.awtr69.asso.fr\\\/?p=1238#article\",\"name\":\"Forum des associations Lyon 7 \\u2013 Dimanche 8 septembre 2019 | Association Wing Tsun du Rh\\u00f4ne\",\"headline\":\"Forum des associations Lyon 7 &#8211; Dimanche 8 septembre 2019\",\"author\":{\"@id\":\"https:\\\/\\\/www.awtr69.asso.fr\\\/?author=2#author\"},\"publisher\":{\"@id\":\"https:\\\/\\\/www.awtr69.asso.fr\\\/#organization\"},\"image\":{\"@type\":\"ImageObject\",\"url\":\"https:\\\/\\\/www.awtr69.asso.fr\\\/wp-content\\\/uploads\\\/2019\\\/08\\\/forum-associations-2019-p.jpg\",\"width\":700,\"height\":394},\"datePublished\":\"2019-08-20T09:07:18+02:00\",\"dateModified\":\"2019-08-20T09:07:18+02:00\",\"inLanguage\":\"fr-FR\",\"mainEntityOfPage\":{\"@id\":\"https:\\\/\\\/www.awtr69.asso.fr\\\/?p=1238#webpage\"},\"isPartOf\":{\"@id\":\"https:\\\/\\\/www.awtr69.asso.fr\\\/?p=1238#webpage\"},\"articleSection\":\"Non class\\u00e9, 2019, forum des associations, kung fun, lyon, wing chun, wing tsun\"},{\"@type\":\"BreadcrumbList\",\"@id\":\"https:\\\/\\\/www.awtr69.asso.fr\\\/?p=1238#breadcrumblist\",\"itemListElement\":[{\"@type\":\"ListItem\",\"@id\":\"https:\\\/\\\/www.awtr69.asso.fr#listItem\",\"position\":1,\"name\":\"Accueil\",\"item\":\"https:\\\/\\\/www.awtr69.asso.fr\",\"nextItem\":{\"@type\":\"ListItem\",\"@id\":\"https:\\\/\\\/www.awtr69.asso.fr\\\/?cat=1#listItem\",\"name\":\"Non class\\u00e9\"}},{\"@type\":\"ListItem\",\"@id\":\"https:\\\/\\\/www.awtr69.asso.fr\\\/?cat=1#listItem\",\"position\":2,\"name\":\"Non class\\u00e9\",\"item\":\"https:\\\/\\\/www.awtr69.asso.fr\\\/?cat=1\",\"nextItem\":{\"@type\":\"ListItem\",\"@id\":\"https:\\\/\\\/www.awtr69.asso.fr\\\/?p=1238#listItem\",\"name\":\"Forum des associations Lyon 7 &#8211; Dimanche 8 septembre 2019\"},\"previousItem\":{\"@type\":\"ListItem\",\"@id\":\"https:\\\/\\\/www.awtr69.asso.fr#listItem\",\"name\":\"Accueil\"}},{\"@type\":\"ListItem\",\"@id\":\"https:\\\/\\\/www.awtr69.asso.fr\\\/?p=1238#listItem\",\"position\":3,\"name\":\"Forum des associations Lyon 7 &#8211; Dimanche 8 septembre 2019\",\"previousItem\":{\"@type\":\"ListItem\",\"@id\":\"https:\\\/\\\/www.awtr69.asso.fr\\\/?cat=1#listItem\",\"name\":\"Non class\\u00e9\"}}]},{\"@type\":\"Organization\",\"@id\":\"https:\\\/\\\/www.awtr69.asso.fr\\\/#organization\",\"name\":\"Association du Wing Tsun du Rh\\u00f4ne\",\"description\":\"Wing Chun Kung Fu \\u00e0 Lyon\",\"url\":\"https:\\\/\\\/www.awtr69.asso.fr\\\/\",\"logo\":{\"@type\":\"ImageObject\",\"url\":\"https:\\\/\\\/www.awtr69.asso.fr\\\/wp-content\\\/uploads\\\/2013\\\/02\\\/Header_bleu3-copie.jpg\",\"@id\":\"https:\\\/\\\/www.awtr69.asso.fr\\\/?p=1238\\\/#organizationLogo\",\"width\":840,\"height\":115},\"image\":{\"@id\":\"https:\\\/\\\/www.awtr69.asso.fr\\\/?p=1238\\\/#organizationLogo\"},\"sameAs\":[\"https:\\\/\\\/www.facebook.com\\\/profile.php?id=100083353388314\"]},{\"@type\":\"Person\",\"@id\":\"https:\\\/\\\/www.awtr69.asso.fr\\\/?author=2#author\",\"url\":\"https:\\\/\\\/www.awtr69.asso.fr\\\/?author=2\",\"name\":\"gauthier\",\"image\":{\"@type\":\"ImageObject\",\"@id\":\"https:\\\/\\\/www.awtr69.asso.fr\\\/?p=1238#authorImage\",\"url\":\"https:\\\/\\\/secure.gravatar.com\\\/avatar\\\/8c8f80f45a21bad7ef4aaf91c3fabe7b2f37187184bd17501dc160853ef43f01?s=96&d=mm&r=g\",\"width\":96,\"height\":96,\"caption\":\"gauthier\"}},{\"@type\":\"WebPage\",\"@id\":\"https:\\\/\\\/www.awtr69.asso.fr\\\/?p=1238#webpage\",\"url\":\"https:\\\/\\\/www.awtr69.asso.fr\\\/?p=1238\",\"name\":\"Forum des associations Lyon 7 \\u2013 Dimanche 8 septembre 2019 | Association Wing Tsun du Rh\\u00f4ne\",\"description\":\"Bonjour, Nous serons pr\\u00e9sents au forum des associations place Jean Mac\\u00e9 \\u00e0 Lyon 7 le dimanche 8 septembre 2019. N'h\\u00e9sitez pas \\u00e0 venir nous rencontrer pour d\\u00e9couvrir le wing tsun\\\/wing chun Kung fu et notre association !\",\"inLanguage\":\"fr-FR\",\"isPartOf\":{\"@id\":\"https:\\\/\\\/www.awtr69.asso.fr\\\/#website\"},\"breadcrumb\":{\"@id\":\"https:\\\/\\\/www.awtr69.asso.fr\\\/?p=1238#breadcrumblist\"},\"author\":{\"@id\":\"https:\\\/\\\/www.awtr69.asso.fr\\\/?author=2#author\"},\"creator\":{\"@id\":\"https:\\\/\\\/www.awtr69.asso.fr\\\/?author=2#author\"},\"image\":{\"@type\":\"ImageObject\",\"url\":\"https:\\\/\\\/www.awtr69.asso.fr\\\/wp-content\\\/uploads\\\/2019\\\/08\\\/forum-associations-2019-p.jpg\",\"@id\":\"https:\\\/\\\/www.awtr69.asso.fr\\\/?p=1238\\\/#mainImage\",\"width\":700,\"height\":394},\"primaryImageOfPage\":{\"@id\":\"https:\\\/\\\/www.awtr69.asso.fr\\\/?p=1238#mainImage\"},\"datePublished\":\"2019-08-20T09:07:18+02:00\",\"dateModified\":\"2019-08-20T09:07:18+02:00\"},{\"@type\":\"WebSite\",\"@id\":\"https:\\\/\\\/www.awtr69.asso.fr\\\/#website\",\"url\":\"https:\\\/\\\/www.awtr69.asso.fr\\\/\",\"name\":\"Association Wing Tsun du Rh\\u00f4ne\",\"description\":\"Wing Chun Kung Fu \\u00e0 Lyon\",\"inLanguage\":\"fr-FR\",\"publisher\":{\"@id\":\"https:\\\/\\\/www.awtr69.asso.fr\\\/#organization\"}}]}\n\t\t<\/script>\n\t\t<!-- All in One SEO -->\n\n","aioseo_head_json":{"title":"Forum des associations Lyon 7 \u2013 Dimanche 8 septembre 2019 | Association Wing Tsun du Rh\u00f4ne","description":"Bonjour, Nous serons pr\u00e9sents au forum des associations place Jean Mac\u00e9 \u00e0 Lyon 7 le dimanche 8 septembre 2019. N'h\u00e9sitez pas \u00e0 venir nous rencontrer pour d\u00e9couvrir le wing tsun\/wing chun Kung fu et notre association !","canonical_url":"https:\/\/www.awtr69.asso.fr\/?p=1238","robots":"max-image-preview:large","keywords":"2019,forum des associations,kung fun,lyon,wing chun,wing tsun,non class\u00e9","webmasterTools":{"miscellaneous":""},"schema":{"@context":"https:\/\/schema.org","@graph":[{"@type":"Article","@id":"https:\/\/www.awtr69.asso.fr\/?p=1238#article","name":"Forum des associations Lyon 7 \u2013 Dimanche 8 septembre 2019 | Association Wing Tsun du Rh\u00f4ne","headline":"Forum des associations Lyon 7 &#8211; Dimanche 8 septembre 2019","author":{"@id":"https:\/\/www.awtr69.asso.fr\/?author=2#author"},"publisher":{"@id":"https:\/\/www.awtr69.asso.fr\/#organization"},"image":{"@type":"ImageObject","url":"https:\/\/www.awtr69.asso.fr\/wp-content\/uploads\/2019\/08\/forum-associations-2019-p.jpg","width":700,"height":394},"datePublished":"2019-08-20T09:07:18+02:00","dateModified":"2019-08-20T09:07:18+02:00","inLanguage":"fr-FR","mainEntityOfPage":{"@id":"https:\/\/www.awtr69.asso.fr\/?p=1238#webpage"},"isPartOf":{"@id":"https:\/\/www.awtr69.asso.fr\/?p=1238#webpage"},"articleSection":"Non class\u00e9, 2019, forum des associations, kung fun, lyon, wing chun, wing tsun"},{"@type":"BreadcrumbList","@id":"https:\/\/www.awtr69.asso.fr\/?p=1238#breadcrumblist","itemListElement":[{"@type":"ListItem","@id":"https:\/\/www.awtr69.asso.fr#listItem","position":1,"name":"Accueil","item":"https:\/\/www.awtr69.asso.fr","nextItem":{"@type":"ListItem","@id":"https:\/\/www.awtr69.asso.fr\/?cat=1#listItem","name":"Non class\u00e9"}},{"@type":"ListItem","@id":"https:\/\/www.awtr69.asso.fr\/?cat=1#listItem","position":2,"name":"Non class\u00e9","item":"https:\/\/www.awtr69.asso.fr\/?cat=1","nextItem":{"@type":"ListItem","@id":"https:\/\/www.awtr69.asso.fr\/?p=1238#listItem","name":"Forum des associations Lyon 7 &#8211; Dimanche 8 septembre 2019"},"previousItem":{"@type":"ListItem","@id":"https:\/\/www.awtr69.asso.fr#listItem","name":"Accueil"}},{"@type":"ListItem","@id":"https:\/\/www.awtr69.asso.fr\/?p=1238#listItem","position":3,"name":"Forum des associations Lyon 7 &#8211; Dimanche 8 septembre 2019","previousItem":{"@type":"ListItem","@id":"https:\/\/www.awtr69.asso.fr\/?cat=1#listItem","name":"Non class\u00e9"}}]},{"@type":"Organization","@id":"https:\/\/www.awtr69.asso.fr\/#organization","name":"Association du Wing Tsun du Rh\u00f4ne","description":"Wing Chun Kung Fu \u00e0 Lyon","url":"https:\/\/www.awtr69.asso.fr\/","logo":{"@type":"ImageObject","url":"https:\/\/www.awtr69.asso.fr\/wp-content\/uploads\/2013\/02\/Header_bleu3-copie.jpg","@id":"https:\/\/www.awtr69.asso.fr\/?p=1238\/#organizationLogo","width":840,"height":115},"image":{"@id":"https:\/\/www.awtr69.asso.fr\/?p=1238\/#organizationLogo"},"sameAs":["https:\/\/www.facebook.com\/profile.php?id=100083353388314"]},{"@type":"Person","@id":"https:\/\/www.awtr69.asso.fr\/?author=2#author","url":"https:\/\/www.awtr69.asso.fr\/?author=2","name":"gauthier","image":{"@type":"ImageObject","@id":"https:\/\/www.awtr69.asso.fr\/?p=1238#authorImage","url":"https:\/\/secure.gravatar.com\/avatar\/8c8f80f45a21bad7ef4aaf91c3fabe7b2f37187184bd17501dc160853ef43f01?s=96&d=mm&r=g","width":96,"height":96,"caption":"gauthier"}},{"@type":"WebPage","@id":"https:\/\/www.awtr69.asso.fr\/?p=1238#webpage","url":"https:\/\/www.awtr69.asso.fr\/?p=1238","name":"Forum des associations Lyon 7 \u2013 Dimanche 8 septembre 2019 | Association Wing Tsun du Rh\u00f4ne","description":"Bonjour, Nous serons pr\u00e9sents au forum des associations place Jean Mac\u00e9 \u00e0 Lyon 7 le dimanche 8 septembre 2019. N'h\u00e9sitez pas \u00e0 venir nous rencontrer pour d\u00e9couvrir le wing tsun\/wing chun Kung fu et notre association !","inLanguage":"fr-FR","isPartOf":{"@id":"https:\/\/www.awtr69.asso.fr\/#website"},"breadcrumb":{"@id":"https:\/\/www.awtr69.asso.fr\/?p=1238#breadcrumblist"},"author":{"@id":"https:\/\/www.awtr69.asso.fr\/?author=2#author"},"creator":{"@id":"https:\/\/www.awtr69.asso.fr\/?author=2#author"},"image":{"@type":"ImageObject","url":"https:\/\/www.awtr69.asso.fr\/wp-content\/uploads\/2019\/08\/forum-associations-2019-p.jpg","@id":"https:\/\/www.awtr69.asso.fr\/?p=1238\/#mainImage","width":700,"height":394},"primaryImageOfPage":{"@id":"https:\/\/www.awtr69.asso.fr\/?p=1238#mainImage"},"datePublished":"2019-08-20T09:07:18+02:00","dateModified":"2019-08-20T09:07:18+02:00"},{"@type":"WebSite","@id":"https:\/\/www.awtr69.asso.fr\/#website","url":"https:\/\/www.awtr69.asso.fr\/","name":"Association Wing Tsun du Rh\u00f4ne","description":"Wing Chun Kung Fu \u00e0 Lyon","inLanguage":"fr-FR","publisher":{"@id":"https:\/\/www.awtr69.asso.fr\/#organization"}}]},"og:locale":"fr_FR","og:site_name":"Association Wing Tsun du Rh\u00f4ne | Wing Chun Kung Fu \u00e0 Lyon","og:type":"article","og:title":"Forum des associations Lyon 7 \u2013 Dimanche 8 septembre 2019 | Association Wing Tsun du Rh\u00f4ne","og:description":"Bonjour, Nous serons pr\u00e9sents au forum des associations place Jean Mac\u00e9 \u00e0 Lyon 7 le dimanche 8 septembre 2019. N'h\u00e9sitez pas \u00e0 venir nous rencontrer pour d\u00e9couvrir le wing tsun\/wing chun Kung fu et notre association !","og:url":"https:\/\/www.awtr69.asso.fr\/?p=1238","article:published_time":"2019-08-20T07:07:18+00:00","article:modified_time":"2019-08-20T07:07:18+00:00","article:publisher":"https:\/\/www.facebook.com\/profile.php?id=100083353388314","twitter:card":"summary","twitter:title":"Forum des associations Lyon 7 \u2013 Dimanche 8 septembre 2019 | Association Wing Tsun du Rh\u00f4ne","twitter:description":"Bonjour, Nous serons pr\u00e9sents au forum des associations place Jean Mac\u00e9 \u00e0 Lyon 7 le dimanche 8 septembre 2019. N'h\u00e9sitez pas \u00e0 venir nous rencontrer pour d\u00e9couvrir le wing tsun\/wing chun Kung fu et notre association !"},"aioseo_meta_data":{"post_id":"1238","title":null,"description":null,"keywords":null,"keyphrases":null,"primary_term":null,"canonical_url":null,"og_title":null,"og_description":null,"og_object_type":"default","og_image_type":"default","og_image_url":null,"og_image_width":null,"og_image_height":null,"og_image_custom_url":null,"og_image_custom_fields":null,"og_video":null,"og_custom_url":null,"og_article_section":null,"og_article_tags":null,"twitter_use_og":false,"twitter_card":"default","twitter_image_type":"default","twitter_image_url":null,"twitter_image_custom_url":null,"twitter_image_custom_fields":null,"twitter_title":null,"twitter_description":null,"schema":{"blockGraphs":[],"customGraphs":[],"default":{"data":{"Article":[],"Course":[],"Dataset":[],"FAQPage":[],"Movie":[],"Person":[],"Product":[],"ProductReview":[],"Car":[],"Recipe":[],"Service":[],"SoftwareApplication":[],"WebPage":[]},"graphName":"Article","isEnabled":true},"graphs":[]},"schema_type":null,"schema_type_options":null,"pillar_content":false,"robots_default":true,"robots_noindex":false,"robots_noarchive":false,"robots_nosnippet":false,"robots_nofollow":false,"robots_noimageindex":false,"robots_noodp":false,"robots_notranslate":false,"robots_max_snippet":null,"robots_max_videopreview":null,"robots_max_imagepreview":"large","priority":null,"frequency":null,"local_seo":null,"breadcrumb_settings":null,"limit_modified_date":false,"ai":null,"created":"2021-03-29 12:25:27","updated":"2025-07-14 22:21:26","seo_analyzer_scan_date":null,"focus_keyword":null,"additional_keywords":null,"truseo_locale":null},"aioseo_breadcrumb":"<div class=\"aioseo-breadcrumbs\"><span class=\"aioseo-breadcrumb\">\n\t\t\t<a href=\"https:\/\/www.awtr69.asso.fr\" title=\"Accueil\">Accueil<\/a>\n\t\t<\/span><span class=\"aioseo-breadcrumb-separator\">&raquo;<\/span><span class=\"aioseo-breadcrumb\">\n\t\t\t<a href=\"https:\/\/www.awtr69.asso.fr\/?cat=1\" title=\"Non class\u00e9\">Non class\u00e9<\/a>\n\t\t<\/span><span class=\"aioseo-breadcrumb-separator\">&raquo;<\/span><span class=\"aioseo-breadcrumb\">\n\t\t\tForum des associations Lyon 7 \u2013 Dimanche 8 septembre 2019\n\t\t<\/span><\/div>","aioseo_breadcrumb_json":[{"label":"Accueil","link":"https:\/\/www.awtr69.asso.fr"},{"label":"Non class\u00e9","link":"https:\/\/www.awtr69.asso.fr\/?cat=1"},{"label":"Forum des associations Lyon 7 &#8211; Dimanche 8 septembre 2019","link":"https:\/\/www.awtr69.asso.fr\/?p=1238"}],"_links":{"self":[{"href":"https:\/\/www.awtr69.asso.fr\/index.php?rest_route=\/wp\/v2\/posts\/1238","targetHints":{"allow":["GET"]}}],"collection":[{"href":"https:\/\/www.awtr69.asso.fr\/index.php?rest_route=\/wp\/v2\/posts"}],"about":[{"href":"https:\/\/www.awtr69.asso.fr\/index.php?rest_route=\/wp\/v2\/types\/post"}],"author":[{"embeddable":true,"href":"https:\/\/www.awtr69.asso.fr\/index.php?rest_route=\/wp\/v2\/users\/2"}],"replies":[{"embeddable":true,"href":"https:\/\/www.awtr69.asso.fr\/index.php?rest_route=%2Fwp%2Fv2%2Fcomments&post=1238"}],"version-history":[{"count":1,"href":"https:\/\/www.awtr69.asso.fr\/index.php?rest_route=\/wp\/v2\/posts\/1238\/revisions"}],"predecessor-version":[{"id":1240,"href":"https:\/\/www.awtr69.asso.fr\/index.php?rest_route=\/wp\/v2\/posts\/1238\/revisions\/1240"}],"wp:featuredmedia":[{"embeddable":true,"href":"https:\/\/www.awtr69.asso.fr\/index.php?rest_route=\/wp\/v2\/media\/1239"}],"wp:attachment":[{"href":"https:\/\/www.awtr69.asso.fr\/index.php?rest_route=%2Fwp%2Fv2%2Fmedia&parent=1238"}],"wp:term":[{"taxonomy":"category","embeddable":true,"href":"https:\/\/www.awtr69.asso.fr\/index.php?rest_route=%2Fwp%2Fv2%2Fcategories&post=1238"},{"taxonomy":"post_tag","embeddable":true,"href":"https:\/\/www.awtr69.asso.fr\/index.php?rest_route=%2Fwp%2Fv2%2Ftags&post=1238"}],"curies":[{"name":"wp","href":"https:\/\/api.w.org\/{rel}","templated":true}]}}