{"id":1309,"date":"2020-08-04T15:21:07","date_gmt":"2020-08-04T13:21:07","guid":{"rendered":"http:\/\/www.awtr69.asso.fr\/?p=1309"},"modified":"2021-08-03T21:37:23","modified_gmt":"2021-08-03T19:37:23","slug":"saison-2020-2021-wing-chun-kung-fu-reprise-des-cours-le-7-septembre-2020-lyon","status":"publish","type":"post","link":"https:\/\/www.awtr69.asso.fr\/?p=1309","title":{"rendered":"Saison 2020-2021 Wing Chun Kung Fu: reprise des cours le 7 septembre 2020 \u2013 Lyon."},"content":{"rendered":"\n<blockquote class=\"wp-block-quote is-style-large is-layout-flow wp-block-quote-is-layout-flow\"><p>Et de quatorze !<\/p><cite><strong>D\u00e9j\u00e0 14 ans que nous donnons des cours de Wing Tsun Kung Fu \u00e0 lyon!<\/strong><br><\/cite><\/blockquote>\n\n\n<p><!--StartFragment--><\/p>\n\n\n<h4 class=\"wp-block-heading\" id=\"mce_0\">Cette ann\u00e9e si la situation sanitaire le permet,  notre premier cours de Wing Chun\/Wing Tsun Kung fu de la saison 2020-2021  aura lieu le:<\/h4>\n\n\n\n<p class=\"wp-block-paragraph\"><\/p>\n\n\n\n<p class=\"wp-block-paragraph\"><\/p>\n\n\n\n<p class=\"has-text-align-center has-large-font-size wp-block-paragraph\"><strong> <\/strong>lundi 7 septembre 2020 \u00e0 20h <\/p>\n\n\n\n<p class=\"wp-block-paragraph\"><\/p>\n\n\n\n<p class=\"wp-block-paragraph\"><\/p>\n\n\n\n<p class=\"wp-block-paragraph\"><\/p>\n\n\n\n<p class=\"wp-block-paragraph\"><\/p>\n\n\n\n<p class=\"wp-block-paragraph\">dans notre salle <strong>Maison de la Guilloti\u00e8re, 25 rue Bechevelin dans le 7eme arrondissement de Lyon :<\/strong> <\/p>\n\n\n\n<p class=\"wp-block-paragraph\"><\/p>\n\n\n\n<figure><iframe loading=\"lazy\" src=\"https:\/\/www.google.com\/maps\/embed?pb=!1m18!1m12!1m3!1d2783.9043849769264!2d4.8404118155671725!3d45.75306277910541!2m3!1f0!2f0!3f0!3m2!1i1024!2i768!4f13.1!3m3!1m2!1s0x47f4ea44bf1d886b%3A0x8572c77cb86285c3!2s25+Rue+Bechevelin%2C+69007+Lyon!5e0!3m2!1sfr!2sfr!4v1563438368987!5m2!1sfr!2sfr\" allowfullscreen=\"\" width=\"600\" height=\"450\"><\/iframe><\/figure>\n\n\n\n<p class=\"wp-block-paragraph\"><\/p>\n\n\n\n<p class=\"has-text-align-center wp-block-paragraph\" style=\"font-size:24px\">Au regard des consignes sanitaires, le port du masque sera obligatoire pendant les cours et les respect des gestes barri\u00e8res hors des moments de pratique.<br><\/p>\n\n\n\n<p class=\"wp-block-paragraph\"><\/p>\n\n\n\n<p class=\"wp-block-paragraph\"><a href=\"https:\/\/www.awtr69.asso.fr\/?p=1305\">Des initiations gratuites<\/a> seront propos\u00e9es tout au long du mois de  septembre pour permettre la d\u00e9couverte du Wing Chun \/ Wing Tsun Kung Fu.<\/p>\n\n\n\n<p class=\"wp-block-paragraph\">N\u2019h\u00e9sitez pas \u00e0 nous contacter par mail pour vous inscrire \u00e0 une s\u00e9ance de d\u00e9couverte : awtr69@gmail.com<\/p>\n\n\n\n<p class=\"wp-block-paragraph\">Bonnes fin de vacances et \u00e0 tr\u00e8s bient\u00f4t !<\/p>\n\n\n<p><!--EndFragment--><\/p>","protected":false},"excerpt":{"rendered":"<p>Et de quatorze ! D\u00e9j\u00e0 14 ans que nous donnons des cours de Wing Tsun Kung Fu \u00e0 lyon! Cette ann\u00e9e si la situation sanitaire le permet, notre premier cours de Wing Chun\/Wing Tsun Kung fu de la saison 2020-2021 aura lieu le: lundi 7 septembre 2020 \u00e0 20h dans &#8230;<\/p>\n","protected":false},"author":2,"featured_media":1221,"comment_status":"open","ping_status":"open","sticky":false,"template":"","format":"standard","meta":{"om_disable_all_campaigns":false,"_monsterinsights_skip_tracking":false,"ngg_post_thumbnail":0,"footnotes":""},"categories":[1],"tags":[],"class_list":["post-1309","post","type-post","status-publish","format-standard","has-post-thumbnail","hentry","category-non-classe","column","threecol","has-thumbnail"],"aioseo_notices":[],"aioseo_head":"\n\t\t<!-- All in One SEO 5.0.0.1 - aioseo.com -->\n\t<meta name=\"description\" content=\"Et de quatorze !D\u00e9j\u00e0 14 ans que nous donnons des cours de Wing Tsun Kung Fu \u00e0 lyon! Cette ann\u00e9e si la situation sanitaire le permet, notre premier cours de Wing Chun\/Wing Tsun Kung fu de la saison 2020-2021 aura lieu le: lundi 7 septembre 2020 \u00e0 20h dans notre salle Maison de la Guilloti\u00e8re,\" \/>\n\t<meta name=\"robots\" content=\"max-image-preview:large\" \/>\n\t<meta name=\"author\" content=\"gauthier\"\/>\n\t<meta name=\"keywords\" content=\"wing chun,wing tsun,kung fu,lyon,initiations gratuites,non class\u00e9\" \/>\n\t<link rel=\"canonical\" href=\"https:\/\/www.awtr69.asso.fr\/?p=1309\" \/>\n\t<meta name=\"generator\" content=\"All in One SEO (AIOSEO) 5.0.0.1\" \/>\n\t\t<meta property=\"og:locale\" content=\"fr_FR\" \/>\n\t\t<meta property=\"og:site_name\" content=\"Association Wing Tsun du Rh\u00f4ne | Wing Chun Kung Fu \u00e0 Lyon\" \/>\n\t\t<meta property=\"og:type\" content=\"article\" \/>\n\t\t<meta property=\"og:title\" content=\"wing chun kung fu lyon 2020 | Association Wing Tsun du Rh\u00f4ne\" \/>\n\t\t<meta property=\"og:description\" content=\"Et de quatorze !D\u00e9j\u00e0 14 ans que nous donnons des cours de Wing Tsun Kung Fu \u00e0 lyon! Cette ann\u00e9e si la situation sanitaire le permet, notre premier cours de Wing Chun\/Wing Tsun Kung fu de la saison 2020-2021 aura lieu le: lundi 7 septembre 2020 \u00e0 20h dans notre salle Maison de la Guilloti\u00e8re,\" \/>\n\t\t<meta property=\"og:url\" content=\"https:\/\/www.awtr69.asso.fr\/?p=1309\" \/>\n\t\t<meta property=\"article:published_time\" content=\"2020-08-04T13:21:07+00:00\" \/>\n\t\t<meta property=\"article:modified_time\" content=\"2021-08-03T19:37:23+00:00\" \/>\n\t\t<meta property=\"article:publisher\" content=\"https:\/\/www.facebook.com\/profile.php?id=100083353388314\" \/>\n\t\t<meta name=\"twitter:card\" content=\"summary\" \/>\n\t\t<meta name=\"twitter:title\" content=\"wing chun kung fu lyon 2020 | Association Wing Tsun du Rh\u00f4ne\" \/>\n\t\t<meta name=\"twitter:description\" content=\"Et de quatorze !D\u00e9j\u00e0 14 ans que nous donnons des cours de Wing Tsun Kung Fu \u00e0 lyon! Cette ann\u00e9e si la situation sanitaire le permet, notre premier cours de Wing Chun\/Wing Tsun Kung fu de la saison 2020-2021 aura lieu le: lundi 7 septembre 2020 \u00e0 20h dans notre salle Maison de la Guilloti\u00e8re,\" \/>\n\t\t<script type=\"application\/ld+json\" class=\"aioseo-schema\">\n\t\t\t{\"@context\":\"https:\\\/\\\/schema.org\",\"@graph\":[{\"@type\":\"Article\",\"@id\":\"https:\\\/\\\/www.awtr69.asso.fr\\\/?p=1309#article\",\"name\":\"wing chun kung fu lyon 2020 | Association Wing Tsun du Rh\\u00f4ne\",\"headline\":\"Saison 2020-2021 Wing Chun Kung Fu: reprise des cours le 7 septembre 2020 \\u2013 Lyon.\",\"author\":{\"@id\":\"https:\\\/\\\/www.awtr69.asso.fr\\\/?author=2#author\"},\"publisher\":{\"@id\":\"https:\\\/\\\/www.awtr69.asso.fr\\\/#organization\"},\"image\":{\"@type\":\"ImageObject\",\"url\":\"https:\\\/\\\/www.awtr69.asso.fr\\\/wp-content\\\/uploads\\\/2019\\\/07\\\/image6.jpeg\",\"width\":1140,\"height\":396,\"caption\":\"Wing Tsun Wing Chun Kung Fu Lyon 2021\"},\"datePublished\":\"2020-08-04T15:21:07+02:00\",\"dateModified\":\"2021-08-03T21:37:23+02:00\",\"inLanguage\":\"fr-FR\",\"mainEntityOfPage\":{\"@id\":\"https:\\\/\\\/www.awtr69.asso.fr\\\/?p=1309#webpage\"},\"isPartOf\":{\"@id\":\"https:\\\/\\\/www.awtr69.asso.fr\\\/?p=1309#webpage\"},\"articleSection\":\"Non class\\u00e9\"},{\"@type\":\"BreadcrumbList\",\"@id\":\"https:\\\/\\\/www.awtr69.asso.fr\\\/?p=1309#breadcrumblist\",\"itemListElement\":[{\"@type\":\"ListItem\",\"@id\":\"https:\\\/\\\/www.awtr69.asso.fr#listItem\",\"position\":1,\"name\":\"Accueil\",\"item\":\"https:\\\/\\\/www.awtr69.asso.fr\",\"nextItem\":{\"@type\":\"ListItem\",\"@id\":\"https:\\\/\\\/www.awtr69.asso.fr\\\/?cat=1#listItem\",\"name\":\"Non class\\u00e9\"}},{\"@type\":\"ListItem\",\"@id\":\"https:\\\/\\\/www.awtr69.asso.fr\\\/?cat=1#listItem\",\"position\":2,\"name\":\"Non class\\u00e9\",\"item\":\"https:\\\/\\\/www.awtr69.asso.fr\\\/?cat=1\",\"nextItem\":{\"@type\":\"ListItem\",\"@id\":\"https:\\\/\\\/www.awtr69.asso.fr\\\/?p=1309#listItem\",\"name\":\"Saison 2020-2021 Wing Chun Kung Fu: reprise des cours le 7 septembre 2020 \\u2013 Lyon.\"},\"previousItem\":{\"@type\":\"ListItem\",\"@id\":\"https:\\\/\\\/www.awtr69.asso.fr#listItem\",\"name\":\"Accueil\"}},{\"@type\":\"ListItem\",\"@id\":\"https:\\\/\\\/www.awtr69.asso.fr\\\/?p=1309#listItem\",\"position\":3,\"name\":\"Saison 2020-2021 Wing Chun Kung Fu: reprise des cours le 7 septembre 2020 \\u2013 Lyon.\",\"previousItem\":{\"@type\":\"ListItem\",\"@id\":\"https:\\\/\\\/www.awtr69.asso.fr\\\/?cat=1#listItem\",\"name\":\"Non class\\u00e9\"}}]},{\"@type\":\"Organization\",\"@id\":\"https:\\\/\\\/www.awtr69.asso.fr\\\/#organization\",\"name\":\"Association du Wing Tsun du Rh\\u00f4ne\",\"description\":\"Wing Chun Kung Fu \\u00e0 Lyon\",\"url\":\"https:\\\/\\\/www.awtr69.asso.fr\\\/\",\"logo\":{\"@type\":\"ImageObject\",\"url\":\"https:\\\/\\\/www.awtr69.asso.fr\\\/wp-content\\\/uploads\\\/2013\\\/02\\\/Header_bleu3-copie.jpg\",\"@id\":\"https:\\\/\\\/www.awtr69.asso.fr\\\/?p=1309\\\/#organizationLogo\",\"width\":840,\"height\":115},\"image\":{\"@id\":\"https:\\\/\\\/www.awtr69.asso.fr\\\/?p=1309\\\/#organizationLogo\"},\"sameAs\":[\"https:\\\/\\\/www.facebook.com\\\/profile.php?id=100083353388314\"]},{\"@type\":\"Person\",\"@id\":\"https:\\\/\\\/www.awtr69.asso.fr\\\/?author=2#author\",\"url\":\"https:\\\/\\\/www.awtr69.asso.fr\\\/?author=2\",\"name\":\"gauthier\",\"image\":{\"@type\":\"ImageObject\",\"@id\":\"https:\\\/\\\/www.awtr69.asso.fr\\\/?p=1309#authorImage\",\"url\":\"https:\\\/\\\/secure.gravatar.com\\\/avatar\\\/8c8f80f45a21bad7ef4aaf91c3fabe7b2f37187184bd17501dc160853ef43f01?s=96&d=mm&r=g\",\"width\":96,\"height\":96,\"caption\":\"gauthier\"}},{\"@type\":\"WebPage\",\"@id\":\"https:\\\/\\\/www.awtr69.asso.fr\\\/?p=1309#webpage\",\"url\":\"https:\\\/\\\/www.awtr69.asso.fr\\\/?p=1309\",\"name\":\"wing chun kung fu lyon 2020 | Association Wing Tsun du Rh\\u00f4ne\",\"description\":\"Et de quatorze !D\\u00e9j\\u00e0 14 ans que nous donnons des cours de Wing Tsun Kung Fu \\u00e0 lyon! Cette ann\\u00e9e si la situation sanitaire le permet, notre premier cours de Wing Chun\\\/Wing Tsun Kung fu de la saison 2020-2021 aura lieu le: lundi 7 septembre 2020 \\u00e0 20h dans notre salle Maison de la Guilloti\\u00e8re,\",\"inLanguage\":\"fr-FR\",\"isPartOf\":{\"@id\":\"https:\\\/\\\/www.awtr69.asso.fr\\\/#website\"},\"breadcrumb\":{\"@id\":\"https:\\\/\\\/www.awtr69.asso.fr\\\/?p=1309#breadcrumblist\"},\"author\":{\"@id\":\"https:\\\/\\\/www.awtr69.asso.fr\\\/?author=2#author\"},\"creator\":{\"@id\":\"https:\\\/\\\/www.awtr69.asso.fr\\\/?author=2#author\"},\"image\":{\"@type\":\"ImageObject\",\"url\":\"https:\\\/\\\/www.awtr69.asso.fr\\\/wp-content\\\/uploads\\\/2019\\\/07\\\/image6.jpeg\",\"@id\":\"https:\\\/\\\/www.awtr69.asso.fr\\\/?p=1309\\\/#mainImage\",\"width\":1140,\"height\":396,\"caption\":\"Wing Tsun Wing Chun Kung Fu Lyon 2021\"},\"primaryImageOfPage\":{\"@id\":\"https:\\\/\\\/www.awtr69.asso.fr\\\/?p=1309#mainImage\"},\"datePublished\":\"2020-08-04T15:21:07+02:00\",\"dateModified\":\"2021-08-03T21:37:23+02:00\"},{\"@type\":\"WebSite\",\"@id\":\"https:\\\/\\\/www.awtr69.asso.fr\\\/#website\",\"url\":\"https:\\\/\\\/www.awtr69.asso.fr\\\/\",\"name\":\"Association Wing Tsun du Rh\\u00f4ne\",\"description\":\"Wing Chun Kung Fu \\u00e0 Lyon\",\"inLanguage\":\"fr-FR\",\"publisher\":{\"@id\":\"https:\\\/\\\/www.awtr69.asso.fr\\\/#organization\"}}]}\n\t\t<\/script>\n\t\t<!-- All in One SEO -->\n\n","aioseo_head_json":{"title":"wing chun kung fu lyon 2020 | Association Wing Tsun du Rh\u00f4ne","description":"Et de quatorze !D\u00e9j\u00e0 14 ans que nous donnons des cours de Wing Tsun Kung Fu \u00e0 lyon! Cette ann\u00e9e si la situation sanitaire le permet, notre premier cours de Wing Chun\/Wing Tsun Kung fu de la saison 2020-2021 aura lieu le: lundi 7 septembre 2020 \u00e0 20h dans notre salle Maison de la Guilloti\u00e8re,","canonical_url":"https:\/\/www.awtr69.asso.fr\/?p=1309","robots":"max-image-preview:large","keywords":"wing chun,wing tsun,kung fu,lyon,initiations gratuites,non class\u00e9","webmasterTools":{"miscellaneous":""},"schema":{"@context":"https:\/\/schema.org","@graph":[{"@type":"Article","@id":"https:\/\/www.awtr69.asso.fr\/?p=1309#article","name":"wing chun kung fu lyon 2020 | Association Wing Tsun du Rh\u00f4ne","headline":"Saison 2020-2021 Wing Chun Kung Fu: reprise des cours le 7 septembre 2020 \u2013 Lyon.","author":{"@id":"https:\/\/www.awtr69.asso.fr\/?author=2#author"},"publisher":{"@id":"https:\/\/www.awtr69.asso.fr\/#organization"},"image":{"@type":"ImageObject","url":"https:\/\/www.awtr69.asso.fr\/wp-content\/uploads\/2019\/07\/image6.jpeg","width":1140,"height":396,"caption":"Wing Tsun Wing Chun Kung Fu Lyon 2021"},"datePublished":"2020-08-04T15:21:07+02:00","dateModified":"2021-08-03T21:37:23+02:00","inLanguage":"fr-FR","mainEntityOfPage":{"@id":"https:\/\/www.awtr69.asso.fr\/?p=1309#webpage"},"isPartOf":{"@id":"https:\/\/www.awtr69.asso.fr\/?p=1309#webpage"},"articleSection":"Non class\u00e9"},{"@type":"BreadcrumbList","@id":"https:\/\/www.awtr69.asso.fr\/?p=1309#breadcrumblist","itemListElement":[{"@type":"ListItem","@id":"https:\/\/www.awtr69.asso.fr#listItem","position":1,"name":"Accueil","item":"https:\/\/www.awtr69.asso.fr","nextItem":{"@type":"ListItem","@id":"https:\/\/www.awtr69.asso.fr\/?cat=1#listItem","name":"Non class\u00e9"}},{"@type":"ListItem","@id":"https:\/\/www.awtr69.asso.fr\/?cat=1#listItem","position":2,"name":"Non class\u00e9","item":"https:\/\/www.awtr69.asso.fr\/?cat=1","nextItem":{"@type":"ListItem","@id":"https:\/\/www.awtr69.asso.fr\/?p=1309#listItem","name":"Saison 2020-2021 Wing Chun Kung Fu: reprise des cours le 7 septembre 2020 \u2013 Lyon."},"previousItem":{"@type":"ListItem","@id":"https:\/\/www.awtr69.asso.fr#listItem","name":"Accueil"}},{"@type":"ListItem","@id":"https:\/\/www.awtr69.asso.fr\/?p=1309#listItem","position":3,"name":"Saison 2020-2021 Wing Chun Kung Fu: reprise des cours le 7 septembre 2020 \u2013 Lyon.","previousItem":{"@type":"ListItem","@id":"https:\/\/www.awtr69.asso.fr\/?cat=1#listItem","name":"Non class\u00e9"}}]},{"@type":"Organization","@id":"https:\/\/www.awtr69.asso.fr\/#organization","name":"Association du Wing Tsun du Rh\u00f4ne","description":"Wing Chun Kung Fu \u00e0 Lyon","url":"https:\/\/www.awtr69.asso.fr\/","logo":{"@type":"ImageObject","url":"https:\/\/www.awtr69.asso.fr\/wp-content\/uploads\/2013\/02\/Header_bleu3-copie.jpg","@id":"https:\/\/www.awtr69.asso.fr\/?p=1309\/#organizationLogo","width":840,"height":115},"image":{"@id":"https:\/\/www.awtr69.asso.fr\/?p=1309\/#organizationLogo"},"sameAs":["https:\/\/www.facebook.com\/profile.php?id=100083353388314"]},{"@type":"Person","@id":"https:\/\/www.awtr69.asso.fr\/?author=2#author","url":"https:\/\/www.awtr69.asso.fr\/?author=2","name":"gauthier","image":{"@type":"ImageObject","@id":"https:\/\/www.awtr69.asso.fr\/?p=1309#authorImage","url":"https:\/\/secure.gravatar.com\/avatar\/8c8f80f45a21bad7ef4aaf91c3fabe7b2f37187184bd17501dc160853ef43f01?s=96&d=mm&r=g","width":96,"height":96,"caption":"gauthier"}},{"@type":"WebPage","@id":"https:\/\/www.awtr69.asso.fr\/?p=1309#webpage","url":"https:\/\/www.awtr69.asso.fr\/?p=1309","name":"wing chun kung fu lyon 2020 | Association Wing Tsun du Rh\u00f4ne","description":"Et de quatorze !D\u00e9j\u00e0 14 ans que nous donnons des cours de Wing Tsun Kung Fu \u00e0 lyon! Cette ann\u00e9e si la situation sanitaire le permet, notre premier cours de Wing Chun\/Wing Tsun Kung fu de la saison 2020-2021 aura lieu le: lundi 7 septembre 2020 \u00e0 20h dans notre salle Maison de la Guilloti\u00e8re,","inLanguage":"fr-FR","isPartOf":{"@id":"https:\/\/www.awtr69.asso.fr\/#website"},"breadcrumb":{"@id":"https:\/\/www.awtr69.asso.fr\/?p=1309#breadcrumblist"},"author":{"@id":"https:\/\/www.awtr69.asso.fr\/?author=2#author"},"creator":{"@id":"https:\/\/www.awtr69.asso.fr\/?author=2#author"},"image":{"@type":"ImageObject","url":"https:\/\/www.awtr69.asso.fr\/wp-content\/uploads\/2019\/07\/image6.jpeg","@id":"https:\/\/www.awtr69.asso.fr\/?p=1309\/#mainImage","width":1140,"height":396,"caption":"Wing Tsun Wing Chun Kung Fu Lyon 2021"},"primaryImageOfPage":{"@id":"https:\/\/www.awtr69.asso.fr\/?p=1309#mainImage"},"datePublished":"2020-08-04T15:21:07+02:00","dateModified":"2021-08-03T21:37:23+02:00"},{"@type":"WebSite","@id":"https:\/\/www.awtr69.asso.fr\/#website","url":"https:\/\/www.awtr69.asso.fr\/","name":"Association Wing Tsun du Rh\u00f4ne","description":"Wing Chun Kung Fu \u00e0 Lyon","inLanguage":"fr-FR","publisher":{"@id":"https:\/\/www.awtr69.asso.fr\/#organization"}}]},"og:locale":"fr_FR","og:site_name":"Association Wing Tsun du Rh\u00f4ne | Wing Chun Kung Fu \u00e0 Lyon","og:type":"article","og:title":"wing chun kung fu lyon 2020 | Association Wing Tsun du Rh\u00f4ne","og:description":"Et de quatorze !D\u00e9j\u00e0 14 ans que nous donnons des cours de Wing Tsun Kung Fu \u00e0 lyon! Cette ann\u00e9e si la situation sanitaire le permet, notre premier cours de Wing Chun\/Wing Tsun Kung fu de la saison 2020-2021 aura lieu le: lundi 7 septembre 2020 \u00e0 20h dans notre salle Maison de la Guilloti\u00e8re,","og:url":"https:\/\/www.awtr69.asso.fr\/?p=1309","article:published_time":"2020-08-04T13:21:07+00:00","article:modified_time":"2021-08-03T19:37:23+00:00","article:publisher":"https:\/\/www.facebook.com\/profile.php?id=100083353388314","twitter:card":"summary","twitter:title":"wing chun kung fu lyon 2020 | Association Wing Tsun du Rh\u00f4ne","twitter:description":"Et de quatorze !D\u00e9j\u00e0 14 ans que nous donnons des cours de Wing Tsun Kung Fu \u00e0 lyon! Cette ann\u00e9e si la situation sanitaire le permet, notre premier cours de Wing Chun\/Wing Tsun Kung fu de la saison 2020-2021 aura lieu le: lundi 7 septembre 2020 \u00e0 20h dans notre salle Maison de la Guilloti\u00e8re,"},"aioseo_meta_data":{"post_id":"1309","title":"wing chun kung fu lyon 2020 | #site_title","description":null,"keywords":[{"label":"wing chun","value":"wing chun"},{"label":"wing tsun","value":"wing tsun"},{"label":"kung fu","value":"kung fu"},{"label":"lyon","value":"lyon"},{"label":"initiations gratuites","value":"initiations gratuites"}],"keyphrases":{"focus":[],"additional":[]},"primary_term":null,"canonical_url":null,"og_title":null,"og_description":null,"og_object_type":"default","og_image_type":"default","og_image_url":null,"og_image_width":null,"og_image_height":null,"og_image_custom_url":null,"og_image_custom_fields":null,"og_video":"","og_custom_url":null,"og_article_section":null,"og_article_tags":[],"twitter_use_og":false,"twitter_card":"default","twitter_image_type":"default","twitter_image_url":null,"twitter_image_custom_url":null,"twitter_image_custom_fields":null,"twitter_title":null,"twitter_description":null,"schema":{"blockGraphs":[],"customGraphs":[],"default":{"data":{"Article":{"id":"#aioseo-article-6427263fe6fe1","slug":"article","graphName":"Article","label":"Article","properties":{"type":"BlogPosting","name":"#post_title","headline":"#post_title","description":"#post_excerpt","image":"","keywords":"","author":{"name":"#author_name","url":"#author_url"},"dates":{"include":true,"datePublished":"","dateModified":""}}},"Course":[],"Dataset":[],"FAQPage":[],"Movie":[],"Person":[],"Product":[],"ProductReview":[],"Car":[],"Recipe":[],"Service":[],"SoftwareApplication":[],"WebPage":[]},"graphName":"Article","isEnabled":true},"graphs":[]},"schema_type":"default","schema_type_options":"{\"article\":{\"articleType\":\"BlogPosting\"},\"course\":{\"name\":\"\",\"description\":\"\",\"provider\":\"\"},\"faq\":{\"pages\":[]},\"product\":{\"reviews\":[]},\"recipe\":{\"ingredients\":[],\"instructions\":[],\"keywords\":[]},\"software\":{\"reviews\":[],\"operatingSystems\":[]},\"webPage\":{\"webPageType\":\"WebPage\"}}","pillar_content":false,"robots_default":true,"robots_noindex":false,"robots_noarchive":false,"robots_nosnippet":false,"robots_nofollow":false,"robots_noimageindex":false,"robots_noodp":false,"robots_notranslate":false,"robots_max_snippet":"-1","robots_max_videopreview":"-1","robots_max_imagepreview":"large","priority":null,"frequency":"default","local_seo":{"locations":{"business":{"name":"","businessType":"","image":"","areaServed":"","urls":{"website":"","aboutPage":"","contactPage":""},"address":{"streetLine1":"","streetLine2":"","zipCode":"","city":"","state":"","country":"","addressFormat":"#streetLineOne\n#streetLineTwo\n#city, #state #zipCode"},"contact":{"email":"","phone":"","phoneFormatted":"","fax":"","faxFormatted":""},"ids":{"vat":"","tax":"","chamberOfCommerce":""},"payment":{"priceRange":"","currenciesAccepted":"","methods":""}}},"openingHours":{"useDefaults":true,"show":true,"alwaysOpen":false,"use24hFormat":false,"timezone":"","labels":{"closed":"","alwaysOpen":""},"days":{"monday":{"open24h":false,"closed":false,"openTime":"09:00","closeTime":"17:00"},"tuesday":{"open24h":false,"closed":false,"openTime":"09:00","closeTime":"17:00"},"wednesday":{"open24h":false,"closed":false,"openTime":"09:00","closeTime":"17:00"},"thursday":{"open24h":false,"closed":false,"openTime":"09:00","closeTime":"17:00"},"friday":{"open24h":false,"closed":false,"openTime":"09:00","closeTime":"17:00"},"saturday":{"open24h":false,"closed":false,"openTime":"09:00","closeTime":"17:00"},"sunday":{"open24h":false,"closed":false,"openTime":"09:00","closeTime":"17:00"}}}},"breadcrumb_settings":null,"limit_modified_date":false,"ai":null,"created":"2021-03-29 12:24:11","updated":"2025-07-14 22:26:00","seo_analyzer_scan_date":null,"focus_keyword":null,"additional_keywords":null,"truseo_locale":null},"aioseo_breadcrumb":"<div class=\"aioseo-breadcrumbs\"><span class=\"aioseo-breadcrumb\">\n\t\t\t<a href=\"https:\/\/www.awtr69.asso.fr\" title=\"Accueil\">Accueil<\/a>\n\t\t<\/span><span class=\"aioseo-breadcrumb-separator\">&raquo;<\/span><span class=\"aioseo-breadcrumb\">\n\t\t\t<a href=\"https:\/\/www.awtr69.asso.fr\/?cat=1\" title=\"Non class\u00e9\">Non class\u00e9<\/a>\n\t\t<\/span><span class=\"aioseo-breadcrumb-separator\">&raquo;<\/span><span class=\"aioseo-breadcrumb\">\n\t\t\tSaison 2020-2021 Wing Chun Kung Fu: reprise des cours le 7 septembre 2020 \u2013 Lyon.\n\t\t<\/span><\/div>","aioseo_breadcrumb_json":[{"label":"Accueil","link":"https:\/\/www.awtr69.asso.fr"},{"label":"Non class\u00e9","link":"https:\/\/www.awtr69.asso.fr\/?cat=1"},{"label":"Saison 2020-2021 Wing Chun Kung Fu: reprise des cours le 7 septembre 2020 \u2013 Lyon.","link":"https:\/\/www.awtr69.asso.fr\/?p=1309"}],"_links":{"self":[{"href":"https:\/\/www.awtr69.asso.fr\/index.php?rest_route=\/wp\/v2\/posts\/1309","targetHints":{"allow":["GET"]}}],"collection":[{"href":"https:\/\/www.awtr69.asso.fr\/index.php?rest_route=\/wp\/v2\/posts"}],"about":[{"href":"https:\/\/www.awtr69.asso.fr\/index.php?rest_route=\/wp\/v2\/types\/post"}],"author":[{"embeddable":true,"href":"https:\/\/www.awtr69.asso.fr\/index.php?rest_route=\/wp\/v2\/users\/2"}],"replies":[{"embeddable":true,"href":"https:\/\/www.awtr69.asso.fr\/index.php?rest_route=%2Fwp%2Fv2%2Fcomments&post=1309"}],"version-history":[{"count":7,"href":"https:\/\/www.awtr69.asso.fr\/index.php?rest_route=\/wp\/v2\/posts\/1309\/revisions"}],"predecessor-version":[{"id":1362,"href":"https:\/\/www.awtr69.asso.fr\/index.php?rest_route=\/wp\/v2\/posts\/1309\/revisions\/1362"}],"wp:featuredmedia":[{"embeddable":true,"href":"https:\/\/www.awtr69.asso.fr\/index.php?rest_route=\/wp\/v2\/media\/1221"}],"wp:attachment":[{"href":"https:\/\/www.awtr69.asso.fr\/index.php?rest_route=%2Fwp%2Fv2%2Fmedia&parent=1309"}],"wp:term":[{"taxonomy":"category","embeddable":true,"href":"https:\/\/www.awtr69.asso.fr\/index.php?rest_route=%2Fwp%2Fv2%2Fcategories&post=1309"},{"taxonomy":"post_tag","embeddable":true,"href":"https:\/\/www.awtr69.asso.fr\/index.php?rest_route=%2Fwp%2Fv2%2Ftags&post=1309"}],"curies":[{"name":"wp","href":"https:\/\/api.w.org\/{rel}","templated":true}]}}