{"id":1319,"date":"2020-08-16T21:10:09","date_gmt":"2020-08-16T19:10:09","guid":{"rendered":"http:\/\/www.awtr69.asso.fr\/?p=1319"},"modified":"2020-08-18T09:37:54","modified_gmt":"2020-08-18T07:37:54","slug":"port-du-masque-pendant-les-cours","status":"publish","type":"post","link":"https:\/\/www.awtr69.asso.fr\/?p=1319","title":{"rendered":"Port du masque obligatoire pendant les cours"},"content":{"rendered":"\n<blockquote class=\"wp-block-quote is-layout-flow wp-block-quote-is-layout-flow\"><p>On se prot\u00e8ge et on prot\u00e8ge les autres<\/p><\/blockquote>\n\n\n\n<p class=\"wp-block-paragraph\">Bonjour \u00e0 tous,<\/p>\n\n\n\n<figure class=\"wp-block-image size-large\"><img loading=\"lazy\" decoding=\"async\" width=\"600\" height=\"602\" src=\"https:\/\/www.awtr69.asso.fr\/wp-content\/uploads\/2020\/08\/2672_524_stickers-port-masque-obligatoire-autocollant-600x602-2.jpg\" alt=\"\" class=\"wp-image-1322\" srcset=\"https:\/\/www.awtr69.asso.fr\/wp-content\/uploads\/2020\/08\/2672_524_stickers-port-masque-obligatoire-autocollant-600x602-2.jpg 600w, https:\/\/www.awtr69.asso.fr\/wp-content\/uploads\/2020\/08\/2672_524_stickers-port-masque-obligatoire-autocollant-600x602-2-300x300.jpg 300w, https:\/\/www.awtr69.asso.fr\/wp-content\/uploads\/2020\/08\/2672_524_stickers-port-masque-obligatoire-autocollant-600x602-2-150x150.jpg 150w, https:\/\/www.awtr69.asso.fr\/wp-content\/uploads\/2020\/08\/2672_524_stickers-port-masque-obligatoire-autocollant-600x602-2-432x432.jpg 432w, https:\/\/www.awtr69.asso.fr\/wp-content\/uploads\/2020\/08\/2672_524_stickers-port-masque-obligatoire-autocollant-600x602-2-268x268.jpg 268w\" sizes=\"auto, (max-width: 600px) 100vw, 600px\" \/><\/figure>\n\n\n\n<p class=\"wp-block-paragraph\">Un message pour vous rappeler que pour respecter les consignes sanitaires mais aussi et surtout prot\u00e9ger nos \u00e9l\u00e8ves et leurs familles, nous demanderons \u00e0 tous de porter un masque pendant les cours et les initiations.<\/p>\n","protected":false},"excerpt":{"rendered":"<p>On se prot\u00e8ge et on prot\u00e8ge les autres Bonjour \u00e0 tous, Un message pour vous rappeler que pour respecter les consignes sanitaires mais aussi et surtout prot\u00e9ger nos \u00e9l\u00e8ves et leurs familles, nous demanderons \u00e0 tous de porter un masque pendant les cours et les initiations.<\/p>\n","protected":false},"author":2,"featured_media":1320,"comment_status":"open","ping_status":"open","sticky":false,"template":"","format":"standard","meta":{"om_disable_all_campaigns":false,"_monsterinsights_skip_tracking":false,"ngg_post_thumbnail":0,"footnotes":""},"categories":[1],"tags":[],"class_list":["post-1319","post","type-post","status-publish","format-standard","has-post-thumbnail","hentry","category-non-classe","column","threecol","has-thumbnail"],"aioseo_notices":[],"aioseo_head":"\n\t\t<!-- All in One SEO 5.0.0.1 - aioseo.com -->\n\t<meta name=\"description\" content=\"On se prot\u00e8ge et on prot\u00e8ge les autres Bonjour \u00e0 tous, Un message pour vous rappeler que pour respecter les consignes sanitaires mais aussi et surtout prot\u00e9ger nos \u00e9l\u00e8ves et leurs familles, nous demanderons \u00e0 tous de porter un masque pendant les cours et les initiations.\" \/>\n\t<meta name=\"robots\" content=\"max-image-preview:large\" \/>\n\t<meta name=\"author\" content=\"gauthier\"\/>\n\t<meta name=\"keywords\" content=\"non class\u00e9\" \/>\n\t<link rel=\"canonical\" href=\"https:\/\/www.awtr69.asso.fr\/?p=1319\" \/>\n\t<meta name=\"generator\" content=\"All in One SEO (AIOSEO) 5.0.0.1\" \/>\n\t\t<meta property=\"og:locale\" content=\"fr_FR\" \/>\n\t\t<meta property=\"og:site_name\" content=\"Association Wing Tsun du Rh\u00f4ne | Wing Chun Kung Fu \u00e0 Lyon\" \/>\n\t\t<meta property=\"og:type\" content=\"article\" \/>\n\t\t<meta property=\"og:title\" content=\"Port du masque obligatoire pendant les cours | Association Wing Tsun du Rh\u00f4ne\" \/>\n\t\t<meta property=\"og:description\" content=\"On se prot\u00e8ge et on prot\u00e8ge les autres Bonjour \u00e0 tous, Un message pour vous rappeler que pour respecter les consignes sanitaires mais aussi et surtout prot\u00e9ger nos \u00e9l\u00e8ves et leurs familles, nous demanderons \u00e0 tous de porter un masque pendant les cours et les initiations.\" \/>\n\t\t<meta property=\"og:url\" content=\"https:\/\/www.awtr69.asso.fr\/?p=1319\" \/>\n\t\t<meta property=\"article:published_time\" content=\"2020-08-16T19:10:09+00:00\" \/>\n\t\t<meta property=\"article:modified_time\" content=\"2020-08-18T07:37:54+00:00\" \/>\n\t\t<meta property=\"article:publisher\" content=\"https:\/\/www.facebook.com\/profile.php?id=100083353388314\" \/>\n\t\t<meta name=\"twitter:card\" content=\"summary\" \/>\n\t\t<meta name=\"twitter:title\" content=\"Port du masque obligatoire pendant les cours | Association Wing Tsun du Rh\u00f4ne\" \/>\n\t\t<meta name=\"twitter:description\" content=\"On se prot\u00e8ge et on prot\u00e8ge les autres Bonjour \u00e0 tous, Un message pour vous rappeler que pour respecter les consignes sanitaires mais aussi et surtout prot\u00e9ger nos \u00e9l\u00e8ves et leurs familles, nous demanderons \u00e0 tous de porter un masque pendant les cours et les initiations.\" \/>\n\t\t<script type=\"application\/ld+json\" class=\"aioseo-schema\">\n\t\t\t{\"@context\":\"https:\\\/\\\/schema.org\",\"@graph\":[{\"@type\":\"Article\",\"@id\":\"https:\\\/\\\/www.awtr69.asso.fr\\\/?p=1319#article\",\"name\":\"Port du masque obligatoire pendant les cours | Association Wing Tsun du Rh\\u00f4ne\",\"headline\":\"Port du masque obligatoire pendant les cours\",\"author\":{\"@id\":\"https:\\\/\\\/www.awtr69.asso.fr\\\/?author=2#author\"},\"publisher\":{\"@id\":\"https:\\\/\\\/www.awtr69.asso.fr\\\/#organization\"},\"image\":{\"@type\":\"ImageObject\",\"url\":\"https:\\\/\\\/www.awtr69.asso.fr\\\/wp-content\\\/uploads\\\/2020\\\/08\\\/2672_524_stickers-port-masque-obligatoire-autocollant-600x602-1.jpg\",\"width\":600,\"height\":602},\"datePublished\":\"2020-08-16T21:10:09+02:00\",\"dateModified\":\"2020-08-18T09:37:54+02:00\",\"inLanguage\":\"fr-FR\",\"mainEntityOfPage\":{\"@id\":\"https:\\\/\\\/www.awtr69.asso.fr\\\/?p=1319#webpage\"},\"isPartOf\":{\"@id\":\"https:\\\/\\\/www.awtr69.asso.fr\\\/?p=1319#webpage\"},\"articleSection\":\"Non class\\u00e9\"},{\"@type\":\"BreadcrumbList\",\"@id\":\"https:\\\/\\\/www.awtr69.asso.fr\\\/?p=1319#breadcrumblist\",\"itemListElement\":[{\"@type\":\"ListItem\",\"@id\":\"https:\\\/\\\/www.awtr69.asso.fr#listItem\",\"position\":1,\"name\":\"Accueil\",\"item\":\"https:\\\/\\\/www.awtr69.asso.fr\",\"nextItem\":{\"@type\":\"ListItem\",\"@id\":\"https:\\\/\\\/www.awtr69.asso.fr\\\/?cat=1#listItem\",\"name\":\"Non class\\u00e9\"}},{\"@type\":\"ListItem\",\"@id\":\"https:\\\/\\\/www.awtr69.asso.fr\\\/?cat=1#listItem\",\"position\":2,\"name\":\"Non class\\u00e9\",\"item\":\"https:\\\/\\\/www.awtr69.asso.fr\\\/?cat=1\",\"nextItem\":{\"@type\":\"ListItem\",\"@id\":\"https:\\\/\\\/www.awtr69.asso.fr\\\/?p=1319#listItem\",\"name\":\"Port du masque obligatoire pendant les cours\"},\"previousItem\":{\"@type\":\"ListItem\",\"@id\":\"https:\\\/\\\/www.awtr69.asso.fr#listItem\",\"name\":\"Accueil\"}},{\"@type\":\"ListItem\",\"@id\":\"https:\\\/\\\/www.awtr69.asso.fr\\\/?p=1319#listItem\",\"position\":3,\"name\":\"Port du masque obligatoire pendant les cours\",\"previousItem\":{\"@type\":\"ListItem\",\"@id\":\"https:\\\/\\\/www.awtr69.asso.fr\\\/?cat=1#listItem\",\"name\":\"Non class\\u00e9\"}}]},{\"@type\":\"Organization\",\"@id\":\"https:\\\/\\\/www.awtr69.asso.fr\\\/#organization\",\"name\":\"Association du Wing Tsun du Rh\\u00f4ne\",\"description\":\"Wing Chun Kung Fu \\u00e0 Lyon\",\"url\":\"https:\\\/\\\/www.awtr69.asso.fr\\\/\",\"logo\":{\"@type\":\"ImageObject\",\"url\":\"https:\\\/\\\/www.awtr69.asso.fr\\\/wp-content\\\/uploads\\\/2013\\\/02\\\/Header_bleu3-copie.jpg\",\"@id\":\"https:\\\/\\\/www.awtr69.asso.fr\\\/?p=1319\\\/#organizationLogo\",\"width\":840,\"height\":115},\"image\":{\"@id\":\"https:\\\/\\\/www.awtr69.asso.fr\\\/?p=1319\\\/#organizationLogo\"},\"sameAs\":[\"https:\\\/\\\/www.facebook.com\\\/profile.php?id=100083353388314\"]},{\"@type\":\"Person\",\"@id\":\"https:\\\/\\\/www.awtr69.asso.fr\\\/?author=2#author\",\"url\":\"https:\\\/\\\/www.awtr69.asso.fr\\\/?author=2\",\"name\":\"gauthier\",\"image\":{\"@type\":\"ImageObject\",\"@id\":\"https:\\\/\\\/www.awtr69.asso.fr\\\/?p=1319#authorImage\",\"url\":\"https:\\\/\\\/secure.gravatar.com\\\/avatar\\\/8c8f80f45a21bad7ef4aaf91c3fabe7b2f37187184bd17501dc160853ef43f01?s=96&d=mm&r=g\",\"width\":96,\"height\":96,\"caption\":\"gauthier\"}},{\"@type\":\"WebPage\",\"@id\":\"https:\\\/\\\/www.awtr69.asso.fr\\\/?p=1319#webpage\",\"url\":\"https:\\\/\\\/www.awtr69.asso.fr\\\/?p=1319\",\"name\":\"Port du masque obligatoire pendant les cours | Association Wing Tsun du Rh\\u00f4ne\",\"description\":\"On se prot\\u00e8ge et on prot\\u00e8ge les autres Bonjour \\u00e0 tous, Un message pour vous rappeler que pour respecter les consignes sanitaires mais aussi et surtout prot\\u00e9ger nos \\u00e9l\\u00e8ves et leurs familles, nous demanderons \\u00e0 tous de porter un masque pendant les cours et les initiations.\",\"inLanguage\":\"fr-FR\",\"isPartOf\":{\"@id\":\"https:\\\/\\\/www.awtr69.asso.fr\\\/#website\"},\"breadcrumb\":{\"@id\":\"https:\\\/\\\/www.awtr69.asso.fr\\\/?p=1319#breadcrumblist\"},\"author\":{\"@id\":\"https:\\\/\\\/www.awtr69.asso.fr\\\/?author=2#author\"},\"creator\":{\"@id\":\"https:\\\/\\\/www.awtr69.asso.fr\\\/?author=2#author\"},\"image\":{\"@type\":\"ImageObject\",\"url\":\"https:\\\/\\\/www.awtr69.asso.fr\\\/wp-content\\\/uploads\\\/2020\\\/08\\\/2672_524_stickers-port-masque-obligatoire-autocollant-600x602-1.jpg\",\"@id\":\"https:\\\/\\\/www.awtr69.asso.fr\\\/?p=1319\\\/#mainImage\",\"width\":600,\"height\":602},\"primaryImageOfPage\":{\"@id\":\"https:\\\/\\\/www.awtr69.asso.fr\\\/?p=1319#mainImage\"},\"datePublished\":\"2020-08-16T21:10:09+02:00\",\"dateModified\":\"2020-08-18T09:37:54+02:00\"},{\"@type\":\"WebSite\",\"@id\":\"https:\\\/\\\/www.awtr69.asso.fr\\\/#website\",\"url\":\"https:\\\/\\\/www.awtr69.asso.fr\\\/\",\"name\":\"Association Wing Tsun du Rh\\u00f4ne\",\"description\":\"Wing Chun Kung Fu \\u00e0 Lyon\",\"inLanguage\":\"fr-FR\",\"publisher\":{\"@id\":\"https:\\\/\\\/www.awtr69.asso.fr\\\/#organization\"}}]}\n\t\t<\/script>\n\t\t<!-- All in One SEO -->\n\n","aioseo_head_json":{"title":"Port du masque obligatoire pendant les cours | Association Wing Tsun du Rh\u00f4ne","description":"On se prot\u00e8ge et on prot\u00e8ge les autres Bonjour \u00e0 tous, Un message pour vous rappeler que pour respecter les consignes sanitaires mais aussi et surtout prot\u00e9ger nos \u00e9l\u00e8ves et leurs familles, nous demanderons \u00e0 tous de porter un masque pendant les cours et les initiations.","canonical_url":"https:\/\/www.awtr69.asso.fr\/?p=1319","robots":"max-image-preview:large","keywords":"non class\u00e9","webmasterTools":{"miscellaneous":""},"schema":{"@context":"https:\/\/schema.org","@graph":[{"@type":"Article","@id":"https:\/\/www.awtr69.asso.fr\/?p=1319#article","name":"Port du masque obligatoire pendant les cours | Association Wing Tsun du Rh\u00f4ne","headline":"Port du masque obligatoire pendant les cours","author":{"@id":"https:\/\/www.awtr69.asso.fr\/?author=2#author"},"publisher":{"@id":"https:\/\/www.awtr69.asso.fr\/#organization"},"image":{"@type":"ImageObject","url":"https:\/\/www.awtr69.asso.fr\/wp-content\/uploads\/2020\/08\/2672_524_stickers-port-masque-obligatoire-autocollant-600x602-1.jpg","width":600,"height":602},"datePublished":"2020-08-16T21:10:09+02:00","dateModified":"2020-08-18T09:37:54+02:00","inLanguage":"fr-FR","mainEntityOfPage":{"@id":"https:\/\/www.awtr69.asso.fr\/?p=1319#webpage"},"isPartOf":{"@id":"https:\/\/www.awtr69.asso.fr\/?p=1319#webpage"},"articleSection":"Non class\u00e9"},{"@type":"BreadcrumbList","@id":"https:\/\/www.awtr69.asso.fr\/?p=1319#breadcrumblist","itemListElement":[{"@type":"ListItem","@id":"https:\/\/www.awtr69.asso.fr#listItem","position":1,"name":"Accueil","item":"https:\/\/www.awtr69.asso.fr","nextItem":{"@type":"ListItem","@id":"https:\/\/www.awtr69.asso.fr\/?cat=1#listItem","name":"Non class\u00e9"}},{"@type":"ListItem","@id":"https:\/\/www.awtr69.asso.fr\/?cat=1#listItem","position":2,"name":"Non class\u00e9","item":"https:\/\/www.awtr69.asso.fr\/?cat=1","nextItem":{"@type":"ListItem","@id":"https:\/\/www.awtr69.asso.fr\/?p=1319#listItem","name":"Port du masque obligatoire pendant les cours"},"previousItem":{"@type":"ListItem","@id":"https:\/\/www.awtr69.asso.fr#listItem","name":"Accueil"}},{"@type":"ListItem","@id":"https:\/\/www.awtr69.asso.fr\/?p=1319#listItem","position":3,"name":"Port du masque obligatoire pendant les cours","previousItem":{"@type":"ListItem","@id":"https:\/\/www.awtr69.asso.fr\/?cat=1#listItem","name":"Non class\u00e9"}}]},{"@type":"Organization","@id":"https:\/\/www.awtr69.asso.fr\/#organization","name":"Association du Wing Tsun du Rh\u00f4ne","description":"Wing Chun Kung Fu \u00e0 Lyon","url":"https:\/\/www.awtr69.asso.fr\/","logo":{"@type":"ImageObject","url":"https:\/\/www.awtr69.asso.fr\/wp-content\/uploads\/2013\/02\/Header_bleu3-copie.jpg","@id":"https:\/\/www.awtr69.asso.fr\/?p=1319\/#organizationLogo","width":840,"height":115},"image":{"@id":"https:\/\/www.awtr69.asso.fr\/?p=1319\/#organizationLogo"},"sameAs":["https:\/\/www.facebook.com\/profile.php?id=100083353388314"]},{"@type":"Person","@id":"https:\/\/www.awtr69.asso.fr\/?author=2#author","url":"https:\/\/www.awtr69.asso.fr\/?author=2","name":"gauthier","image":{"@type":"ImageObject","@id":"https:\/\/www.awtr69.asso.fr\/?p=1319#authorImage","url":"https:\/\/secure.gravatar.com\/avatar\/8c8f80f45a21bad7ef4aaf91c3fabe7b2f37187184bd17501dc160853ef43f01?s=96&d=mm&r=g","width":96,"height":96,"caption":"gauthier"}},{"@type":"WebPage","@id":"https:\/\/www.awtr69.asso.fr\/?p=1319#webpage","url":"https:\/\/www.awtr69.asso.fr\/?p=1319","name":"Port du masque obligatoire pendant les cours | Association Wing Tsun du Rh\u00f4ne","description":"On se prot\u00e8ge et on prot\u00e8ge les autres Bonjour \u00e0 tous, Un message pour vous rappeler que pour respecter les consignes sanitaires mais aussi et surtout prot\u00e9ger nos \u00e9l\u00e8ves et leurs familles, nous demanderons \u00e0 tous de porter un masque pendant les cours et les initiations.","inLanguage":"fr-FR","isPartOf":{"@id":"https:\/\/www.awtr69.asso.fr\/#website"},"breadcrumb":{"@id":"https:\/\/www.awtr69.asso.fr\/?p=1319#breadcrumblist"},"author":{"@id":"https:\/\/www.awtr69.asso.fr\/?author=2#author"},"creator":{"@id":"https:\/\/www.awtr69.asso.fr\/?author=2#author"},"image":{"@type":"ImageObject","url":"https:\/\/www.awtr69.asso.fr\/wp-content\/uploads\/2020\/08\/2672_524_stickers-port-masque-obligatoire-autocollant-600x602-1.jpg","@id":"https:\/\/www.awtr69.asso.fr\/?p=1319\/#mainImage","width":600,"height":602},"primaryImageOfPage":{"@id":"https:\/\/www.awtr69.asso.fr\/?p=1319#mainImage"},"datePublished":"2020-08-16T21:10:09+02:00","dateModified":"2020-08-18T09:37:54+02:00"},{"@type":"WebSite","@id":"https:\/\/www.awtr69.asso.fr\/#website","url":"https:\/\/www.awtr69.asso.fr\/","name":"Association Wing Tsun du Rh\u00f4ne","description":"Wing Chun Kung Fu \u00e0 Lyon","inLanguage":"fr-FR","publisher":{"@id":"https:\/\/www.awtr69.asso.fr\/#organization"}}]},"og:locale":"fr_FR","og:site_name":"Association Wing Tsun du Rh\u00f4ne | Wing Chun Kung Fu \u00e0 Lyon","og:type":"article","og:title":"Port du masque obligatoire pendant les cours | Association Wing Tsun du Rh\u00f4ne","og:description":"On se prot\u00e8ge et on prot\u00e8ge les autres Bonjour \u00e0 tous, Un message pour vous rappeler que pour respecter les consignes sanitaires mais aussi et surtout prot\u00e9ger nos \u00e9l\u00e8ves et leurs familles, nous demanderons \u00e0 tous de porter un masque pendant les cours et les initiations.","og:url":"https:\/\/www.awtr69.asso.fr\/?p=1319","article:published_time":"2020-08-16T19:10:09+00:00","article:modified_time":"2020-08-18T07:37:54+00:00","article:publisher":"https:\/\/www.facebook.com\/profile.php?id=100083353388314","twitter:card":"summary","twitter:title":"Port du masque obligatoire pendant les cours | Association Wing Tsun du Rh\u00f4ne","twitter:description":"On se prot\u00e8ge et on prot\u00e8ge les autres Bonjour \u00e0 tous, Un message pour vous rappeler que pour respecter les consignes sanitaires mais aussi et surtout prot\u00e9ger nos \u00e9l\u00e8ves et leurs familles, nous demanderons \u00e0 tous de porter un masque pendant les cours et les initiations."},"aioseo_meta_data":{"post_id":"1319","title":null,"description":"","keywords":"","keyphrases":null,"primary_term":null,"canonical_url":"","og_title":null,"og_description":null,"og_object_type":"default","og_image_type":"default","og_image_url":null,"og_image_width":null,"og_image_height":null,"og_image_custom_url":null,"og_image_custom_fields":null,"og_video":null,"og_custom_url":null,"og_article_section":null,"og_article_tags":null,"twitter_use_og":false,"twitter_card":"default","twitter_image_type":"default","twitter_image_url":null,"twitter_image_custom_url":null,"twitter_image_custom_fields":null,"twitter_title":null,"twitter_description":null,"schema":{"blockGraphs":[],"customGraphs":[],"default":{"data":{"Article":[],"Course":[],"Dataset":[],"FAQPage":[],"Movie":[],"Person":[],"Product":[],"ProductReview":[],"Car":[],"Recipe":[],"Service":[],"SoftwareApplication":[],"WebPage":[]},"graphName":"Article","isEnabled":true},"graphs":[]},"schema_type":null,"schema_type_options":null,"pillar_content":false,"robots_default":true,"robots_noindex":false,"robots_noarchive":false,"robots_nosnippet":false,"robots_nofollow":false,"robots_noimageindex":false,"robots_noodp":false,"robots_notranslate":false,"robots_max_snippet":null,"robots_max_videopreview":null,"robots_max_imagepreview":"large","priority":null,"frequency":null,"local_seo":null,"breadcrumb_settings":null,"limit_modified_date":false,"ai":null,"created":"2021-03-29 12:24:11","updated":"2025-07-14 22:26:00","seo_analyzer_scan_date":null,"focus_keyword":null,"additional_keywords":null,"truseo_locale":null},"aioseo_breadcrumb":"<div class=\"aioseo-breadcrumbs\"><span class=\"aioseo-breadcrumb\">\n\t\t\t<a href=\"https:\/\/www.awtr69.asso.fr\" title=\"Accueil\">Accueil<\/a>\n\t\t<\/span><span class=\"aioseo-breadcrumb-separator\">&raquo;<\/span><span class=\"aioseo-breadcrumb\">\n\t\t\t<a href=\"https:\/\/www.awtr69.asso.fr\/?cat=1\" title=\"Non class\u00e9\">Non class\u00e9<\/a>\n\t\t<\/span><span class=\"aioseo-breadcrumb-separator\">&raquo;<\/span><span class=\"aioseo-breadcrumb\">\n\t\t\tPort du masque obligatoire pendant les cours\n\t\t<\/span><\/div>","aioseo_breadcrumb_json":[{"label":"Accueil","link":"https:\/\/www.awtr69.asso.fr"},{"label":"Non class\u00e9","link":"https:\/\/www.awtr69.asso.fr\/?cat=1"},{"label":"Port du masque obligatoire pendant les cours","link":"https:\/\/www.awtr69.asso.fr\/?p=1319"}],"_links":{"self":[{"href":"https:\/\/www.awtr69.asso.fr\/index.php?rest_route=\/wp\/v2\/posts\/1319","targetHints":{"allow":["GET"]}}],"collection":[{"href":"https:\/\/www.awtr69.asso.fr\/index.php?rest_route=\/wp\/v2\/posts"}],"about":[{"href":"https:\/\/www.awtr69.asso.fr\/index.php?rest_route=\/wp\/v2\/types\/post"}],"author":[{"embeddable":true,"href":"https:\/\/www.awtr69.asso.fr\/index.php?rest_route=\/wp\/v2\/users\/2"}],"replies":[{"embeddable":true,"href":"https:\/\/www.awtr69.asso.fr\/index.php?rest_route=%2Fwp%2Fv2%2Fcomments&post=1319"}],"version-history":[{"count":3,"href":"https:\/\/www.awtr69.asso.fr\/index.php?rest_route=\/wp\/v2\/posts\/1319\/revisions"}],"predecessor-version":[{"id":1325,"href":"https:\/\/www.awtr69.asso.fr\/index.php?rest_route=\/wp\/v2\/posts\/1319\/revisions\/1325"}],"wp:featuredmedia":[{"embeddable":true,"href":"https:\/\/www.awtr69.asso.fr\/index.php?rest_route=\/wp\/v2\/media\/1320"}],"wp:attachment":[{"href":"https:\/\/www.awtr69.asso.fr\/index.php?rest_route=%2Fwp%2Fv2%2Fmedia&parent=1319"}],"wp:term":[{"taxonomy":"category","embeddable":true,"href":"https:\/\/www.awtr69.asso.fr\/index.php?rest_route=%2Fwp%2Fv2%2Fcategories&post=1319"},{"taxonomy":"post_tag","embeddable":true,"href":"https:\/\/www.awtr69.asso.fr\/index.php?rest_route=%2Fwp%2Fv2%2Ftags&post=1319"}],"curies":[{"name":"wp","href":"https:\/\/api.w.org\/{rel}","templated":true}]}}