{"id":1503,"date":"2023-07-20T23:42:11","date_gmt":"2023-07-20T21:42:11","guid":{"rendered":"https:\/\/www.awtr69.asso.fr\/?p=1503"},"modified":"2023-07-22T23:46:56","modified_gmt":"2023-07-22T21:46:56","slug":"rdv-au-forum-des-associations","status":"publish","type":"post","link":"https:\/\/www.awtr69.asso.fr\/?p=1503","title":{"rendered":"RDV au Forum des associations"},"content":{"rendered":"\n<p class=\"wp-block-paragraph\">Lyon 7 &#8211; 2 septembre 2023<\/p>\n\n\n<div class=\"wp-block-image\">\n<figure class=\"aligncenter size-full\"><a href=\"https:\/\/www.awtr69.asso.fr\/wp-content\/uploads\/2023\/07\/fda-p.jpg\"><img loading=\"lazy\" decoding=\"async\" width=\"700\" height=\"394\" src=\"https:\/\/www.awtr69.asso.fr\/wp-content\/uploads\/2023\/07\/fda-p.jpg\" alt=\"forum des associations lyon 7\" class=\"wp-image-1504\" srcset=\"https:\/\/www.awtr69.asso.fr\/wp-content\/uploads\/2023\/07\/fda-p.jpg 700w, https:\/\/www.awtr69.asso.fr\/wp-content\/uploads\/2023\/07\/fda-p-300x169.jpg 300w\" sizes=\"auto, (max-width: 700px) 100vw, 700px\" \/><\/a><\/figure>\n<\/div>\n\n\n<p class=\"wp-block-paragraph\" id=\"block-e9e49100-98f2-4fe1-92e7-4e69f5d7606f\">Bonjour \u00e0 tous,<\/p>\n\n\n\n<p class=\"wp-block-paragraph\" id=\"block-efb0e50a-9a90-4880-a0a3-ce7a75abb321\">Comme chaque ann\u00e9e, nous serons pr\u00e9sents au<\/p>\n\n\n\n<h4 class=\"wp-block-heading\" id=\"block-951f3bee-143e-43bc-a411-95c1c7b42ea7\"><strong>forum des associations <strong>de 10h \u00e0 17h<\/strong><br>au Gymnase Cl\u00e9menceau et Place du Prado \u00e0 Lyon 7<\/strong> le samedi le 2 septembre 2023.<\/h4>\n\n\n\n<p class=\"wp-block-paragraph\">N\u2019h\u00e9sitez pas \u00e0 venir nous rencontrer, nous poser vos questions et d\u00e9couvrir le Wing Chun Kung Fu<\/p>\n","protected":false},"excerpt":{"rendered":"<p>Lyon 7 &#8211; 2 septembre 2023 Bonjour \u00e0 tous, Comme chaque ann\u00e9e, nous serons pr\u00e9sents au forum des associations de 10h \u00e0 17hau Gymnase Cl\u00e9menceau et Place du Prado \u00e0 Lyon 7 le samedi le 2 septembre 2023. N\u2019h\u00e9sitez pas \u00e0 venir nous rencontrer, nous poser vos questions et d\u00e9couvrir &#8230;<\/p>\n","protected":false},"author":2,"featured_media":1504,"comment_status":"open","ping_status":"open","sticky":false,"template":"","format":"standard","meta":{"om_disable_all_campaigns":false,"_monsterinsights_skip_tracking":false,"ngg_post_thumbnail":0,"footnotes":""},"categories":[1],"tags":[],"class_list":["post-1503","post","type-post","status-publish","format-standard","has-post-thumbnail","hentry","category-non-classe","column","threecol","has-thumbnail"],"aioseo_notices":[],"aioseo_head":"\n\t\t<!-- All in One SEO 5.0.0.1 - aioseo.com -->\n\t<meta name=\"description\" content=\"Lyon 7 - 2 septembre 2023 Bonjour \u00e0 tous, Comme chaque ann\u00e9e, nous serons pr\u00e9sents au forum des associations de 10h \u00e0 17hau Gymnase Cl\u00e9menceau et Place du Prado \u00e0 Lyon 7 le samedi le 2 septembre 2023. N\u2019h\u00e9sitez pas \u00e0 venir nous rencontrer, nous poser vos questions et d\u00e9couvrir le Wing Chun Kung Fu\" \/>\n\t<meta name=\"robots\" content=\"max-image-preview:large\" \/>\n\t<meta name=\"author\" content=\"gauthier\"\/>\n\t<meta name=\"keywords\" content=\"non class\u00e9\" \/>\n\t<link rel=\"canonical\" href=\"https:\/\/www.awtr69.asso.fr\/?p=1503\" \/>\n\t<meta name=\"generator\" content=\"All in One SEO (AIOSEO) 5.0.0.1\" \/>\n\t\t<meta property=\"og:locale\" content=\"fr_FR\" \/>\n\t\t<meta property=\"og:site_name\" content=\"Association Wing Tsun du Rh\u00f4ne | Wing Chun Kung Fu \u00e0 Lyon\" \/>\n\t\t<meta property=\"og:type\" content=\"article\" \/>\n\t\t<meta property=\"og:title\" content=\"RDV au Forum des associations | Association Wing Tsun du Rh\u00f4ne\" \/>\n\t\t<meta property=\"og:description\" content=\"Lyon 7 - 2 septembre 2023 Bonjour \u00e0 tous, Comme chaque ann\u00e9e, nous serons pr\u00e9sents au forum des associations de 10h \u00e0 17hau Gymnase Cl\u00e9menceau et Place du Prado \u00e0 Lyon 7 le samedi le 2 septembre 2023. N\u2019h\u00e9sitez pas \u00e0 venir nous rencontrer, nous poser vos questions et d\u00e9couvrir le Wing Chun Kung Fu\" \/>\n\t\t<meta property=\"og:url\" content=\"https:\/\/www.awtr69.asso.fr\/?p=1503\" \/>\n\t\t<meta property=\"article:published_time\" content=\"2023-07-20T21:42:11+00:00\" \/>\n\t\t<meta property=\"article:modified_time\" content=\"2023-07-22T21:46:56+00:00\" \/>\n\t\t<meta property=\"article:publisher\" content=\"https:\/\/www.facebook.com\/profile.php?id=100083353388314\" \/>\n\t\t<meta name=\"twitter:card\" content=\"summary\" \/>\n\t\t<meta name=\"twitter:title\" content=\"RDV au Forum des associations | Association Wing Tsun du Rh\u00f4ne\" \/>\n\t\t<meta name=\"twitter:description\" content=\"Lyon 7 - 2 septembre 2023 Bonjour \u00e0 tous, Comme chaque ann\u00e9e, nous serons pr\u00e9sents au forum des associations de 10h \u00e0 17hau Gymnase Cl\u00e9menceau et Place du Prado \u00e0 Lyon 7 le samedi le 2 septembre 2023. N\u2019h\u00e9sitez pas \u00e0 venir nous rencontrer, nous poser vos questions et d\u00e9couvrir le Wing Chun Kung Fu\" \/>\n\t\t<script type=\"application\/ld+json\" class=\"aioseo-schema\">\n\t\t\t{\"@context\":\"https:\\\/\\\/schema.org\",\"@graph\":[{\"@type\":\"Article\",\"@id\":\"https:\\\/\\\/www.awtr69.asso.fr\\\/?p=1503#article\",\"name\":\"RDV au Forum des associations | Association Wing Tsun du Rh\\u00f4ne\",\"headline\":\"RDV au Forum des associations\",\"author\":{\"@id\":\"https:\\\/\\\/www.awtr69.asso.fr\\\/?author=2#author\"},\"publisher\":{\"@id\":\"https:\\\/\\\/www.awtr69.asso.fr\\\/#organization\"},\"image\":{\"@type\":\"ImageObject\",\"url\":\"https:\\\/\\\/www.awtr69.asso.fr\\\/wp-content\\\/uploads\\\/2023\\\/07\\\/fda-p.jpg\",\"width\":700,\"height\":394,\"caption\":\"forum des associations lyon 7\"},\"datePublished\":\"2023-07-20T23:42:11+02:00\",\"dateModified\":\"2023-07-22T23:46:56+02:00\",\"inLanguage\":\"fr-FR\",\"mainEntityOfPage\":{\"@id\":\"https:\\\/\\\/www.awtr69.asso.fr\\\/?p=1503#webpage\"},\"isPartOf\":{\"@id\":\"https:\\\/\\\/www.awtr69.asso.fr\\\/?p=1503#webpage\"},\"articleSection\":\"Non class\\u00e9\"},{\"@type\":\"BreadcrumbList\",\"@id\":\"https:\\\/\\\/www.awtr69.asso.fr\\\/?p=1503#breadcrumblist\",\"itemListElement\":[{\"@type\":\"ListItem\",\"@id\":\"https:\\\/\\\/www.awtr69.asso.fr#listItem\",\"position\":1,\"name\":\"Accueil\",\"item\":\"https:\\\/\\\/www.awtr69.asso.fr\",\"nextItem\":{\"@type\":\"ListItem\",\"@id\":\"https:\\\/\\\/www.awtr69.asso.fr\\\/?cat=1#listItem\",\"name\":\"Non class\\u00e9\"}},{\"@type\":\"ListItem\",\"@id\":\"https:\\\/\\\/www.awtr69.asso.fr\\\/?cat=1#listItem\",\"position\":2,\"name\":\"Non class\\u00e9\",\"item\":\"https:\\\/\\\/www.awtr69.asso.fr\\\/?cat=1\",\"nextItem\":{\"@type\":\"ListItem\",\"@id\":\"https:\\\/\\\/www.awtr69.asso.fr\\\/?p=1503#listItem\",\"name\":\"RDV au Forum des associations\"},\"previousItem\":{\"@type\":\"ListItem\",\"@id\":\"https:\\\/\\\/www.awtr69.asso.fr#listItem\",\"name\":\"Accueil\"}},{\"@type\":\"ListItem\",\"@id\":\"https:\\\/\\\/www.awtr69.asso.fr\\\/?p=1503#listItem\",\"position\":3,\"name\":\"RDV au Forum des associations\",\"previousItem\":{\"@type\":\"ListItem\",\"@id\":\"https:\\\/\\\/www.awtr69.asso.fr\\\/?cat=1#listItem\",\"name\":\"Non class\\u00e9\"}}]},{\"@type\":\"Organization\",\"@id\":\"https:\\\/\\\/www.awtr69.asso.fr\\\/#organization\",\"name\":\"Association du Wing Tsun du Rh\\u00f4ne\",\"description\":\"Wing Chun Kung Fu \\u00e0 Lyon\",\"url\":\"https:\\\/\\\/www.awtr69.asso.fr\\\/\",\"logo\":{\"@type\":\"ImageObject\",\"url\":\"https:\\\/\\\/www.awtr69.asso.fr\\\/wp-content\\\/uploads\\\/2013\\\/02\\\/Header_bleu3-copie.jpg\",\"@id\":\"https:\\\/\\\/www.awtr69.asso.fr\\\/?p=1503\\\/#organizationLogo\",\"width\":840,\"height\":115},\"image\":{\"@id\":\"https:\\\/\\\/www.awtr69.asso.fr\\\/?p=1503\\\/#organizationLogo\"},\"sameAs\":[\"https:\\\/\\\/www.facebook.com\\\/profile.php?id=100083353388314\"]},{\"@type\":\"Person\",\"@id\":\"https:\\\/\\\/www.awtr69.asso.fr\\\/?author=2#author\",\"url\":\"https:\\\/\\\/www.awtr69.asso.fr\\\/?author=2\",\"name\":\"gauthier\",\"image\":{\"@type\":\"ImageObject\",\"@id\":\"https:\\\/\\\/www.awtr69.asso.fr\\\/?p=1503#authorImage\",\"url\":\"https:\\\/\\\/secure.gravatar.com\\\/avatar\\\/8c8f80f45a21bad7ef4aaf91c3fabe7b2f37187184bd17501dc160853ef43f01?s=96&d=mm&r=g\",\"width\":96,\"height\":96,\"caption\":\"gauthier\"}},{\"@type\":\"WebPage\",\"@id\":\"https:\\\/\\\/www.awtr69.asso.fr\\\/?p=1503#webpage\",\"url\":\"https:\\\/\\\/www.awtr69.asso.fr\\\/?p=1503\",\"name\":\"RDV au Forum des associations | Association Wing Tsun du Rh\\u00f4ne\",\"description\":\"Lyon 7 - 2 septembre 2023 Bonjour \\u00e0 tous, Comme chaque ann\\u00e9e, nous serons pr\\u00e9sents au forum des associations de 10h \\u00e0 17hau Gymnase Cl\\u00e9menceau et Place du Prado \\u00e0 Lyon 7 le samedi le 2 septembre 2023. N\\u2019h\\u00e9sitez pas \\u00e0 venir nous rencontrer, nous poser vos questions et d\\u00e9couvrir le Wing Chun Kung Fu\",\"inLanguage\":\"fr-FR\",\"isPartOf\":{\"@id\":\"https:\\\/\\\/www.awtr69.asso.fr\\\/#website\"},\"breadcrumb\":{\"@id\":\"https:\\\/\\\/www.awtr69.asso.fr\\\/?p=1503#breadcrumblist\"},\"author\":{\"@id\":\"https:\\\/\\\/www.awtr69.asso.fr\\\/?author=2#author\"},\"creator\":{\"@id\":\"https:\\\/\\\/www.awtr69.asso.fr\\\/?author=2#author\"},\"image\":{\"@type\":\"ImageObject\",\"url\":\"https:\\\/\\\/www.awtr69.asso.fr\\\/wp-content\\\/uploads\\\/2023\\\/07\\\/fda-p.jpg\",\"@id\":\"https:\\\/\\\/www.awtr69.asso.fr\\\/?p=1503\\\/#mainImage\",\"width\":700,\"height\":394,\"caption\":\"forum des associations lyon 7\"},\"primaryImageOfPage\":{\"@id\":\"https:\\\/\\\/www.awtr69.asso.fr\\\/?p=1503#mainImage\"},\"datePublished\":\"2023-07-20T23:42:11+02:00\",\"dateModified\":\"2023-07-22T23:46:56+02:00\"},{\"@type\":\"WebSite\",\"@id\":\"https:\\\/\\\/www.awtr69.asso.fr\\\/#website\",\"url\":\"https:\\\/\\\/www.awtr69.asso.fr\\\/\",\"name\":\"Association Wing Tsun du Rh\\u00f4ne\",\"description\":\"Wing Chun Kung Fu \\u00e0 Lyon\",\"inLanguage\":\"fr-FR\",\"publisher\":{\"@id\":\"https:\\\/\\\/www.awtr69.asso.fr\\\/#organization\"}}]}\n\t\t<\/script>\n\t\t<!-- All in One SEO -->\n\n","aioseo_head_json":{"title":"RDV au Forum des associations | Association Wing Tsun du Rh\u00f4ne","description":"Lyon 7 - 2 septembre 2023 Bonjour \u00e0 tous, Comme chaque ann\u00e9e, nous serons pr\u00e9sents au forum des associations de 10h \u00e0 17hau Gymnase Cl\u00e9menceau et Place du Prado \u00e0 Lyon 7 le samedi le 2 septembre 2023. N\u2019h\u00e9sitez pas \u00e0 venir nous rencontrer, nous poser vos questions et d\u00e9couvrir le Wing Chun Kung Fu","canonical_url":"https:\/\/www.awtr69.asso.fr\/?p=1503","robots":"max-image-preview:large","keywords":"non class\u00e9","webmasterTools":{"miscellaneous":""},"schema":{"@context":"https:\/\/schema.org","@graph":[{"@type":"Article","@id":"https:\/\/www.awtr69.asso.fr\/?p=1503#article","name":"RDV au Forum des associations | Association Wing Tsun du Rh\u00f4ne","headline":"RDV au Forum des associations","author":{"@id":"https:\/\/www.awtr69.asso.fr\/?author=2#author"},"publisher":{"@id":"https:\/\/www.awtr69.asso.fr\/#organization"},"image":{"@type":"ImageObject","url":"https:\/\/www.awtr69.asso.fr\/wp-content\/uploads\/2023\/07\/fda-p.jpg","width":700,"height":394,"caption":"forum des associations lyon 7"},"datePublished":"2023-07-20T23:42:11+02:00","dateModified":"2023-07-22T23:46:56+02:00","inLanguage":"fr-FR","mainEntityOfPage":{"@id":"https:\/\/www.awtr69.asso.fr\/?p=1503#webpage"},"isPartOf":{"@id":"https:\/\/www.awtr69.asso.fr\/?p=1503#webpage"},"articleSection":"Non class\u00e9"},{"@type":"BreadcrumbList","@id":"https:\/\/www.awtr69.asso.fr\/?p=1503#breadcrumblist","itemListElement":[{"@type":"ListItem","@id":"https:\/\/www.awtr69.asso.fr#listItem","position":1,"name":"Accueil","item":"https:\/\/www.awtr69.asso.fr","nextItem":{"@type":"ListItem","@id":"https:\/\/www.awtr69.asso.fr\/?cat=1#listItem","name":"Non class\u00e9"}},{"@type":"ListItem","@id":"https:\/\/www.awtr69.asso.fr\/?cat=1#listItem","position":2,"name":"Non class\u00e9","item":"https:\/\/www.awtr69.asso.fr\/?cat=1","nextItem":{"@type":"ListItem","@id":"https:\/\/www.awtr69.asso.fr\/?p=1503#listItem","name":"RDV au Forum des associations"},"previousItem":{"@type":"ListItem","@id":"https:\/\/www.awtr69.asso.fr#listItem","name":"Accueil"}},{"@type":"ListItem","@id":"https:\/\/www.awtr69.asso.fr\/?p=1503#listItem","position":3,"name":"RDV au Forum des associations","previousItem":{"@type":"ListItem","@id":"https:\/\/www.awtr69.asso.fr\/?cat=1#listItem","name":"Non class\u00e9"}}]},{"@type":"Organization","@id":"https:\/\/www.awtr69.asso.fr\/#organization","name":"Association du Wing Tsun du Rh\u00f4ne","description":"Wing Chun Kung Fu \u00e0 Lyon","url":"https:\/\/www.awtr69.asso.fr\/","logo":{"@type":"ImageObject","url":"https:\/\/www.awtr69.asso.fr\/wp-content\/uploads\/2013\/02\/Header_bleu3-copie.jpg","@id":"https:\/\/www.awtr69.asso.fr\/?p=1503\/#organizationLogo","width":840,"height":115},"image":{"@id":"https:\/\/www.awtr69.asso.fr\/?p=1503\/#organizationLogo"},"sameAs":["https:\/\/www.facebook.com\/profile.php?id=100083353388314"]},{"@type":"Person","@id":"https:\/\/www.awtr69.asso.fr\/?author=2#author","url":"https:\/\/www.awtr69.asso.fr\/?author=2","name":"gauthier","image":{"@type":"ImageObject","@id":"https:\/\/www.awtr69.asso.fr\/?p=1503#authorImage","url":"https:\/\/secure.gravatar.com\/avatar\/8c8f80f45a21bad7ef4aaf91c3fabe7b2f37187184bd17501dc160853ef43f01?s=96&d=mm&r=g","width":96,"height":96,"caption":"gauthier"}},{"@type":"WebPage","@id":"https:\/\/www.awtr69.asso.fr\/?p=1503#webpage","url":"https:\/\/www.awtr69.asso.fr\/?p=1503","name":"RDV au Forum des associations | Association Wing Tsun du Rh\u00f4ne","description":"Lyon 7 - 2 septembre 2023 Bonjour \u00e0 tous, Comme chaque ann\u00e9e, nous serons pr\u00e9sents au forum des associations de 10h \u00e0 17hau Gymnase Cl\u00e9menceau et Place du Prado \u00e0 Lyon 7 le samedi le 2 septembre 2023. N\u2019h\u00e9sitez pas \u00e0 venir nous rencontrer, nous poser vos questions et d\u00e9couvrir le Wing Chun Kung Fu","inLanguage":"fr-FR","isPartOf":{"@id":"https:\/\/www.awtr69.asso.fr\/#website"},"breadcrumb":{"@id":"https:\/\/www.awtr69.asso.fr\/?p=1503#breadcrumblist"},"author":{"@id":"https:\/\/www.awtr69.asso.fr\/?author=2#author"},"creator":{"@id":"https:\/\/www.awtr69.asso.fr\/?author=2#author"},"image":{"@type":"ImageObject","url":"https:\/\/www.awtr69.asso.fr\/wp-content\/uploads\/2023\/07\/fda-p.jpg","@id":"https:\/\/www.awtr69.asso.fr\/?p=1503\/#mainImage","width":700,"height":394,"caption":"forum des associations lyon 7"},"primaryImageOfPage":{"@id":"https:\/\/www.awtr69.asso.fr\/?p=1503#mainImage"},"datePublished":"2023-07-20T23:42:11+02:00","dateModified":"2023-07-22T23:46:56+02:00"},{"@type":"WebSite","@id":"https:\/\/www.awtr69.asso.fr\/#website","url":"https:\/\/www.awtr69.asso.fr\/","name":"Association Wing Tsun du Rh\u00f4ne","description":"Wing Chun Kung Fu \u00e0 Lyon","inLanguage":"fr-FR","publisher":{"@id":"https:\/\/www.awtr69.asso.fr\/#organization"}}]},"og:locale":"fr_FR","og:site_name":"Association Wing Tsun du Rh\u00f4ne | Wing Chun Kung Fu \u00e0 Lyon","og:type":"article","og:title":"RDV au Forum des associations | Association Wing Tsun du Rh\u00f4ne","og:description":"Lyon 7 - 2 septembre 2023 Bonjour \u00e0 tous, Comme chaque ann\u00e9e, nous serons pr\u00e9sents au forum des associations de 10h \u00e0 17hau Gymnase Cl\u00e9menceau et Place du Prado \u00e0 Lyon 7 le samedi le 2 septembre 2023. N\u2019h\u00e9sitez pas \u00e0 venir nous rencontrer, nous poser vos questions et d\u00e9couvrir le Wing Chun Kung Fu","og:url":"https:\/\/www.awtr69.asso.fr\/?p=1503","article:published_time":"2023-07-20T21:42:11+00:00","article:modified_time":"2023-07-22T21:46:56+00:00","article:publisher":"https:\/\/www.facebook.com\/profile.php?id=100083353388314","twitter:card":"summary","twitter:title":"RDV au Forum des associations | Association Wing Tsun du Rh\u00f4ne","twitter:description":"Lyon 7 - 2 septembre 2023 Bonjour \u00e0 tous, Comme chaque ann\u00e9e, nous serons pr\u00e9sents au forum des associations de 10h \u00e0 17hau Gymnase Cl\u00e9menceau et Place du Prado \u00e0 Lyon 7 le samedi le 2 septembre 2023. N\u2019h\u00e9sitez pas \u00e0 venir nous rencontrer, nous poser vos questions et d\u00e9couvrir le Wing Chun Kung Fu"},"aioseo_meta_data":{"post_id":"1503","title":null,"description":null,"keywords":[],"keyphrases":{"focus":{"keyphrase":"","score":0,"analysis":{"keyphraseInTitle":{"score":0,"maxScore":9,"error":1}}},"additional":[]},"primary_term":null,"canonical_url":null,"og_title":null,"og_description":null,"og_object_type":"default","og_image_type":"default","og_image_url":null,"og_image_width":null,"og_image_height":null,"og_image_custom_url":null,"og_image_custom_fields":null,"og_video":"","og_custom_url":null,"og_article_section":null,"og_article_tags":[],"twitter_use_og":false,"twitter_card":"default","twitter_image_type":"default","twitter_image_url":null,"twitter_image_custom_url":null,"twitter_image_custom_fields":null,"twitter_title":null,"twitter_description":null,"schema":{"blockGraphs":[],"customGraphs":[],"default":{"data":{"Article":[],"Course":[],"Dataset":[],"FAQPage":[],"Movie":[],"Person":[],"Product":[],"ProductReview":[],"Car":[],"Recipe":[],"Service":[],"SoftwareApplication":[],"WebPage":[]},"graphName":"Article","isEnabled":true},"graphs":[]},"schema_type":"default","schema_type_options":null,"pillar_content":false,"robots_default":true,"robots_noindex":false,"robots_noarchive":false,"robots_nosnippet":false,"robots_nofollow":false,"robots_noimageindex":false,"robots_noodp":false,"robots_notranslate":false,"robots_max_snippet":"-1","robots_max_videopreview":"-1","robots_max_imagepreview":"large","priority":null,"frequency":"default","local_seo":null,"breadcrumb_settings":null,"limit_modified_date":false,"ai":null,"created":"2023-07-22 21:42:12","updated":"2025-07-14 22:30:33","seo_analyzer_scan_date":null,"focus_keyword":null,"additional_keywords":null,"truseo_locale":null},"aioseo_breadcrumb":"<div class=\"aioseo-breadcrumbs\"><span class=\"aioseo-breadcrumb\">\n\t\t\t<a href=\"https:\/\/www.awtr69.asso.fr\" title=\"Accueil\">Accueil<\/a>\n\t\t<\/span><span class=\"aioseo-breadcrumb-separator\">&raquo;<\/span><span class=\"aioseo-breadcrumb\">\n\t\t\t<a href=\"https:\/\/www.awtr69.asso.fr\/?cat=1\" title=\"Non class\u00e9\">Non class\u00e9<\/a>\n\t\t<\/span><span class=\"aioseo-breadcrumb-separator\">&raquo;<\/span><span class=\"aioseo-breadcrumb\">\n\t\t\tRDV au Forum des associations\n\t\t<\/span><\/div>","aioseo_breadcrumb_json":[{"label":"Accueil","link":"https:\/\/www.awtr69.asso.fr"},{"label":"Non class\u00e9","link":"https:\/\/www.awtr69.asso.fr\/?cat=1"},{"label":"RDV au Forum des associations","link":"https:\/\/www.awtr69.asso.fr\/?p=1503"}],"_links":{"self":[{"href":"https:\/\/www.awtr69.asso.fr\/index.php?rest_route=\/wp\/v2\/posts\/1503","targetHints":{"allow":["GET"]}}],"collection":[{"href":"https:\/\/www.awtr69.asso.fr\/index.php?rest_route=\/wp\/v2\/posts"}],"about":[{"href":"https:\/\/www.awtr69.asso.fr\/index.php?rest_route=\/wp\/v2\/types\/post"}],"author":[{"embeddable":true,"href":"https:\/\/www.awtr69.asso.fr\/index.php?rest_route=\/wp\/v2\/users\/2"}],"replies":[{"embeddable":true,"href":"https:\/\/www.awtr69.asso.fr\/index.php?rest_route=%2Fwp%2Fv2%2Fcomments&post=1503"}],"version-history":[{"count":1,"href":"https:\/\/www.awtr69.asso.fr\/index.php?rest_route=\/wp\/v2\/posts\/1503\/revisions"}],"predecessor-version":[{"id":1505,"href":"https:\/\/www.awtr69.asso.fr\/index.php?rest_route=\/wp\/v2\/posts\/1503\/revisions\/1505"}],"wp:featuredmedia":[{"embeddable":true,"href":"https:\/\/www.awtr69.asso.fr\/index.php?rest_route=\/wp\/v2\/media\/1504"}],"wp:attachment":[{"href":"https:\/\/www.awtr69.asso.fr\/index.php?rest_route=%2Fwp%2Fv2%2Fmedia&parent=1503"}],"wp:term":[{"taxonomy":"category","embeddable":true,"href":"https:\/\/www.awtr69.asso.fr\/index.php?rest_route=%2Fwp%2Fv2%2Fcategories&post=1503"},{"taxonomy":"post_tag","embeddable":true,"href":"https:\/\/www.awtr69.asso.fr\/index.php?rest_route=%2Fwp%2Fv2%2Ftags&post=1503"}],"curies":[{"name":"wp","href":"https:\/\/api.w.org\/{rel}","templated":true}]}}