{"id":1547,"date":"2024-07-29T23:10:10","date_gmt":"2024-07-29T21:10:10","guid":{"rendered":"https:\/\/www.awtr69.asso.fr\/?p=1547"},"modified":"2024-08-01T18:45:56","modified_gmt":"2024-08-01T16:45:56","slug":"forum-des-associations-nous-serons-la","status":"publish","type":"post","link":"https:\/\/www.awtr69.asso.fr\/?p=1547","title":{"rendered":"Forum des Associations: nous serons l\u00e0!"},"content":{"rendered":"\n<p class=\"wp-block-paragraph\">Bonjour \u00e0 tous,<\/p>\n\n\n\n<p class=\"wp-block-paragraph\">Comme chaque ann\u00e9e, nous serons pr\u00e9sents au forum des associations de Lyon 7<\/p>\n\n\n<div class=\"wp-block-image\">\n<figure class=\"aligncenter size-large\"><a href=\"https:\/\/www.awtr69.asso.fr\/wp-content\/uploads\/2024\/07\/2024_ForumAssos_post-1.png\"><img loading=\"lazy\" decoding=\"async\" width=\"1024\" height=\"1024\" src=\"https:\/\/www.awtr69.asso.fr\/wp-content\/uploads\/2024\/07\/2024_ForumAssos_post-1-1024x1024.png\" alt=\"\" class=\"wp-image-1549\" srcset=\"https:\/\/www.awtr69.asso.fr\/wp-content\/uploads\/2024\/07\/2024_ForumAssos_post-1-1024x1024.png 1024w, https:\/\/www.awtr69.asso.fr\/wp-content\/uploads\/2024\/07\/2024_ForumAssos_post-1-300x300.png 300w, https:\/\/www.awtr69.asso.fr\/wp-content\/uploads\/2024\/07\/2024_ForumAssos_post-1-150x150.png 150w, https:\/\/www.awtr69.asso.fr\/wp-content\/uploads\/2024\/07\/2024_ForumAssos_post-1-768x768.png 768w, https:\/\/www.awtr69.asso.fr\/wp-content\/uploads\/2024\/07\/2024_ForumAssos_post-1-432x432.png 432w, https:\/\/www.awtr69.asso.fr\/wp-content\/uploads\/2024\/07\/2024_ForumAssos_post-1-268x268.png 268w, https:\/\/www.awtr69.asso.fr\/wp-content\/uploads\/2024\/07\/2024_ForumAssos_post-1-700x700.png 700w, https:\/\/www.awtr69.asso.fr\/wp-content\/uploads\/2024\/07\/2024_ForumAssos_post-1.png 1080w\" sizes=\"auto, (max-width: 1024px) 100vw, 1024px\" \/><\/a><\/figure>\n<\/div>\n\n\n<p class=\"wp-block-paragraph\">Les informations principales:<\/p>\n\n\n\n<p class=\"wp-block-paragraph\"> de 10h \u00e0 17h<\/p>\n\n\n\n<p class=\"wp-block-paragraph\">au Gymnase Cl\u00e9menceau et Place du Prado \u00e0 Lyon 7 <\/p>\n\n\n\n<p class=\"wp-block-paragraph\">le samedi le 7 septembre 2024.<\/p>\n\n\n\n<p class=\"wp-block-paragraph\"><\/p>\n\n\n\n<p class=\"wp-block-paragraph\"><a><\/a>N\u2019h\u00e9sitez pas \u00e0 venir nous rencontrer, nous poser vos questions et d\u00e9couvrir le Wing Chun Kung Fu<\/p>\n","protected":false},"excerpt":{"rendered":"<p>Bonjour \u00e0 tous, Comme chaque ann\u00e9e, nous serons pr\u00e9sents au forum des associations de Lyon 7 Les informations principales: de 10h \u00e0 17h au Gymnase Cl\u00e9menceau et Place du Prado \u00e0 Lyon 7 le samedi le 7 septembre 2024. N\u2019h\u00e9sitez pas \u00e0 venir nous rencontrer, nous poser vos questions et &#8230;<\/p>\n","protected":false},"author":2,"featured_media":1548,"comment_status":"open","ping_status":"open","sticky":false,"template":"","format":"image","meta":{"om_disable_all_campaigns":false,"_monsterinsights_skip_tracking":false,"ngg_post_thumbnail":0,"footnotes":""},"categories":[1],"tags":[34,62,7,66,13,6],"class_list":["post-1547","post","type-post","status-publish","format-image","has-post-thumbnail","hentry","category-non-classe","tag-chi-sao","tag-kung-fu","tag-lyon","tag-lyon-7","tag-wing-chun","tag-wing-tsun","post_format-post-format-image","column","threecol"],"aioseo_notices":[],"aioseo_head":"\n\t\t<!-- All in One SEO 5.0.0.1 - aioseo.com -->\n\t<meta name=\"description\" content=\"Bonjour \u00e0 tous, Comme chaque ann\u00e9e, nous serons pr\u00e9sents au forum des associations de Lyon 7 Les informations principales: de 10h \u00e0 17h au Gymnase Cl\u00e9menceau et Place du Prado \u00e0 Lyon 7 le samedi le 7 septembre 2024. N\u2019h\u00e9sitez pas \u00e0 venir nous rencontrer, nous poser vos questions et d\u00e9couvrir le Wing Chun Kung\" \/>\n\t<meta name=\"robots\" content=\"max-image-preview:large\" \/>\n\t<meta name=\"author\" content=\"gauthier\"\/>\n\t<meta name=\"keywords\" content=\"chi sao,kung fu,lyon,lyon 7,wing chun,wing tsun,non class\u00e9\" \/>\n\t<link rel=\"canonical\" href=\"https:\/\/www.awtr69.asso.fr\/?p=1547\" \/>\n\t<meta name=\"generator\" content=\"All in One SEO (AIOSEO) 5.0.0.1\" \/>\n\t\t<meta property=\"og:locale\" content=\"fr_FR\" \/>\n\t\t<meta property=\"og:site_name\" content=\"Association Wing Tsun du Rh\u00f4ne | Wing Chun Kung Fu \u00e0 Lyon\" \/>\n\t\t<meta property=\"og:type\" content=\"article\" \/>\n\t\t<meta property=\"og:title\" content=\"Forum des Associations: nous serons l\u00e0! | Association Wing Tsun du Rh\u00f4ne\" \/>\n\t\t<meta property=\"og:description\" content=\"Bonjour \u00e0 tous, Comme chaque ann\u00e9e, nous serons pr\u00e9sents au forum des associations de Lyon 7 Les informations principales: de 10h \u00e0 17h au Gymnase Cl\u00e9menceau et Place du Prado \u00e0 Lyon 7 le samedi le 7 septembre 2024. N\u2019h\u00e9sitez pas \u00e0 venir nous rencontrer, nous poser vos questions et d\u00e9couvrir le Wing Chun Kung\" \/>\n\t\t<meta property=\"og:url\" content=\"https:\/\/www.awtr69.asso.fr\/?p=1547\" \/>\n\t\t<meta property=\"article:published_time\" content=\"2024-07-29T21:10:10+00:00\" \/>\n\t\t<meta property=\"article:modified_time\" content=\"2024-08-01T16:45:56+00:00\" \/>\n\t\t<meta property=\"article:publisher\" content=\"https:\/\/www.facebook.com\/profile.php?id=100083353388314\" \/>\n\t\t<meta name=\"twitter:card\" content=\"summary\" \/>\n\t\t<meta name=\"twitter:title\" content=\"Forum des Associations: nous serons l\u00e0! | Association Wing Tsun du Rh\u00f4ne\" \/>\n\t\t<meta name=\"twitter:description\" content=\"Bonjour \u00e0 tous, Comme chaque ann\u00e9e, nous serons pr\u00e9sents au forum des associations de Lyon 7 Les informations principales: de 10h \u00e0 17h au Gymnase Cl\u00e9menceau et Place du Prado \u00e0 Lyon 7 le samedi le 7 septembre 2024. N\u2019h\u00e9sitez pas \u00e0 venir nous rencontrer, nous poser vos questions et d\u00e9couvrir le Wing Chun Kung\" \/>\n\t\t<script type=\"application\/ld+json\" class=\"aioseo-schema\">\n\t\t\t{\"@context\":\"https:\\\/\\\/schema.org\",\"@graph\":[{\"@type\":\"Article\",\"@id\":\"https:\\\/\\\/www.awtr69.asso.fr\\\/?p=1547#article\",\"name\":\"Forum des Associations: nous serons l\\u00e0! | Association Wing Tsun du Rh\\u00f4ne\",\"headline\":\"Forum des Associations: nous serons l\\u00e0!\",\"author\":{\"@id\":\"https:\\\/\\\/www.awtr69.asso.fr\\\/?author=2#author\"},\"publisher\":{\"@id\":\"https:\\\/\\\/www.awtr69.asso.fr\\\/#organization\"},\"image\":{\"@type\":\"ImageObject\",\"url\":\"https:\\\/\\\/www.awtr69.asso.fr\\\/wp-content\\\/uploads\\\/2024\\\/07\\\/2024_ForumAssos_post.png\",\"width\":1080,\"height\":1080,\"caption\":\"wing chun kung fu wing tsun lyon\"},\"datePublished\":\"2024-07-29T23:10:10+02:00\",\"dateModified\":\"2024-08-01T18:45:56+02:00\",\"inLanguage\":\"fr-FR\",\"mainEntityOfPage\":{\"@id\":\"https:\\\/\\\/www.awtr69.asso.fr\\\/?p=1547#webpage\"},\"isPartOf\":{\"@id\":\"https:\\\/\\\/www.awtr69.asso.fr\\\/?p=1547#webpage\"},\"articleSection\":\"Non class\\u00e9, chi sao, Kung Fu, lyon, Lyon 7, wing chun, wing tsun, Image\"},{\"@type\":\"BreadcrumbList\",\"@id\":\"https:\\\/\\\/www.awtr69.asso.fr\\\/?p=1547#breadcrumblist\",\"itemListElement\":[{\"@type\":\"ListItem\",\"@id\":\"https:\\\/\\\/www.awtr69.asso.fr#listItem\",\"position\":1,\"name\":\"Accueil\",\"item\":\"https:\\\/\\\/www.awtr69.asso.fr\",\"nextItem\":{\"@type\":\"ListItem\",\"@id\":\"https:\\\/\\\/www.awtr69.asso.fr\\\/?cat=1#listItem\",\"name\":\"Non class\\u00e9\"}},{\"@type\":\"ListItem\",\"@id\":\"https:\\\/\\\/www.awtr69.asso.fr\\\/?cat=1#listItem\",\"position\":2,\"name\":\"Non class\\u00e9\",\"item\":\"https:\\\/\\\/www.awtr69.asso.fr\\\/?cat=1\",\"nextItem\":{\"@type\":\"ListItem\",\"@id\":\"https:\\\/\\\/www.awtr69.asso.fr\\\/?p=1547#listItem\",\"name\":\"Forum des Associations: nous serons l\\u00e0!\"},\"previousItem\":{\"@type\":\"ListItem\",\"@id\":\"https:\\\/\\\/www.awtr69.asso.fr#listItem\",\"name\":\"Accueil\"}},{\"@type\":\"ListItem\",\"@id\":\"https:\\\/\\\/www.awtr69.asso.fr\\\/?p=1547#listItem\",\"position\":3,\"name\":\"Forum des Associations: nous serons l\\u00e0!\",\"previousItem\":{\"@type\":\"ListItem\",\"@id\":\"https:\\\/\\\/www.awtr69.asso.fr\\\/?cat=1#listItem\",\"name\":\"Non class\\u00e9\"}}]},{\"@type\":\"Organization\",\"@id\":\"https:\\\/\\\/www.awtr69.asso.fr\\\/#organization\",\"name\":\"Association du Wing Tsun du Rh\\u00f4ne\",\"description\":\"Wing Chun Kung Fu \\u00e0 Lyon\",\"url\":\"https:\\\/\\\/www.awtr69.asso.fr\\\/\",\"logo\":{\"@type\":\"ImageObject\",\"url\":\"https:\\\/\\\/www.awtr69.asso.fr\\\/wp-content\\\/uploads\\\/2013\\\/02\\\/Header_bleu3-copie.jpg\",\"@id\":\"https:\\\/\\\/www.awtr69.asso.fr\\\/?p=1547\\\/#organizationLogo\",\"width\":840,\"height\":115},\"image\":{\"@id\":\"https:\\\/\\\/www.awtr69.asso.fr\\\/?p=1547\\\/#organizationLogo\"},\"sameAs\":[\"https:\\\/\\\/www.facebook.com\\\/profile.php?id=100083353388314\"]},{\"@type\":\"Person\",\"@id\":\"https:\\\/\\\/www.awtr69.asso.fr\\\/?author=2#author\",\"url\":\"https:\\\/\\\/www.awtr69.asso.fr\\\/?author=2\",\"name\":\"gauthier\",\"image\":{\"@type\":\"ImageObject\",\"@id\":\"https:\\\/\\\/www.awtr69.asso.fr\\\/?p=1547#authorImage\",\"url\":\"https:\\\/\\\/secure.gravatar.com\\\/avatar\\\/8c8f80f45a21bad7ef4aaf91c3fabe7b2f37187184bd17501dc160853ef43f01?s=96&d=mm&r=g\",\"width\":96,\"height\":96,\"caption\":\"gauthier\"}},{\"@type\":\"WebPage\",\"@id\":\"https:\\\/\\\/www.awtr69.asso.fr\\\/?p=1547#webpage\",\"url\":\"https:\\\/\\\/www.awtr69.asso.fr\\\/?p=1547\",\"name\":\"Forum des Associations: nous serons l\\u00e0! | Association Wing Tsun du Rh\\u00f4ne\",\"description\":\"Bonjour \\u00e0 tous, Comme chaque ann\\u00e9e, nous serons pr\\u00e9sents au forum des associations de Lyon 7 Les informations principales: de 10h \\u00e0 17h au Gymnase Cl\\u00e9menceau et Place du Prado \\u00e0 Lyon 7 le samedi le 7 septembre 2024. N\\u2019h\\u00e9sitez pas \\u00e0 venir nous rencontrer, nous poser vos questions et d\\u00e9couvrir le Wing Chun Kung\",\"inLanguage\":\"fr-FR\",\"isPartOf\":{\"@id\":\"https:\\\/\\\/www.awtr69.asso.fr\\\/#website\"},\"breadcrumb\":{\"@id\":\"https:\\\/\\\/www.awtr69.asso.fr\\\/?p=1547#breadcrumblist\"},\"author\":{\"@id\":\"https:\\\/\\\/www.awtr69.asso.fr\\\/?author=2#author\"},\"creator\":{\"@id\":\"https:\\\/\\\/www.awtr69.asso.fr\\\/?author=2#author\"},\"image\":{\"@type\":\"ImageObject\",\"url\":\"https:\\\/\\\/www.awtr69.asso.fr\\\/wp-content\\\/uploads\\\/2024\\\/07\\\/2024_ForumAssos_post.png\",\"@id\":\"https:\\\/\\\/www.awtr69.asso.fr\\\/?p=1547\\\/#mainImage\",\"width\":1080,\"height\":1080,\"caption\":\"wing chun kung fu wing tsun lyon\"},\"primaryImageOfPage\":{\"@id\":\"https:\\\/\\\/www.awtr69.asso.fr\\\/?p=1547#mainImage\"},\"datePublished\":\"2024-07-29T23:10:10+02:00\",\"dateModified\":\"2024-08-01T18:45:56+02:00\"},{\"@type\":\"WebSite\",\"@id\":\"https:\\\/\\\/www.awtr69.asso.fr\\\/#website\",\"url\":\"https:\\\/\\\/www.awtr69.asso.fr\\\/\",\"name\":\"Association Wing Tsun du Rh\\u00f4ne\",\"description\":\"Wing Chun Kung Fu \\u00e0 Lyon\",\"inLanguage\":\"fr-FR\",\"publisher\":{\"@id\":\"https:\\\/\\\/www.awtr69.asso.fr\\\/#organization\"}}]}\n\t\t<\/script>\n\t\t<!-- All in One SEO -->\n\n","aioseo_head_json":{"title":"Forum des Associations: nous serons l\u00e0! | Association Wing Tsun du Rh\u00f4ne","description":"Bonjour \u00e0 tous, Comme chaque ann\u00e9e, nous serons pr\u00e9sents au forum des associations de Lyon 7 Les informations principales: de 10h \u00e0 17h au Gymnase Cl\u00e9menceau et Place du Prado \u00e0 Lyon 7 le samedi le 7 septembre 2024. N\u2019h\u00e9sitez pas \u00e0 venir nous rencontrer, nous poser vos questions et d\u00e9couvrir le Wing Chun Kung","canonical_url":"https:\/\/www.awtr69.asso.fr\/?p=1547","robots":"max-image-preview:large","keywords":"chi sao,kung fu,lyon,lyon 7,wing chun,wing tsun,non class\u00e9","webmasterTools":{"miscellaneous":""},"schema":{"@context":"https:\/\/schema.org","@graph":[{"@type":"Article","@id":"https:\/\/www.awtr69.asso.fr\/?p=1547#article","name":"Forum des Associations: nous serons l\u00e0! | Association Wing Tsun du Rh\u00f4ne","headline":"Forum des Associations: nous serons l\u00e0!","author":{"@id":"https:\/\/www.awtr69.asso.fr\/?author=2#author"},"publisher":{"@id":"https:\/\/www.awtr69.asso.fr\/#organization"},"image":{"@type":"ImageObject","url":"https:\/\/www.awtr69.asso.fr\/wp-content\/uploads\/2024\/07\/2024_ForumAssos_post.png","width":1080,"height":1080,"caption":"wing chun kung fu wing tsun lyon"},"datePublished":"2024-07-29T23:10:10+02:00","dateModified":"2024-08-01T18:45:56+02:00","inLanguage":"fr-FR","mainEntityOfPage":{"@id":"https:\/\/www.awtr69.asso.fr\/?p=1547#webpage"},"isPartOf":{"@id":"https:\/\/www.awtr69.asso.fr\/?p=1547#webpage"},"articleSection":"Non class\u00e9, chi sao, Kung Fu, lyon, Lyon 7, wing chun, wing tsun, Image"},{"@type":"BreadcrumbList","@id":"https:\/\/www.awtr69.asso.fr\/?p=1547#breadcrumblist","itemListElement":[{"@type":"ListItem","@id":"https:\/\/www.awtr69.asso.fr#listItem","position":1,"name":"Accueil","item":"https:\/\/www.awtr69.asso.fr","nextItem":{"@type":"ListItem","@id":"https:\/\/www.awtr69.asso.fr\/?cat=1#listItem","name":"Non class\u00e9"}},{"@type":"ListItem","@id":"https:\/\/www.awtr69.asso.fr\/?cat=1#listItem","position":2,"name":"Non class\u00e9","item":"https:\/\/www.awtr69.asso.fr\/?cat=1","nextItem":{"@type":"ListItem","@id":"https:\/\/www.awtr69.asso.fr\/?p=1547#listItem","name":"Forum des Associations: nous serons l\u00e0!"},"previousItem":{"@type":"ListItem","@id":"https:\/\/www.awtr69.asso.fr#listItem","name":"Accueil"}},{"@type":"ListItem","@id":"https:\/\/www.awtr69.asso.fr\/?p=1547#listItem","position":3,"name":"Forum des Associations: nous serons l\u00e0!","previousItem":{"@type":"ListItem","@id":"https:\/\/www.awtr69.asso.fr\/?cat=1#listItem","name":"Non class\u00e9"}}]},{"@type":"Organization","@id":"https:\/\/www.awtr69.asso.fr\/#organization","name":"Association du Wing Tsun du Rh\u00f4ne","description":"Wing Chun Kung Fu \u00e0 Lyon","url":"https:\/\/www.awtr69.asso.fr\/","logo":{"@type":"ImageObject","url":"https:\/\/www.awtr69.asso.fr\/wp-content\/uploads\/2013\/02\/Header_bleu3-copie.jpg","@id":"https:\/\/www.awtr69.asso.fr\/?p=1547\/#organizationLogo","width":840,"height":115},"image":{"@id":"https:\/\/www.awtr69.asso.fr\/?p=1547\/#organizationLogo"},"sameAs":["https:\/\/www.facebook.com\/profile.php?id=100083353388314"]},{"@type":"Person","@id":"https:\/\/www.awtr69.asso.fr\/?author=2#author","url":"https:\/\/www.awtr69.asso.fr\/?author=2","name":"gauthier","image":{"@type":"ImageObject","@id":"https:\/\/www.awtr69.asso.fr\/?p=1547#authorImage","url":"https:\/\/secure.gravatar.com\/avatar\/8c8f80f45a21bad7ef4aaf91c3fabe7b2f37187184bd17501dc160853ef43f01?s=96&d=mm&r=g","width":96,"height":96,"caption":"gauthier"}},{"@type":"WebPage","@id":"https:\/\/www.awtr69.asso.fr\/?p=1547#webpage","url":"https:\/\/www.awtr69.asso.fr\/?p=1547","name":"Forum des Associations: nous serons l\u00e0! | Association Wing Tsun du Rh\u00f4ne","description":"Bonjour \u00e0 tous, Comme chaque ann\u00e9e, nous serons pr\u00e9sents au forum des associations de Lyon 7 Les informations principales: de 10h \u00e0 17h au Gymnase Cl\u00e9menceau et Place du Prado \u00e0 Lyon 7 le samedi le 7 septembre 2024. N\u2019h\u00e9sitez pas \u00e0 venir nous rencontrer, nous poser vos questions et d\u00e9couvrir le Wing Chun Kung","inLanguage":"fr-FR","isPartOf":{"@id":"https:\/\/www.awtr69.asso.fr\/#website"},"breadcrumb":{"@id":"https:\/\/www.awtr69.asso.fr\/?p=1547#breadcrumblist"},"author":{"@id":"https:\/\/www.awtr69.asso.fr\/?author=2#author"},"creator":{"@id":"https:\/\/www.awtr69.asso.fr\/?author=2#author"},"image":{"@type":"ImageObject","url":"https:\/\/www.awtr69.asso.fr\/wp-content\/uploads\/2024\/07\/2024_ForumAssos_post.png","@id":"https:\/\/www.awtr69.asso.fr\/?p=1547\/#mainImage","width":1080,"height":1080,"caption":"wing chun kung fu wing tsun lyon"},"primaryImageOfPage":{"@id":"https:\/\/www.awtr69.asso.fr\/?p=1547#mainImage"},"datePublished":"2024-07-29T23:10:10+02:00","dateModified":"2024-08-01T18:45:56+02:00"},{"@type":"WebSite","@id":"https:\/\/www.awtr69.asso.fr\/#website","url":"https:\/\/www.awtr69.asso.fr\/","name":"Association Wing Tsun du Rh\u00f4ne","description":"Wing Chun Kung Fu \u00e0 Lyon","inLanguage":"fr-FR","publisher":{"@id":"https:\/\/www.awtr69.asso.fr\/#organization"}}]},"og:locale":"fr_FR","og:site_name":"Association Wing Tsun du Rh\u00f4ne | Wing Chun Kung Fu \u00e0 Lyon","og:type":"article","og:title":"Forum des Associations: nous serons l\u00e0! | Association Wing Tsun du Rh\u00f4ne","og:description":"Bonjour \u00e0 tous, Comme chaque ann\u00e9e, nous serons pr\u00e9sents au forum des associations de Lyon 7 Les informations principales: de 10h \u00e0 17h au Gymnase Cl\u00e9menceau et Place du Prado \u00e0 Lyon 7 le samedi le 7 septembre 2024. N\u2019h\u00e9sitez pas \u00e0 venir nous rencontrer, nous poser vos questions et d\u00e9couvrir le Wing Chun Kung","og:url":"https:\/\/www.awtr69.asso.fr\/?p=1547","article:published_time":"2024-07-29T21:10:10+00:00","article:modified_time":"2024-08-01T16:45:56+00:00","article:publisher":"https:\/\/www.facebook.com\/profile.php?id=100083353388314","twitter:card":"summary","twitter:title":"Forum des Associations: nous serons l\u00e0! | Association Wing Tsun du Rh\u00f4ne","twitter:description":"Bonjour \u00e0 tous, Comme chaque ann\u00e9e, nous serons pr\u00e9sents au forum des associations de Lyon 7 Les informations principales: de 10h \u00e0 17h au Gymnase Cl\u00e9menceau et Place du Prado \u00e0 Lyon 7 le samedi le 7 septembre 2024. N\u2019h\u00e9sitez pas \u00e0 venir nous rencontrer, nous poser vos questions et d\u00e9couvrir le Wing Chun Kung"},"aioseo_meta_data":{"post_id":"1547","title":null,"description":null,"keywords":null,"keyphrases":{"focus":{"keyphrase":"","score":0,"analysis":{"keyphraseInTitle":{"score":0,"maxScore":9,"error":1}}},"additional":[]},"primary_term":null,"canonical_url":null,"og_title":null,"og_description":null,"og_object_type":"default","og_image_type":"default","og_image_url":null,"og_image_width":null,"og_image_height":null,"og_image_custom_url":null,"og_image_custom_fields":null,"og_video":"","og_custom_url":null,"og_article_section":null,"og_article_tags":null,"twitter_use_og":false,"twitter_card":"default","twitter_image_type":"default","twitter_image_url":null,"twitter_image_custom_url":null,"twitter_image_custom_fields":null,"twitter_title":null,"twitter_description":null,"schema":{"blockGraphs":[],"customGraphs":[],"default":{"data":{"Article":[],"Course":[],"Dataset":[],"FAQPage":[],"Movie":[],"Person":[],"Product":[],"ProductReview":[],"Car":[],"Recipe":[],"Service":[],"SoftwareApplication":[],"WebPage":[]},"graphName":"Article","isEnabled":true},"graphs":[]},"schema_type":"default","schema_type_options":null,"pillar_content":false,"robots_default":true,"robots_noindex":false,"robots_noarchive":false,"robots_nosnippet":false,"robots_nofollow":false,"robots_noimageindex":false,"robots_noodp":false,"robots_notranslate":false,"robots_max_snippet":"-1","robots_max_videopreview":"-1","robots_max_imagepreview":"large","priority":null,"frequency":"default","local_seo":null,"breadcrumb_settings":null,"limit_modified_date":false,"ai":null,"created":"2024-07-29 21:07:10","updated":"2025-07-14 22:37:43","seo_analyzer_scan_date":null,"focus_keyword":null,"additional_keywords":null,"truseo_locale":null},"aioseo_breadcrumb":"<div class=\"aioseo-breadcrumbs\"><span class=\"aioseo-breadcrumb\">\n\t\t\t<a href=\"https:\/\/www.awtr69.asso.fr\" title=\"Accueil\">Accueil<\/a>\n\t\t<\/span><span class=\"aioseo-breadcrumb-separator\">&raquo;<\/span><span class=\"aioseo-breadcrumb\">\n\t\t\t<a href=\"https:\/\/www.awtr69.asso.fr\/?cat=1\" title=\"Non class\u00e9\">Non class\u00e9<\/a>\n\t\t<\/span><span class=\"aioseo-breadcrumb-separator\">&raquo;<\/span><span class=\"aioseo-breadcrumb\">\n\t\t\tForum des Associations: nous serons l\u00e0!\n\t\t<\/span><\/div>","aioseo_breadcrumb_json":[{"label":"Accueil","link":"https:\/\/www.awtr69.asso.fr"},{"label":"Non class\u00e9","link":"https:\/\/www.awtr69.asso.fr\/?cat=1"},{"label":"Forum des Associations: nous serons l\u00e0!","link":"https:\/\/www.awtr69.asso.fr\/?p=1547"}],"_links":{"self":[{"href":"https:\/\/www.awtr69.asso.fr\/index.php?rest_route=\/wp\/v2\/posts\/1547","targetHints":{"allow":["GET"]}}],"collection":[{"href":"https:\/\/www.awtr69.asso.fr\/index.php?rest_route=\/wp\/v2\/posts"}],"about":[{"href":"https:\/\/www.awtr69.asso.fr\/index.php?rest_route=\/wp\/v2\/types\/post"}],"author":[{"embeddable":true,"href":"https:\/\/www.awtr69.asso.fr\/index.php?rest_route=\/wp\/v2\/users\/2"}],"replies":[{"embeddable":true,"href":"https:\/\/www.awtr69.asso.fr\/index.php?rest_route=%2Fwp%2Fv2%2Fcomments&post=1547"}],"version-history":[{"count":2,"href":"https:\/\/www.awtr69.asso.fr\/index.php?rest_route=\/wp\/v2\/posts\/1547\/revisions"}],"predecessor-version":[{"id":1565,"href":"https:\/\/www.awtr69.asso.fr\/index.php?rest_route=\/wp\/v2\/posts\/1547\/revisions\/1565"}],"wp:featuredmedia":[{"embeddable":true,"href":"https:\/\/www.awtr69.asso.fr\/index.php?rest_route=\/wp\/v2\/media\/1548"}],"wp:attachment":[{"href":"https:\/\/www.awtr69.asso.fr\/index.php?rest_route=%2Fwp%2Fv2%2Fmedia&parent=1547"}],"wp:term":[{"taxonomy":"category","embeddable":true,"href":"https:\/\/www.awtr69.asso.fr\/index.php?rest_route=%2Fwp%2Fv2%2Fcategories&post=1547"},{"taxonomy":"post_tag","embeddable":true,"href":"https:\/\/www.awtr69.asso.fr\/index.php?rest_route=%2Fwp%2Fv2%2Ftags&post=1547"}],"curies":[{"name":"wp","href":"https:\/\/api.w.org\/{rel}","templated":true}]}}