{"id":1623,"date":"2024-09-15T22:57:00","date_gmt":"2024-09-15T20:57:00","guid":{"rendered":"https:\/\/www.awtr69.asso.fr\/?p=1623"},"modified":"2025-03-15T23:13:10","modified_gmt":"2025-03-15T21:13:10","slug":"forum-des-associations-lyon-7-2024-nous-y-etions","status":"publish","type":"post","link":"https:\/\/www.awtr69.asso.fr\/?p=1623","title":{"rendered":"Forum des associations Lyon 7 &#8211; 2024: nous y \u00e9tions!"},"content":{"rendered":"\n<p class=\"wp-block-paragraph\">Comme chaque ann\u00e9e, nous \u00e9tions pr\u00e9sents au forum des associations organis\u00e9 par la Mairie de Lyon 7.<\/p>\n\n\n<div class=\"wp-block-image\">\n<figure class=\"aligncenter size-large is-resized\"><a href=\"https:\/\/www.awtr69.asso.fr\/wp-content\/uploads\/2025\/03\/IMG_20240907_095113-1-scaled.jpg\"><img loading=\"lazy\" decoding=\"async\" width=\"771\" height=\"1024\" src=\"https:\/\/www.awtr69.asso.fr\/wp-content\/uploads\/2025\/03\/IMG_20240907_095113-1-771x1024.jpg\" alt=\"\" class=\"wp-image-1625\" style=\"width:555px;height:auto\" srcset=\"https:\/\/www.awtr69.asso.fr\/wp-content\/uploads\/2025\/03\/IMG_20240907_095113-1-771x1024.jpg 771w, https:\/\/www.awtr69.asso.fr\/wp-content\/uploads\/2025\/03\/IMG_20240907_095113-1-226x300.jpg 226w, https:\/\/www.awtr69.asso.fr\/wp-content\/uploads\/2025\/03\/IMG_20240907_095113-1-768x1020.jpg 768w, https:\/\/www.awtr69.asso.fr\/wp-content\/uploads\/2025\/03\/IMG_20240907_095113-1-1157x1536.jpg 1157w, https:\/\/www.awtr69.asso.fr\/wp-content\/uploads\/2025\/03\/IMG_20240907_095113-1-1542x2048.jpg 1542w, https:\/\/www.awtr69.asso.fr\/wp-content\/uploads\/2025\/03\/IMG_20240907_095113-1-700x930.jpg 700w, https:\/\/www.awtr69.asso.fr\/wp-content\/uploads\/2025\/03\/IMG_20240907_095113-1-scaled.jpg 1928w\" sizes=\"auto, (max-width: 771px) 100vw, 771px\" \/><\/a><\/figure>\n<\/div>\n\n<div class=\"wp-block-image\">\n<figure class=\"aligncenter size-large is-resized\"><a href=\"https:\/\/www.awtr69.asso.fr\/wp-content\/uploads\/2025\/03\/IMG_20240907_095501-scaled.jpg\"><img loading=\"lazy\" decoding=\"async\" width=\"771\" height=\"1024\" src=\"https:\/\/www.awtr69.asso.fr\/wp-content\/uploads\/2025\/03\/IMG_20240907_095501-771x1024.jpg\" alt=\"\" class=\"wp-image-1626\" style=\"width:531px;height:auto\" srcset=\"https:\/\/www.awtr69.asso.fr\/wp-content\/uploads\/2025\/03\/IMG_20240907_095501-771x1024.jpg 771w, https:\/\/www.awtr69.asso.fr\/wp-content\/uploads\/2025\/03\/IMG_20240907_095501-226x300.jpg 226w, https:\/\/www.awtr69.asso.fr\/wp-content\/uploads\/2025\/03\/IMG_20240907_095501-768x1020.jpg 768w, https:\/\/www.awtr69.asso.fr\/wp-content\/uploads\/2025\/03\/IMG_20240907_095501-1157x1536.jpg 1157w, https:\/\/www.awtr69.asso.fr\/wp-content\/uploads\/2025\/03\/IMG_20240907_095501-1542x2048.jpg 1542w, https:\/\/www.awtr69.asso.fr\/wp-content\/uploads\/2025\/03\/IMG_20240907_095501-700x930.jpg 700w, https:\/\/www.awtr69.asso.fr\/wp-content\/uploads\/2025\/03\/IMG_20240907_095501-scaled.jpg 1928w\" sizes=\"auto, (max-width: 771px) 100vw, 771px\" \/><\/a><\/figure>\n<\/div>\n\n\n<p class=\"wp-block-paragraph\">Une belle occasion pour pr\u00e9senter notre association et rencontrer les associations pr\u00e9sentes sur l&rsquo;arrondissement!<\/p>\n","protected":false},"excerpt":{"rendered":"<p>Comme chaque ann\u00e9e, nous \u00e9tions pr\u00e9sents au forum des associations organis\u00e9 par la Mairie de Lyon 7. Une belle occasion pour pr\u00e9senter notre association et rencontrer les associations pr\u00e9sentes sur l&rsquo;arrondissement!<\/p>\n","protected":false},"author":1,"featured_media":1624,"comment_status":"open","ping_status":"open","sticky":false,"template":"","format":"standard","meta":{"om_disable_all_campaigns":false,"_monsterinsights_skip_tracking":false,"ngg_post_thumbnail":0,"footnotes":""},"categories":[1],"tags":[],"class_list":["post-1623","post","type-post","status-publish","format-standard","has-post-thumbnail","hentry","category-non-classe","column","threecol","has-thumbnail"],"aioseo_notices":[],"aioseo_head":"\n\t\t<!-- All in One SEO 5.0.0.1 - aioseo.com -->\n\t<meta name=\"description\" content=\"Comme chaque ann\u00e9e, nous \u00e9tions pr\u00e9sents au forum des associations organis\u00e9 par la Mairie de Lyon 7. Une belle occasion pour pr\u00e9senter notre association et rencontrer les associations pr\u00e9sentes sur l&#039;arrondissement!\" \/>\n\t<meta name=\"robots\" content=\"max-image-preview:large\" \/>\n\t<meta name=\"author\" content=\"admin\"\/>\n\t<meta name=\"keywords\" content=\"non class\u00e9\" \/>\n\t<link rel=\"canonical\" href=\"https:\/\/www.awtr69.asso.fr\/?p=1623\" \/>\n\t<meta name=\"generator\" content=\"All in One SEO (AIOSEO) 5.0.0.1\" \/>\n\t\t<meta property=\"og:locale\" content=\"fr_FR\" \/>\n\t\t<meta property=\"og:site_name\" content=\"Association Wing Tsun du Rh\u00f4ne | Wing Chun Kung Fu \u00e0 Lyon\" \/>\n\t\t<meta property=\"og:type\" content=\"article\" \/>\n\t\t<meta property=\"og:title\" content=\"Forum des associations Lyon 7 \u2013 2024: nous y \u00e9tions! | Association Wing Tsun du Rh\u00f4ne\" \/>\n\t\t<meta property=\"og:description\" content=\"Comme chaque ann\u00e9e, nous \u00e9tions pr\u00e9sents au forum des associations organis\u00e9 par la Mairie de Lyon 7. Une belle occasion pour pr\u00e9senter notre association et rencontrer les associations pr\u00e9sentes sur l&#039;arrondissement!\" \/>\n\t\t<meta property=\"og:url\" content=\"https:\/\/www.awtr69.asso.fr\/?p=1623\" \/>\n\t\t<meta property=\"article:published_time\" content=\"2024-09-15T20:57:00+00:00\" \/>\n\t\t<meta property=\"article:modified_time\" content=\"2025-03-15T21:13:10+00:00\" \/>\n\t\t<meta property=\"article:publisher\" content=\"https:\/\/www.facebook.com\/profile.php?id=100083353388314\" \/>\n\t\t<meta name=\"twitter:card\" content=\"summary\" \/>\n\t\t<meta name=\"twitter:title\" content=\"Forum des associations Lyon 7 \u2013 2024: nous y \u00e9tions! | Association Wing Tsun du Rh\u00f4ne\" \/>\n\t\t<meta name=\"twitter:description\" content=\"Comme chaque ann\u00e9e, nous \u00e9tions pr\u00e9sents au forum des associations organis\u00e9 par la Mairie de Lyon 7. Une belle occasion pour pr\u00e9senter notre association et rencontrer les associations pr\u00e9sentes sur l&#039;arrondissement!\" \/>\n\t\t<script type=\"application\/ld+json\" class=\"aioseo-schema\">\n\t\t\t{\"@context\":\"https:\\\/\\\/schema.org\",\"@graph\":[{\"@type\":\"Article\",\"@id\":\"https:\\\/\\\/www.awtr69.asso.fr\\\/?p=1623#article\",\"name\":\"Forum des associations Lyon 7 \\u2013 2024: nous y \\u00e9tions! | Association Wing Tsun du Rh\\u00f4ne\",\"headline\":\"Forum des associations Lyon 7 &#8211; 2024: nous y \\u00e9tions!\",\"author\":{\"@id\":\"https:\\\/\\\/www.awtr69.asso.fr\\\/?author=1#author\"},\"publisher\":{\"@id\":\"https:\\\/\\\/www.awtr69.asso.fr\\\/#organization\"},\"image\":{\"@type\":\"ImageObject\",\"url\":\"https:\\\/\\\/www.awtr69.asso.fr\\\/wp-content\\\/uploads\\\/2025\\\/03\\\/IMG_20240907_095113-scaled.jpg\",\"width\":1928,\"height\":2560,\"caption\":\"wing chun kung fu lyon\"},\"datePublished\":\"2024-09-15T22:57:00+02:00\",\"dateModified\":\"2025-03-15T23:13:10+02:00\",\"inLanguage\":\"fr-FR\",\"mainEntityOfPage\":{\"@id\":\"https:\\\/\\\/www.awtr69.asso.fr\\\/?p=1623#webpage\"},\"isPartOf\":{\"@id\":\"https:\\\/\\\/www.awtr69.asso.fr\\\/?p=1623#webpage\"},\"articleSection\":\"Non class\\u00e9\"},{\"@type\":\"BreadcrumbList\",\"@id\":\"https:\\\/\\\/www.awtr69.asso.fr\\\/?p=1623#breadcrumblist\",\"itemListElement\":[{\"@type\":\"ListItem\",\"@id\":\"https:\\\/\\\/www.awtr69.asso.fr#listItem\",\"position\":1,\"name\":\"Accueil\",\"item\":\"https:\\\/\\\/www.awtr69.asso.fr\",\"nextItem\":{\"@type\":\"ListItem\",\"@id\":\"https:\\\/\\\/www.awtr69.asso.fr\\\/?cat=1#listItem\",\"name\":\"Non class\\u00e9\"}},{\"@type\":\"ListItem\",\"@id\":\"https:\\\/\\\/www.awtr69.asso.fr\\\/?cat=1#listItem\",\"position\":2,\"name\":\"Non class\\u00e9\",\"item\":\"https:\\\/\\\/www.awtr69.asso.fr\\\/?cat=1\",\"nextItem\":{\"@type\":\"ListItem\",\"@id\":\"https:\\\/\\\/www.awtr69.asso.fr\\\/?p=1623#listItem\",\"name\":\"Forum des associations Lyon 7 &#8211; 2024: nous y \\u00e9tions!\"},\"previousItem\":{\"@type\":\"ListItem\",\"@id\":\"https:\\\/\\\/www.awtr69.asso.fr#listItem\",\"name\":\"Accueil\"}},{\"@type\":\"ListItem\",\"@id\":\"https:\\\/\\\/www.awtr69.asso.fr\\\/?p=1623#listItem\",\"position\":3,\"name\":\"Forum des associations Lyon 7 &#8211; 2024: nous y \\u00e9tions!\",\"previousItem\":{\"@type\":\"ListItem\",\"@id\":\"https:\\\/\\\/www.awtr69.asso.fr\\\/?cat=1#listItem\",\"name\":\"Non class\\u00e9\"}}]},{\"@type\":\"Organization\",\"@id\":\"https:\\\/\\\/www.awtr69.asso.fr\\\/#organization\",\"name\":\"Association du Wing Tsun du Rh\\u00f4ne\",\"description\":\"Wing Chun Kung Fu \\u00e0 Lyon\",\"url\":\"https:\\\/\\\/www.awtr69.asso.fr\\\/\",\"logo\":{\"@type\":\"ImageObject\",\"url\":\"https:\\\/\\\/www.awtr69.asso.fr\\\/wp-content\\\/uploads\\\/2013\\\/02\\\/Header_bleu3-copie.jpg\",\"@id\":\"https:\\\/\\\/www.awtr69.asso.fr\\\/?p=1623\\\/#organizationLogo\",\"width\":840,\"height\":115},\"image\":{\"@id\":\"https:\\\/\\\/www.awtr69.asso.fr\\\/?p=1623\\\/#organizationLogo\"},\"sameAs\":[\"https:\\\/\\\/www.facebook.com\\\/profile.php?id=100083353388314\"]},{\"@type\":\"Person\",\"@id\":\"https:\\\/\\\/www.awtr69.asso.fr\\\/?author=1#author\",\"url\":\"https:\\\/\\\/www.awtr69.asso.fr\\\/?author=1\",\"name\":\"admin\",\"image\":{\"@type\":\"ImageObject\",\"@id\":\"https:\\\/\\\/www.awtr69.asso.fr\\\/?p=1623#authorImage\",\"url\":\"https:\\\/\\\/secure.gravatar.com\\\/avatar\\\/ed04002b7839ec79c5200667dd720d95b8c39c62372094812551eaa0c712476b?s=96&d=mm&r=g\",\"width\":96,\"height\":96,\"caption\":\"admin\"}},{\"@type\":\"WebPage\",\"@id\":\"https:\\\/\\\/www.awtr69.asso.fr\\\/?p=1623#webpage\",\"url\":\"https:\\\/\\\/www.awtr69.asso.fr\\\/?p=1623\",\"name\":\"Forum des associations Lyon 7 \\u2013 2024: nous y \\u00e9tions! | Association Wing Tsun du Rh\\u00f4ne\",\"description\":\"Comme chaque ann\\u00e9e, nous \\u00e9tions pr\\u00e9sents au forum des associations organis\\u00e9 par la Mairie de Lyon 7. Une belle occasion pour pr\\u00e9senter notre association et rencontrer les associations pr\\u00e9sentes sur l'arrondissement!\",\"inLanguage\":\"fr-FR\",\"isPartOf\":{\"@id\":\"https:\\\/\\\/www.awtr69.asso.fr\\\/#website\"},\"breadcrumb\":{\"@id\":\"https:\\\/\\\/www.awtr69.asso.fr\\\/?p=1623#breadcrumblist\"},\"author\":{\"@id\":\"https:\\\/\\\/www.awtr69.asso.fr\\\/?author=1#author\"},\"creator\":{\"@id\":\"https:\\\/\\\/www.awtr69.asso.fr\\\/?author=1#author\"},\"image\":{\"@type\":\"ImageObject\",\"url\":\"https:\\\/\\\/www.awtr69.asso.fr\\\/wp-content\\\/uploads\\\/2025\\\/03\\\/IMG_20240907_095113-scaled.jpg\",\"@id\":\"https:\\\/\\\/www.awtr69.asso.fr\\\/?p=1623\\\/#mainImage\",\"width\":1928,\"height\":2560,\"caption\":\"wing chun kung fu lyon\"},\"primaryImageOfPage\":{\"@id\":\"https:\\\/\\\/www.awtr69.asso.fr\\\/?p=1623#mainImage\"},\"datePublished\":\"2024-09-15T22:57:00+02:00\",\"dateModified\":\"2025-03-15T23:13:10+02:00\"},{\"@type\":\"WebSite\",\"@id\":\"https:\\\/\\\/www.awtr69.asso.fr\\\/#website\",\"url\":\"https:\\\/\\\/www.awtr69.asso.fr\\\/\",\"name\":\"Association Wing Tsun du Rh\\u00f4ne\",\"description\":\"Wing Chun Kung Fu \\u00e0 Lyon\",\"inLanguage\":\"fr-FR\",\"publisher\":{\"@id\":\"https:\\\/\\\/www.awtr69.asso.fr\\\/#organization\"}}]}\n\t\t<\/script>\n\t\t<!-- All in One SEO -->\n\n","aioseo_head_json":{"title":"Forum des associations Lyon 7 \u2013 2024: nous y \u00e9tions! | Association Wing Tsun du Rh\u00f4ne","description":"Comme chaque ann\u00e9e, nous \u00e9tions pr\u00e9sents au forum des associations organis\u00e9 par la Mairie de Lyon 7. Une belle occasion pour pr\u00e9senter notre association et rencontrer les associations pr\u00e9sentes sur l'arrondissement!","canonical_url":"https:\/\/www.awtr69.asso.fr\/?p=1623","robots":"max-image-preview:large","keywords":"non class\u00e9","webmasterTools":{"miscellaneous":""},"schema":{"@context":"https:\/\/schema.org","@graph":[{"@type":"Article","@id":"https:\/\/www.awtr69.asso.fr\/?p=1623#article","name":"Forum des associations Lyon 7 \u2013 2024: nous y \u00e9tions! | Association Wing Tsun du Rh\u00f4ne","headline":"Forum des associations Lyon 7 &#8211; 2024: nous y \u00e9tions!","author":{"@id":"https:\/\/www.awtr69.asso.fr\/?author=1#author"},"publisher":{"@id":"https:\/\/www.awtr69.asso.fr\/#organization"},"image":{"@type":"ImageObject","url":"https:\/\/www.awtr69.asso.fr\/wp-content\/uploads\/2025\/03\/IMG_20240907_095113-scaled.jpg","width":1928,"height":2560,"caption":"wing chun kung fu lyon"},"datePublished":"2024-09-15T22:57:00+02:00","dateModified":"2025-03-15T23:13:10+02:00","inLanguage":"fr-FR","mainEntityOfPage":{"@id":"https:\/\/www.awtr69.asso.fr\/?p=1623#webpage"},"isPartOf":{"@id":"https:\/\/www.awtr69.asso.fr\/?p=1623#webpage"},"articleSection":"Non class\u00e9"},{"@type":"BreadcrumbList","@id":"https:\/\/www.awtr69.asso.fr\/?p=1623#breadcrumblist","itemListElement":[{"@type":"ListItem","@id":"https:\/\/www.awtr69.asso.fr#listItem","position":1,"name":"Accueil","item":"https:\/\/www.awtr69.asso.fr","nextItem":{"@type":"ListItem","@id":"https:\/\/www.awtr69.asso.fr\/?cat=1#listItem","name":"Non class\u00e9"}},{"@type":"ListItem","@id":"https:\/\/www.awtr69.asso.fr\/?cat=1#listItem","position":2,"name":"Non class\u00e9","item":"https:\/\/www.awtr69.asso.fr\/?cat=1","nextItem":{"@type":"ListItem","@id":"https:\/\/www.awtr69.asso.fr\/?p=1623#listItem","name":"Forum des associations Lyon 7 &#8211; 2024: nous y \u00e9tions!"},"previousItem":{"@type":"ListItem","@id":"https:\/\/www.awtr69.asso.fr#listItem","name":"Accueil"}},{"@type":"ListItem","@id":"https:\/\/www.awtr69.asso.fr\/?p=1623#listItem","position":3,"name":"Forum des associations Lyon 7 &#8211; 2024: nous y \u00e9tions!","previousItem":{"@type":"ListItem","@id":"https:\/\/www.awtr69.asso.fr\/?cat=1#listItem","name":"Non class\u00e9"}}]},{"@type":"Organization","@id":"https:\/\/www.awtr69.asso.fr\/#organization","name":"Association du Wing Tsun du Rh\u00f4ne","description":"Wing Chun Kung Fu \u00e0 Lyon","url":"https:\/\/www.awtr69.asso.fr\/","logo":{"@type":"ImageObject","url":"https:\/\/www.awtr69.asso.fr\/wp-content\/uploads\/2013\/02\/Header_bleu3-copie.jpg","@id":"https:\/\/www.awtr69.asso.fr\/?p=1623\/#organizationLogo","width":840,"height":115},"image":{"@id":"https:\/\/www.awtr69.asso.fr\/?p=1623\/#organizationLogo"},"sameAs":["https:\/\/www.facebook.com\/profile.php?id=100083353388314"]},{"@type":"Person","@id":"https:\/\/www.awtr69.asso.fr\/?author=1#author","url":"https:\/\/www.awtr69.asso.fr\/?author=1","name":"admin","image":{"@type":"ImageObject","@id":"https:\/\/www.awtr69.asso.fr\/?p=1623#authorImage","url":"https:\/\/secure.gravatar.com\/avatar\/ed04002b7839ec79c5200667dd720d95b8c39c62372094812551eaa0c712476b?s=96&d=mm&r=g","width":96,"height":96,"caption":"admin"}},{"@type":"WebPage","@id":"https:\/\/www.awtr69.asso.fr\/?p=1623#webpage","url":"https:\/\/www.awtr69.asso.fr\/?p=1623","name":"Forum des associations Lyon 7 \u2013 2024: nous y \u00e9tions! | Association Wing Tsun du Rh\u00f4ne","description":"Comme chaque ann\u00e9e, nous \u00e9tions pr\u00e9sents au forum des associations organis\u00e9 par la Mairie de Lyon 7. Une belle occasion pour pr\u00e9senter notre association et rencontrer les associations pr\u00e9sentes sur l'arrondissement!","inLanguage":"fr-FR","isPartOf":{"@id":"https:\/\/www.awtr69.asso.fr\/#website"},"breadcrumb":{"@id":"https:\/\/www.awtr69.asso.fr\/?p=1623#breadcrumblist"},"author":{"@id":"https:\/\/www.awtr69.asso.fr\/?author=1#author"},"creator":{"@id":"https:\/\/www.awtr69.asso.fr\/?author=1#author"},"image":{"@type":"ImageObject","url":"https:\/\/www.awtr69.asso.fr\/wp-content\/uploads\/2025\/03\/IMG_20240907_095113-scaled.jpg","@id":"https:\/\/www.awtr69.asso.fr\/?p=1623\/#mainImage","width":1928,"height":2560,"caption":"wing chun kung fu lyon"},"primaryImageOfPage":{"@id":"https:\/\/www.awtr69.asso.fr\/?p=1623#mainImage"},"datePublished":"2024-09-15T22:57:00+02:00","dateModified":"2025-03-15T23:13:10+02:00"},{"@type":"WebSite","@id":"https:\/\/www.awtr69.asso.fr\/#website","url":"https:\/\/www.awtr69.asso.fr\/","name":"Association Wing Tsun du Rh\u00f4ne","description":"Wing Chun Kung Fu \u00e0 Lyon","inLanguage":"fr-FR","publisher":{"@id":"https:\/\/www.awtr69.asso.fr\/#organization"}}]},"og:locale":"fr_FR","og:site_name":"Association Wing Tsun du Rh\u00f4ne | Wing Chun Kung Fu \u00e0 Lyon","og:type":"article","og:title":"Forum des associations Lyon 7 \u2013 2024: nous y \u00e9tions! | Association Wing Tsun du Rh\u00f4ne","og:description":"Comme chaque ann\u00e9e, nous \u00e9tions pr\u00e9sents au forum des associations organis\u00e9 par la Mairie de Lyon 7. Une belle occasion pour pr\u00e9senter notre association et rencontrer les associations pr\u00e9sentes sur l'arrondissement!","og:url":"https:\/\/www.awtr69.asso.fr\/?p=1623","article:published_time":"2024-09-15T20:57:00+00:00","article:modified_time":"2025-03-15T21:13:10+00:00","article:publisher":"https:\/\/www.facebook.com\/profile.php?id=100083353388314","twitter:card":"summary","twitter:title":"Forum des associations Lyon 7 \u2013 2024: nous y \u00e9tions! | Association Wing Tsun du Rh\u00f4ne","twitter:description":"Comme chaque ann\u00e9e, nous \u00e9tions pr\u00e9sents au forum des associations organis\u00e9 par la Mairie de Lyon 7. Une belle occasion pour pr\u00e9senter notre association et rencontrer les associations pr\u00e9sentes sur l'arrondissement!"},"aioseo_meta_data":{"post_id":"1623","title":null,"description":null,"keywords":null,"keyphrases":{"focus":{"keyphrase":"","score":0,"analysis":{"keyphraseInTitle":{"score":0,"maxScore":9,"error":1}}},"additional":[]},"primary_term":null,"canonical_url":null,"og_title":null,"og_description":null,"og_object_type":"default","og_image_type":"default","og_image_url":null,"og_image_width":null,"og_image_height":null,"og_image_custom_url":null,"og_image_custom_fields":null,"og_video":"","og_custom_url":null,"og_article_section":null,"og_article_tags":null,"twitter_use_og":false,"twitter_card":"default","twitter_image_type":"default","twitter_image_url":null,"twitter_image_custom_url":null,"twitter_image_custom_fields":null,"twitter_title":null,"twitter_description":null,"schema":{"blockGraphs":[],"customGraphs":[],"default":{"data":{"Article":[],"Course":[],"Dataset":[],"FAQPage":[],"Movie":[],"Person":[],"Product":[],"ProductReview":[],"Car":[],"Recipe":[],"Service":[],"SoftwareApplication":[],"WebPage":[]},"graphName":"Article","isEnabled":true},"graphs":[]},"schema_type":"default","schema_type_options":null,"pillar_content":false,"robots_default":true,"robots_noindex":false,"robots_noarchive":false,"robots_nosnippet":false,"robots_nofollow":false,"robots_noimageindex":false,"robots_noodp":false,"robots_notranslate":false,"robots_max_snippet":"-1","robots_max_videopreview":"-1","robots_max_imagepreview":"large","priority":null,"frequency":"default","local_seo":null,"breadcrumb_settings":null,"limit_modified_date":false,"ai":null,"created":"2025-03-15 20:57:04","updated":"2025-07-14 22:37:43","seo_analyzer_scan_date":null,"focus_keyword":null,"additional_keywords":null,"truseo_locale":null},"aioseo_breadcrumb":"<div class=\"aioseo-breadcrumbs\"><span class=\"aioseo-breadcrumb\">\n\t\t\t<a href=\"https:\/\/www.awtr69.asso.fr\" title=\"Accueil\">Accueil<\/a>\n\t\t<\/span><span class=\"aioseo-breadcrumb-separator\">&raquo;<\/span><span class=\"aioseo-breadcrumb\">\n\t\t\t<a href=\"https:\/\/www.awtr69.asso.fr\/?cat=1\" title=\"Non class\u00e9\">Non class\u00e9<\/a>\n\t\t<\/span><span class=\"aioseo-breadcrumb-separator\">&raquo;<\/span><span class=\"aioseo-breadcrumb\">\n\t\t\tForum des associations Lyon 7 \u2013 2024: nous y \u00e9tions!\n\t\t<\/span><\/div>","aioseo_breadcrumb_json":[{"label":"Accueil","link":"https:\/\/www.awtr69.asso.fr"},{"label":"Non class\u00e9","link":"https:\/\/www.awtr69.asso.fr\/?cat=1"},{"label":"Forum des associations Lyon 7 &#8211; 2024: nous y \u00e9tions!","link":"https:\/\/www.awtr69.asso.fr\/?p=1623"}],"_links":{"self":[{"href":"https:\/\/www.awtr69.asso.fr\/index.php?rest_route=\/wp\/v2\/posts\/1623","targetHints":{"allow":["GET"]}}],"collection":[{"href":"https:\/\/www.awtr69.asso.fr\/index.php?rest_route=\/wp\/v2\/posts"}],"about":[{"href":"https:\/\/www.awtr69.asso.fr\/index.php?rest_route=\/wp\/v2\/types\/post"}],"author":[{"embeddable":true,"href":"https:\/\/www.awtr69.asso.fr\/index.php?rest_route=\/wp\/v2\/users\/1"}],"replies":[{"embeddable":true,"href":"https:\/\/www.awtr69.asso.fr\/index.php?rest_route=%2Fwp%2Fv2%2Fcomments&post=1623"}],"version-history":[{"count":1,"href":"https:\/\/www.awtr69.asso.fr\/index.php?rest_route=\/wp\/v2\/posts\/1623\/revisions"}],"predecessor-version":[{"id":1627,"href":"https:\/\/www.awtr69.asso.fr\/index.php?rest_route=\/wp\/v2\/posts\/1623\/revisions\/1627"}],"wp:featuredmedia":[{"embeddable":true,"href":"https:\/\/www.awtr69.asso.fr\/index.php?rest_route=\/wp\/v2\/media\/1624"}],"wp:attachment":[{"href":"https:\/\/www.awtr69.asso.fr\/index.php?rest_route=%2Fwp%2Fv2%2Fmedia&parent=1623"}],"wp:term":[{"taxonomy":"category","embeddable":true,"href":"https:\/\/www.awtr69.asso.fr\/index.php?rest_route=%2Fwp%2Fv2%2Fcategories&post=1623"},{"taxonomy":"post_tag","embeddable":true,"href":"https:\/\/www.awtr69.asso.fr\/index.php?rest_route=%2Fwp%2Fv2%2Ftags&post=1623"}],"curies":[{"name":"wp","href":"https:\/\/api.w.org\/{rel}","templated":true}]}}