{"id":1632,"date":"2025-07-01T23:10:26","date_gmt":"2025-07-01T21:10:26","guid":{"rendered":"https:\/\/www.awtr69.asso.fr\/?p=1632"},"modified":"2025-07-14T23:20:35","modified_gmt":"2025-07-14T21:20:35","slug":"clap-de-fin-pour-la-saison-2025","status":"publish","type":"post","link":"https:\/\/www.awtr69.asso.fr\/?p=1632","title":{"rendered":"Clap de fin pour la saison 2025!"},"content":{"rendered":"\n<p class=\"wp-block-paragraph\">2025 est derri\u00e8re nous et nous allons entamer notre coupure estivale.<\/p>\n\n\n<div class=\"wp-block-image\">\n<figure class=\"aligncenter size-large is-resized\"><a href=\"https:\/\/www.awtr69.asso.fr\/wp-content\/uploads\/2025\/07\/Gemini_Generated_Image_a301z6a301z6a301.png\"><img loading=\"lazy\" decoding=\"async\" width=\"1024\" height=\"1024\" src=\"https:\/\/www.awtr69.asso.fr\/wp-content\/uploads\/2025\/07\/Gemini_Generated_Image_a301z6a301z6a301-1024x1024.png\" alt=\"wing chun kung fu lyon\" class=\"wp-image-1633\" style=\"width:712px;height:auto\" srcset=\"https:\/\/www.awtr69.asso.fr\/wp-content\/uploads\/2025\/07\/Gemini_Generated_Image_a301z6a301z6a301-1024x1024.png 1024w, https:\/\/www.awtr69.asso.fr\/wp-content\/uploads\/2025\/07\/Gemini_Generated_Image_a301z6a301z6a301-300x300.png 300w, https:\/\/www.awtr69.asso.fr\/wp-content\/uploads\/2025\/07\/Gemini_Generated_Image_a301z6a301z6a301-150x150.png 150w, https:\/\/www.awtr69.asso.fr\/wp-content\/uploads\/2025\/07\/Gemini_Generated_Image_a301z6a301z6a301-768x768.png 768w, https:\/\/www.awtr69.asso.fr\/wp-content\/uploads\/2025\/07\/Gemini_Generated_Image_a301z6a301z6a301-1536x1536.png 1536w, https:\/\/www.awtr69.asso.fr\/wp-content\/uploads\/2025\/07\/Gemini_Generated_Image_a301z6a301z6a301-432x432.png 432w, https:\/\/www.awtr69.asso.fr\/wp-content\/uploads\/2025\/07\/Gemini_Generated_Image_a301z6a301z6a301-268x268.png 268w, https:\/\/www.awtr69.asso.fr\/wp-content\/uploads\/2025\/07\/Gemini_Generated_Image_a301z6a301z6a301-700x700.png 700w, https:\/\/www.awtr69.asso.fr\/wp-content\/uploads\/2025\/07\/Gemini_Generated_Image_a301z6a301z6a301.png 2048w\" sizes=\"auto, (max-width: 1024px) 100vw, 1024px\" \/><\/a><\/figure>\n<\/div>\n\n\n<p class=\"wp-block-paragraph\">Un rapide bilan apr\u00e8s une ann\u00e9e de cours dans une ambiance respectueuse, amicale et studieuse:<\/p>\n\n\n\n<ul class=\"wp-block-list\">\n<li>2 stages organis\u00e9s \u00e0 Lyon pour nos \u00e9l\u00e8ves sous la direction notre professeur, Sifu Marcus SCH\u00dcSSLER<\/li>\n\n\n\n<li>4 stages d\u00e9di\u00e9s aux moniteurs de l\u2019association pour assurer leur formation et la qualit\u00e9 de l\u2019enseignement<\/li>\n\n\n\n<li>2 \u00e9l\u00e8ves ont obtenu leur 1er degr\u00e9 \u00e9l\u00e8ve<\/li>\n\n\n\n<li>2 \u00e9l\u00e8ves ont obtenu leur 3\u00e8me degr\u00e9 \u00e9l\u00e8ve<\/li>\n\n\n\n<li>1 \u00e9l\u00e8ve a obtenu son 6\u00e8me degr\u00e9 \u00e9l\u00e8ve<\/li>\n<\/ul>\n\n\n\n<p class=\"wp-block-paragraph\"><\/p>\n\n\n\n<p class=\"wp-block-paragraph\">Nous entamerons en 2026 notre 20\u00e8me ann\u00e9e d&rsquo;existence avec la m\u00eame passion; anim\u00e9 par la volont\u00e9 d&rsquo;apprendre et de transmettre!<\/p>\n\n\n\n<p class=\"wp-block-paragraph\"> <\/p>\n","protected":false},"excerpt":{"rendered":"<p>2025 est derri\u00e8re nous et nous allons entamer notre coupure estivale. Un rapide bilan apr\u00e8s une ann\u00e9e de cours dans une ambiance respectueuse, amicale et studieuse: Nous entamerons en 2026 notre 20\u00e8me ann\u00e9e d&rsquo;existence avec la m\u00eame passion; anim\u00e9 par la volont\u00e9 d&rsquo;apprendre et de transmettre!<\/p>\n","protected":false},"author":1,"featured_media":1633,"comment_status":"open","ping_status":"open","sticky":false,"template":"","format":"standard","meta":{"om_disable_all_campaigns":false,"_monsterinsights_skip_tracking":false,"ngg_post_thumbnail":0,"footnotes":""},"categories":[1],"tags":[34,62,7,66,13,6],"class_list":["post-1632","post","type-post","status-publish","format-standard","has-post-thumbnail","hentry","category-non-classe","tag-chi-sao","tag-kung-fu","tag-lyon","tag-lyon-7","tag-wing-chun","tag-wing-tsun","column","threecol","has-thumbnail"],"aioseo_notices":[],"aioseo_head":"\n\t\t<!-- All in One SEO 5.0.0.1 - aioseo.com -->\n\t<meta name=\"description\" content=\"2025 est derri\u00e8re nous et nous allons entamer notre coupure estivale. Un rapide bilan apr\u00e8s une ann\u00e9e de cours dans une ambiance respectueuse, amicale et studieuse: 2 stages organis\u00e9s \u00e0 Lyon pour nos \u00e9l\u00e8ves sous la direction notre professeur, Sifu Marcus SCH\u00dcSSLER 4 stages d\u00e9di\u00e9s aux moniteurs de l\u2019association pour assurer leur formation et la\" \/>\n\t<meta name=\"robots\" content=\"max-image-preview:large\" \/>\n\t<meta name=\"author\" content=\"admin\"\/>\n\t<meta name=\"keywords\" content=\"chi sao,kung fu,lyon,lyon 7,wing chun,wing tsun,non class\u00e9\" \/>\n\t<link rel=\"canonical\" href=\"https:\/\/www.awtr69.asso.fr\/?p=1632\" \/>\n\t<meta name=\"generator\" content=\"All in One SEO (AIOSEO) 5.0.0.1\" \/>\n\t\t<meta property=\"og:locale\" content=\"fr_FR\" \/>\n\t\t<meta property=\"og:site_name\" content=\"Association Wing Tsun du Rh\u00f4ne | Wing Chun Kung Fu \u00e0 Lyon\" \/>\n\t\t<meta property=\"og:type\" content=\"article\" \/>\n\t\t<meta property=\"og:title\" content=\"Clap de fin pour la saison 2025! | Association Wing Tsun du Rh\u00f4ne\" \/>\n\t\t<meta property=\"og:description\" content=\"2025 est derri\u00e8re nous et nous allons entamer notre coupure estivale. Un rapide bilan apr\u00e8s une ann\u00e9e de cours dans une ambiance respectueuse, amicale et studieuse: 2 stages organis\u00e9s \u00e0 Lyon pour nos \u00e9l\u00e8ves sous la direction notre professeur, Sifu Marcus SCH\u00dcSSLER 4 stages d\u00e9di\u00e9s aux moniteurs de l\u2019association pour assurer leur formation et la\" \/>\n\t\t<meta property=\"og:url\" content=\"https:\/\/www.awtr69.asso.fr\/?p=1632\" \/>\n\t\t<meta property=\"article:published_time\" content=\"2025-07-01T21:10:26+00:00\" \/>\n\t\t<meta property=\"article:modified_time\" content=\"2025-07-14T21:20:35+00:00\" \/>\n\t\t<meta property=\"article:publisher\" content=\"https:\/\/www.facebook.com\/profile.php?id=100083353388314\" \/>\n\t\t<meta name=\"twitter:card\" content=\"summary\" \/>\n\t\t<meta name=\"twitter:title\" content=\"Clap de fin pour la saison 2025! | Association Wing Tsun du Rh\u00f4ne\" \/>\n\t\t<meta name=\"twitter:description\" content=\"2025 est derri\u00e8re nous et nous allons entamer notre coupure estivale. Un rapide bilan apr\u00e8s une ann\u00e9e de cours dans une ambiance respectueuse, amicale et studieuse: 2 stages organis\u00e9s \u00e0 Lyon pour nos \u00e9l\u00e8ves sous la direction notre professeur, Sifu Marcus SCH\u00dcSSLER 4 stages d\u00e9di\u00e9s aux moniteurs de l\u2019association pour assurer leur formation et la\" \/>\n\t\t<script type=\"application\/ld+json\" class=\"aioseo-schema\">\n\t\t\t{\"@context\":\"https:\\\/\\\/schema.org\",\"@graph\":[{\"@type\":\"Article\",\"@id\":\"https:\\\/\\\/www.awtr69.asso.fr\\\/?p=1632#article\",\"name\":\"Clap de fin pour la saison 2025! | Association Wing Tsun du Rh\\u00f4ne\",\"headline\":\"Clap de fin pour la saison 2025!\",\"author\":{\"@id\":\"https:\\\/\\\/www.awtr69.asso.fr\\\/?author=1#author\"},\"publisher\":{\"@id\":\"https:\\\/\\\/www.awtr69.asso.fr\\\/#organization\"},\"image\":{\"@type\":\"ImageObject\",\"url\":\"https:\\\/\\\/www.awtr69.asso.fr\\\/wp-content\\\/uploads\\\/2025\\\/07\\\/Gemini_Generated_Image_a301z6a301z6a301.png\",\"width\":2048,\"height\":2048,\"caption\":\"wing chun kung fu lyon\"},\"datePublished\":\"2025-07-01T23:10:26+02:00\",\"dateModified\":\"2025-07-14T23:20:35+02:00\",\"inLanguage\":\"fr-FR\",\"mainEntityOfPage\":{\"@id\":\"https:\\\/\\\/www.awtr69.asso.fr\\\/?p=1632#webpage\"},\"isPartOf\":{\"@id\":\"https:\\\/\\\/www.awtr69.asso.fr\\\/?p=1632#webpage\"},\"articleSection\":\"Non class\\u00e9, chi sao, Kung Fu, lyon, Lyon 7, wing chun, wing tsun\"},{\"@type\":\"BreadcrumbList\",\"@id\":\"https:\\\/\\\/www.awtr69.asso.fr\\\/?p=1632#breadcrumblist\",\"itemListElement\":[{\"@type\":\"ListItem\",\"@id\":\"https:\\\/\\\/www.awtr69.asso.fr#listItem\",\"position\":1,\"name\":\"Accueil\",\"item\":\"https:\\\/\\\/www.awtr69.asso.fr\",\"nextItem\":{\"@type\":\"ListItem\",\"@id\":\"https:\\\/\\\/www.awtr69.asso.fr\\\/?cat=1#listItem\",\"name\":\"Non class\\u00e9\"}},{\"@type\":\"ListItem\",\"@id\":\"https:\\\/\\\/www.awtr69.asso.fr\\\/?cat=1#listItem\",\"position\":2,\"name\":\"Non class\\u00e9\",\"item\":\"https:\\\/\\\/www.awtr69.asso.fr\\\/?cat=1\",\"nextItem\":{\"@type\":\"ListItem\",\"@id\":\"https:\\\/\\\/www.awtr69.asso.fr\\\/?p=1632#listItem\",\"name\":\"Clap de fin pour la saison 2025!\"},\"previousItem\":{\"@type\":\"ListItem\",\"@id\":\"https:\\\/\\\/www.awtr69.asso.fr#listItem\",\"name\":\"Accueil\"}},{\"@type\":\"ListItem\",\"@id\":\"https:\\\/\\\/www.awtr69.asso.fr\\\/?p=1632#listItem\",\"position\":3,\"name\":\"Clap de fin pour la saison 2025!\",\"previousItem\":{\"@type\":\"ListItem\",\"@id\":\"https:\\\/\\\/www.awtr69.asso.fr\\\/?cat=1#listItem\",\"name\":\"Non class\\u00e9\"}}]},{\"@type\":\"Organization\",\"@id\":\"https:\\\/\\\/www.awtr69.asso.fr\\\/#organization\",\"name\":\"Association du Wing Tsun du Rh\\u00f4ne\",\"description\":\"Wing Chun Kung Fu \\u00e0 Lyon\",\"url\":\"https:\\\/\\\/www.awtr69.asso.fr\\\/\",\"logo\":{\"@type\":\"ImageObject\",\"url\":\"https:\\\/\\\/www.awtr69.asso.fr\\\/wp-content\\\/uploads\\\/2013\\\/02\\\/Header_bleu3-copie.jpg\",\"@id\":\"https:\\\/\\\/www.awtr69.asso.fr\\\/?p=1632\\\/#organizationLogo\",\"width\":840,\"height\":115},\"image\":{\"@id\":\"https:\\\/\\\/www.awtr69.asso.fr\\\/?p=1632\\\/#organizationLogo\"},\"sameAs\":[\"https:\\\/\\\/www.facebook.com\\\/profile.php?id=100083353388314\"]},{\"@type\":\"Person\",\"@id\":\"https:\\\/\\\/www.awtr69.asso.fr\\\/?author=1#author\",\"url\":\"https:\\\/\\\/www.awtr69.asso.fr\\\/?author=1\",\"name\":\"admin\",\"image\":{\"@type\":\"ImageObject\",\"@id\":\"https:\\\/\\\/www.awtr69.asso.fr\\\/?p=1632#authorImage\",\"url\":\"https:\\\/\\\/secure.gravatar.com\\\/avatar\\\/ed04002b7839ec79c5200667dd720d95b8c39c62372094812551eaa0c712476b?s=96&d=mm&r=g\",\"width\":96,\"height\":96,\"caption\":\"admin\"}},{\"@type\":\"WebPage\",\"@id\":\"https:\\\/\\\/www.awtr69.asso.fr\\\/?p=1632#webpage\",\"url\":\"https:\\\/\\\/www.awtr69.asso.fr\\\/?p=1632\",\"name\":\"Clap de fin pour la saison 2025! | Association Wing Tsun du Rh\\u00f4ne\",\"description\":\"2025 est derri\\u00e8re nous et nous allons entamer notre coupure estivale. Un rapide bilan apr\\u00e8s une ann\\u00e9e de cours dans une ambiance respectueuse, amicale et studieuse: 2 stages organis\\u00e9s \\u00e0 Lyon pour nos \\u00e9l\\u00e8ves sous la direction notre professeur, Sifu Marcus SCH\\u00dcSSLER 4 stages d\\u00e9di\\u00e9s aux moniteurs de l\\u2019association pour assurer leur formation et la\",\"inLanguage\":\"fr-FR\",\"isPartOf\":{\"@id\":\"https:\\\/\\\/www.awtr69.asso.fr\\\/#website\"},\"breadcrumb\":{\"@id\":\"https:\\\/\\\/www.awtr69.asso.fr\\\/?p=1632#breadcrumblist\"},\"author\":{\"@id\":\"https:\\\/\\\/www.awtr69.asso.fr\\\/?author=1#author\"},\"creator\":{\"@id\":\"https:\\\/\\\/www.awtr69.asso.fr\\\/?author=1#author\"},\"image\":{\"@type\":\"ImageObject\",\"url\":\"https:\\\/\\\/www.awtr69.asso.fr\\\/wp-content\\\/uploads\\\/2025\\\/07\\\/Gemini_Generated_Image_a301z6a301z6a301.png\",\"@id\":\"https:\\\/\\\/www.awtr69.asso.fr\\\/?p=1632\\\/#mainImage\",\"width\":2048,\"height\":2048,\"caption\":\"wing chun kung fu lyon\"},\"primaryImageOfPage\":{\"@id\":\"https:\\\/\\\/www.awtr69.asso.fr\\\/?p=1632#mainImage\"},\"datePublished\":\"2025-07-01T23:10:26+02:00\",\"dateModified\":\"2025-07-14T23:20:35+02:00\"},{\"@type\":\"WebSite\",\"@id\":\"https:\\\/\\\/www.awtr69.asso.fr\\\/#website\",\"url\":\"https:\\\/\\\/www.awtr69.asso.fr\\\/\",\"name\":\"Association Wing Tsun du Rh\\u00f4ne\",\"description\":\"Wing Chun Kung Fu \\u00e0 Lyon\",\"inLanguage\":\"fr-FR\",\"publisher\":{\"@id\":\"https:\\\/\\\/www.awtr69.asso.fr\\\/#organization\"}}]}\n\t\t<\/script>\n\t\t<!-- All in One SEO -->\n\n","aioseo_head_json":{"title":"Clap de fin pour la saison 2025! | Association Wing Tsun du Rh\u00f4ne","description":"2025 est derri\u00e8re nous et nous allons entamer notre coupure estivale. Un rapide bilan apr\u00e8s une ann\u00e9e de cours dans une ambiance respectueuse, amicale et studieuse: 2 stages organis\u00e9s \u00e0 Lyon pour nos \u00e9l\u00e8ves sous la direction notre professeur, Sifu Marcus SCH\u00dcSSLER 4 stages d\u00e9di\u00e9s aux moniteurs de l\u2019association pour assurer leur formation et la","canonical_url":"https:\/\/www.awtr69.asso.fr\/?p=1632","robots":"max-image-preview:large","keywords":"chi sao,kung fu,lyon,lyon 7,wing chun,wing tsun,non class\u00e9","webmasterTools":{"miscellaneous":""},"schema":{"@context":"https:\/\/schema.org","@graph":[{"@type":"Article","@id":"https:\/\/www.awtr69.asso.fr\/?p=1632#article","name":"Clap de fin pour la saison 2025! | Association Wing Tsun du Rh\u00f4ne","headline":"Clap de fin pour la saison 2025!","author":{"@id":"https:\/\/www.awtr69.asso.fr\/?author=1#author"},"publisher":{"@id":"https:\/\/www.awtr69.asso.fr\/#organization"},"image":{"@type":"ImageObject","url":"https:\/\/www.awtr69.asso.fr\/wp-content\/uploads\/2025\/07\/Gemini_Generated_Image_a301z6a301z6a301.png","width":2048,"height":2048,"caption":"wing chun kung fu lyon"},"datePublished":"2025-07-01T23:10:26+02:00","dateModified":"2025-07-14T23:20:35+02:00","inLanguage":"fr-FR","mainEntityOfPage":{"@id":"https:\/\/www.awtr69.asso.fr\/?p=1632#webpage"},"isPartOf":{"@id":"https:\/\/www.awtr69.asso.fr\/?p=1632#webpage"},"articleSection":"Non class\u00e9, chi sao, Kung Fu, lyon, Lyon 7, wing chun, wing tsun"},{"@type":"BreadcrumbList","@id":"https:\/\/www.awtr69.asso.fr\/?p=1632#breadcrumblist","itemListElement":[{"@type":"ListItem","@id":"https:\/\/www.awtr69.asso.fr#listItem","position":1,"name":"Accueil","item":"https:\/\/www.awtr69.asso.fr","nextItem":{"@type":"ListItem","@id":"https:\/\/www.awtr69.asso.fr\/?cat=1#listItem","name":"Non class\u00e9"}},{"@type":"ListItem","@id":"https:\/\/www.awtr69.asso.fr\/?cat=1#listItem","position":2,"name":"Non class\u00e9","item":"https:\/\/www.awtr69.asso.fr\/?cat=1","nextItem":{"@type":"ListItem","@id":"https:\/\/www.awtr69.asso.fr\/?p=1632#listItem","name":"Clap de fin pour la saison 2025!"},"previousItem":{"@type":"ListItem","@id":"https:\/\/www.awtr69.asso.fr#listItem","name":"Accueil"}},{"@type":"ListItem","@id":"https:\/\/www.awtr69.asso.fr\/?p=1632#listItem","position":3,"name":"Clap de fin pour la saison 2025!","previousItem":{"@type":"ListItem","@id":"https:\/\/www.awtr69.asso.fr\/?cat=1#listItem","name":"Non class\u00e9"}}]},{"@type":"Organization","@id":"https:\/\/www.awtr69.asso.fr\/#organization","name":"Association du Wing Tsun du Rh\u00f4ne","description":"Wing Chun Kung Fu \u00e0 Lyon","url":"https:\/\/www.awtr69.asso.fr\/","logo":{"@type":"ImageObject","url":"https:\/\/www.awtr69.asso.fr\/wp-content\/uploads\/2013\/02\/Header_bleu3-copie.jpg","@id":"https:\/\/www.awtr69.asso.fr\/?p=1632\/#organizationLogo","width":840,"height":115},"image":{"@id":"https:\/\/www.awtr69.asso.fr\/?p=1632\/#organizationLogo"},"sameAs":["https:\/\/www.facebook.com\/profile.php?id=100083353388314"]},{"@type":"Person","@id":"https:\/\/www.awtr69.asso.fr\/?author=1#author","url":"https:\/\/www.awtr69.asso.fr\/?author=1","name":"admin","image":{"@type":"ImageObject","@id":"https:\/\/www.awtr69.asso.fr\/?p=1632#authorImage","url":"https:\/\/secure.gravatar.com\/avatar\/ed04002b7839ec79c5200667dd720d95b8c39c62372094812551eaa0c712476b?s=96&d=mm&r=g","width":96,"height":96,"caption":"admin"}},{"@type":"WebPage","@id":"https:\/\/www.awtr69.asso.fr\/?p=1632#webpage","url":"https:\/\/www.awtr69.asso.fr\/?p=1632","name":"Clap de fin pour la saison 2025! | Association Wing Tsun du Rh\u00f4ne","description":"2025 est derri\u00e8re nous et nous allons entamer notre coupure estivale. Un rapide bilan apr\u00e8s une ann\u00e9e de cours dans une ambiance respectueuse, amicale et studieuse: 2 stages organis\u00e9s \u00e0 Lyon pour nos \u00e9l\u00e8ves sous la direction notre professeur, Sifu Marcus SCH\u00dcSSLER 4 stages d\u00e9di\u00e9s aux moniteurs de l\u2019association pour assurer leur formation et la","inLanguage":"fr-FR","isPartOf":{"@id":"https:\/\/www.awtr69.asso.fr\/#website"},"breadcrumb":{"@id":"https:\/\/www.awtr69.asso.fr\/?p=1632#breadcrumblist"},"author":{"@id":"https:\/\/www.awtr69.asso.fr\/?author=1#author"},"creator":{"@id":"https:\/\/www.awtr69.asso.fr\/?author=1#author"},"image":{"@type":"ImageObject","url":"https:\/\/www.awtr69.asso.fr\/wp-content\/uploads\/2025\/07\/Gemini_Generated_Image_a301z6a301z6a301.png","@id":"https:\/\/www.awtr69.asso.fr\/?p=1632\/#mainImage","width":2048,"height":2048,"caption":"wing chun kung fu lyon"},"primaryImageOfPage":{"@id":"https:\/\/www.awtr69.asso.fr\/?p=1632#mainImage"},"datePublished":"2025-07-01T23:10:26+02:00","dateModified":"2025-07-14T23:20:35+02:00"},{"@type":"WebSite","@id":"https:\/\/www.awtr69.asso.fr\/#website","url":"https:\/\/www.awtr69.asso.fr\/","name":"Association Wing Tsun du Rh\u00f4ne","description":"Wing Chun Kung Fu \u00e0 Lyon","inLanguage":"fr-FR","publisher":{"@id":"https:\/\/www.awtr69.asso.fr\/#organization"}}]},"og:locale":"fr_FR","og:site_name":"Association Wing Tsun du Rh\u00f4ne | Wing Chun Kung Fu \u00e0 Lyon","og:type":"article","og:title":"Clap de fin pour la saison 2025! | Association Wing Tsun du Rh\u00f4ne","og:description":"2025 est derri\u00e8re nous et nous allons entamer notre coupure estivale. Un rapide bilan apr\u00e8s une ann\u00e9e de cours dans une ambiance respectueuse, amicale et studieuse: 2 stages organis\u00e9s \u00e0 Lyon pour nos \u00e9l\u00e8ves sous la direction notre professeur, Sifu Marcus SCH\u00dcSSLER 4 stages d\u00e9di\u00e9s aux moniteurs de l\u2019association pour assurer leur formation et la","og:url":"https:\/\/www.awtr69.asso.fr\/?p=1632","article:published_time":"2025-07-01T21:10:26+00:00","article:modified_time":"2025-07-14T21:20:35+00:00","article:publisher":"https:\/\/www.facebook.com\/profile.php?id=100083353388314","twitter:card":"summary","twitter:title":"Clap de fin pour la saison 2025! | Association Wing Tsun du Rh\u00f4ne","twitter:description":"2025 est derri\u00e8re nous et nous allons entamer notre coupure estivale. Un rapide bilan apr\u00e8s une ann\u00e9e de cours dans une ambiance respectueuse, amicale et studieuse: 2 stages organis\u00e9s \u00e0 Lyon pour nos \u00e9l\u00e8ves sous la direction notre professeur, Sifu Marcus SCH\u00dcSSLER 4 stages d\u00e9di\u00e9s aux moniteurs de l\u2019association pour assurer leur formation et la"},"aioseo_meta_data":{"post_id":"1632","title":null,"description":null,"keywords":null,"keyphrases":{"focus":[],"additional":[]},"primary_term":null,"canonical_url":null,"og_title":null,"og_description":null,"og_object_type":"default","og_image_type":"default","og_image_url":null,"og_image_width":null,"og_image_height":null,"og_image_custom_url":null,"og_image_custom_fields":null,"og_video":"","og_custom_url":null,"og_article_section":null,"og_article_tags":null,"twitter_use_og":false,"twitter_card":"default","twitter_image_type":"default","twitter_image_url":null,"twitter_image_custom_url":null,"twitter_image_custom_fields":null,"twitter_title":null,"twitter_description":null,"schema":{"blockGraphs":[],"customGraphs":[],"default":{"data":{"Article":[],"Course":[],"Dataset":[],"FAQPage":[],"Movie":[],"Person":[],"Product":[],"ProductReview":[],"Car":[],"Recipe":[],"Service":[],"SoftwareApplication":[],"WebPage":[]},"graphName":"Article","isEnabled":true},"graphs":[]},"schema_type":"default","schema_type_options":null,"pillar_content":false,"robots_default":true,"robots_noindex":false,"robots_noarchive":false,"robots_nosnippet":false,"robots_nofollow":false,"robots_noimageindex":false,"robots_noodp":false,"robots_notranslate":false,"robots_max_snippet":"-1","robots_max_videopreview":"-1","robots_max_imagepreview":"large","priority":null,"frequency":"default","local_seo":null,"breadcrumb_settings":null,"limit_modified_date":false,"ai":{"faqs":[],"keyPoints":[],"titles":[],"descriptions":[],"socialPosts":{"email":[],"linkedin":[],"twitter":[],"facebook":[],"instagram":[]}},"created":"2025-07-14 21:10:27","updated":"2026-08-07 22:13:53","seo_analyzer_scan_date":null,"focus_keyword":null,"additional_keywords":null,"truseo_locale":null},"aioseo_breadcrumb":"<div class=\"aioseo-breadcrumbs\"><span class=\"aioseo-breadcrumb\">\n\t\t\t<a href=\"https:\/\/www.awtr69.asso.fr\" title=\"Accueil\">Accueil<\/a>\n\t\t<\/span><span class=\"aioseo-breadcrumb-separator\">&raquo;<\/span><span class=\"aioseo-breadcrumb\">\n\t\t\t<a href=\"https:\/\/www.awtr69.asso.fr\/?cat=1\" title=\"Non class\u00e9\">Non class\u00e9<\/a>\n\t\t<\/span><span class=\"aioseo-breadcrumb-separator\">&raquo;<\/span><span class=\"aioseo-breadcrumb\">\n\t\t\tClap de fin pour la saison 2025!\n\t\t<\/span><\/div>","aioseo_breadcrumb_json":[{"label":"Accueil","link":"https:\/\/www.awtr69.asso.fr"},{"label":"Non class\u00e9","link":"https:\/\/www.awtr69.asso.fr\/?cat=1"},{"label":"Clap de fin pour la saison 2025!","link":"https:\/\/www.awtr69.asso.fr\/?p=1632"}],"_links":{"self":[{"href":"https:\/\/www.awtr69.asso.fr\/index.php?rest_route=\/wp\/v2\/posts\/1632","targetHints":{"allow":["GET"]}}],"collection":[{"href":"https:\/\/www.awtr69.asso.fr\/index.php?rest_route=\/wp\/v2\/posts"}],"about":[{"href":"https:\/\/www.awtr69.asso.fr\/index.php?rest_route=\/wp\/v2\/types\/post"}],"author":[{"embeddable":true,"href":"https:\/\/www.awtr69.asso.fr\/index.php?rest_route=\/wp\/v2\/users\/1"}],"replies":[{"embeddable":true,"href":"https:\/\/www.awtr69.asso.fr\/index.php?rest_route=%2Fwp%2Fv2%2Fcomments&post=1632"}],"version-history":[{"count":1,"href":"https:\/\/www.awtr69.asso.fr\/index.php?rest_route=\/wp\/v2\/posts\/1632\/revisions"}],"predecessor-version":[{"id":1634,"href":"https:\/\/www.awtr69.asso.fr\/index.php?rest_route=\/wp\/v2\/posts\/1632\/revisions\/1634"}],"wp:featuredmedia":[{"embeddable":true,"href":"https:\/\/www.awtr69.asso.fr\/index.php?rest_route=\/wp\/v2\/media\/1633"}],"wp:attachment":[{"href":"https:\/\/www.awtr69.asso.fr\/index.php?rest_route=%2Fwp%2Fv2%2Fmedia&parent=1632"}],"wp:term":[{"taxonomy":"category","embeddable":true,"href":"https:\/\/www.awtr69.asso.fr\/index.php?rest_route=%2Fwp%2Fv2%2Fcategories&post=1632"},{"taxonomy":"post_tag","embeddable":true,"href":"https:\/\/www.awtr69.asso.fr\/index.php?rest_route=%2Fwp%2Fv2%2Ftags&post=1632"}],"curies":[{"name":"wp","href":"https:\/\/api.w.org\/{rel}","templated":true}]}}