{"id":1645,"date":"2025-07-15T23:30:57","date_gmt":"2025-07-15T21:30:57","guid":{"rendered":"https:\/\/www.awtr69.asso.fr\/?p=1645"},"modified":"2025-08-05T14:45:01","modified_gmt":"2025-08-05T12:45:01","slug":"save-the-date-forum-des-associations-lyon-7-6-9-25","status":"publish","type":"post","link":"https:\/\/www.awtr69.asso.fr\/?p=1645","title":{"rendered":"Save the date &#8211; Forum des associations Lyon7 &#8211; 6\/9\/25"},"content":{"rendered":"\n<p class=\"wp-block-paragraph\">Bonjour \u00e0 tous,<\/p>\n\n\n\n<p class=\"wp-block-paragraph\">Comme chaque ann\u00e9e, nous serons pr\u00e9sents au forum des associations de Lyon 7<\/p>\n\n\n\n<figure class=\"wp-block-gallery has-nested-images columns-default is-cropped wp-block-gallery-1 is-layout-flex wp-block-gallery-is-layout-flex\">\n<figure class=\"wp-block-image size-large\"><a href=\"https:\/\/www.awtr69.asso.fr\/wp-content\/uploads\/2025\/03\/IMG_20240907_095113-1-scaled.jpg\"><img loading=\"lazy\" decoding=\"async\" width=\"771\" height=\"1024\" data-id=\"1625\" src=\"https:\/\/www.awtr69.asso.fr\/wp-content\/uploads\/2025\/03\/IMG_20240907_095113-1-771x1024.jpg\" alt=\"\" class=\"wp-image-1625\" srcset=\"https:\/\/www.awtr69.asso.fr\/wp-content\/uploads\/2025\/03\/IMG_20240907_095113-1-771x1024.jpg 771w, https:\/\/www.awtr69.asso.fr\/wp-content\/uploads\/2025\/03\/IMG_20240907_095113-1-226x300.jpg 226w, https:\/\/www.awtr69.asso.fr\/wp-content\/uploads\/2025\/03\/IMG_20240907_095113-1-768x1020.jpg 768w, https:\/\/www.awtr69.asso.fr\/wp-content\/uploads\/2025\/03\/IMG_20240907_095113-1-1157x1536.jpg 1157w, https:\/\/www.awtr69.asso.fr\/wp-content\/uploads\/2025\/03\/IMG_20240907_095113-1-1542x2048.jpg 1542w, https:\/\/www.awtr69.asso.fr\/wp-content\/uploads\/2025\/03\/IMG_20240907_095113-1-700x930.jpg 700w, https:\/\/www.awtr69.asso.fr\/wp-content\/uploads\/2025\/03\/IMG_20240907_095113-1-scaled.jpg 1928w\" sizes=\"auto, (max-width: 771px) 100vw, 771px\" \/><\/a><\/figure>\n\n\n\n<figure class=\"wp-block-image size-large\"><a href=\"https:\/\/www.awtr69.asso.fr\/wp-content\/uploads\/2025\/03\/IMG_20240907_095501-scaled.jpg\"><img loading=\"lazy\" decoding=\"async\" width=\"771\" height=\"1024\" data-id=\"1626\" src=\"https:\/\/www.awtr69.asso.fr\/wp-content\/uploads\/2025\/03\/IMG_20240907_095501-771x1024.jpg\" alt=\"\" class=\"wp-image-1626\" srcset=\"https:\/\/www.awtr69.asso.fr\/wp-content\/uploads\/2025\/03\/IMG_20240907_095501-771x1024.jpg 771w, https:\/\/www.awtr69.asso.fr\/wp-content\/uploads\/2025\/03\/IMG_20240907_095501-226x300.jpg 226w, https:\/\/www.awtr69.asso.fr\/wp-content\/uploads\/2025\/03\/IMG_20240907_095501-768x1020.jpg 768w, https:\/\/www.awtr69.asso.fr\/wp-content\/uploads\/2025\/03\/IMG_20240907_095501-1157x1536.jpg 1157w, https:\/\/www.awtr69.asso.fr\/wp-content\/uploads\/2025\/03\/IMG_20240907_095501-1542x2048.jpg 1542w, https:\/\/www.awtr69.asso.fr\/wp-content\/uploads\/2025\/03\/IMG_20240907_095501-700x930.jpg 700w, https:\/\/www.awtr69.asso.fr\/wp-content\/uploads\/2025\/03\/IMG_20240907_095501-scaled.jpg 1928w\" sizes=\"auto, (max-width: 771px) 100vw, 771px\" \/><\/a><\/figure>\n<\/figure>\n\n\n\n<p class=\"wp-block-paragraph\">Les informations principales:<\/p>\n\n\n\n<p class=\"wp-block-paragraph\">de 10h \u00e0 17h<\/p>\n\n\n\n<p class=\"wp-block-paragraph\">au Gymnase Cl\u00e9menceau &#8211; 94 rue S\u00e9bastien Gryphe Lyon 7<\/p>\n\n\n\n<p class=\"wp-block-paragraph\">le samedi le 6 septembre 2025.<\/p>\n\n\n\n<p class=\"wp-block-paragraph\">N\u2019h\u00e9sitez pas \u00e0 venir nous rencontrer et d\u00e9couvrir le Wing Chun Kung Fu. Nos \u00e9l\u00e8ves seront pr\u00e9sents pour r\u00e9pondre \u00e0 toutes vos questions<\/p>\n\n\n\n<p class=\"wp-block-paragraph\"><\/p>\n","protected":false},"excerpt":{"rendered":"<p>Bonjour \u00e0 tous, Comme chaque ann\u00e9e, nous serons pr\u00e9sents au forum des associations de Lyon 7 Les informations principales: de 10h \u00e0 17h au Gymnase Cl\u00e9menceau &#8211; 94 rue S\u00e9bastien Gryphe Lyon 7 le samedi le 6 septembre 2025. N\u2019h\u00e9sitez pas \u00e0 venir nous rencontrer et d\u00e9couvrir le Wing Chun &#8230;<\/p>\n","protected":false},"author":1,"featured_media":1504,"comment_status":"open","ping_status":"open","sticky":false,"template":"","format":"standard","meta":{"om_disable_all_campaigns":false,"_monsterinsights_skip_tracking":false,"ngg_post_thumbnail":0,"footnotes":""},"categories":[1],"tags":[88,62,7,66,13,6],"class_list":["post-1645","post","type-post","status-publish","format-standard","has-post-thumbnail","hentry","category-non-classe","tag-forum-des-associations","tag-kung-fu","tag-lyon","tag-lyon-7","tag-wing-chun","tag-wing-tsun","column","threecol","has-thumbnail"],"aioseo_notices":[],"aioseo_head":"\n\t\t<!-- All in One SEO 5.0.0.1 - aioseo.com -->\n\t<meta name=\"description\" content=\"Bonjour \u00e0 tous, Comme chaque ann\u00e9e, nous serons pr\u00e9sents au forum des associations de Lyon 7 Les informations principales: de 10h \u00e0 17h au Gymnase Cl\u00e9menceau - 94 rue S\u00e9bastien Gryphe Lyon 7 le samedi le 6 septembre 2025. N\u2019h\u00e9sitez pas \u00e0 venir nous rencontrer et d\u00e9couvrir le Wing Chun Kung Fu. Nos \u00e9l\u00e8ves seront\" \/>\n\t<meta name=\"robots\" content=\"max-image-preview:large\" \/>\n\t<meta name=\"author\" content=\"admin\"\/>\n\t<meta name=\"keywords\" content=\"forum des associations,kung fu,lyon,lyon 7,wing chun,wing tsun,non class\u00e9\" \/>\n\t<link rel=\"canonical\" href=\"https:\/\/www.awtr69.asso.fr\/?p=1645\" \/>\n\t<meta name=\"generator\" content=\"All in One SEO (AIOSEO) 5.0.0.1\" \/>\n\t\t<meta property=\"og:locale\" content=\"fr_FR\" \/>\n\t\t<meta property=\"og:site_name\" content=\"Association Wing Tsun du Rh\u00f4ne | Wing Chun Kung Fu \u00e0 Lyon\" \/>\n\t\t<meta property=\"og:type\" content=\"article\" \/>\n\t\t<meta property=\"og:title\" content=\"Save the date \u2013 Forum des associations Lyon7 \u2013 6\/9\/25 | Association Wing Tsun du Rh\u00f4ne\" \/>\n\t\t<meta property=\"og:description\" content=\"Bonjour \u00e0 tous, Comme chaque ann\u00e9e, nous serons pr\u00e9sents au forum des associations de Lyon 7 Les informations principales: de 10h \u00e0 17h au Gymnase Cl\u00e9menceau - 94 rue S\u00e9bastien Gryphe Lyon 7 le samedi le 6 septembre 2025. N\u2019h\u00e9sitez pas \u00e0 venir nous rencontrer et d\u00e9couvrir le Wing Chun Kung Fu. Nos \u00e9l\u00e8ves seront\" \/>\n\t\t<meta property=\"og:url\" content=\"https:\/\/www.awtr69.asso.fr\/?p=1645\" \/>\n\t\t<meta property=\"article:published_time\" content=\"2025-07-15T21:30:57+00:00\" \/>\n\t\t<meta property=\"article:modified_time\" content=\"2025-08-05T12:45:01+00:00\" \/>\n\t\t<meta property=\"article:publisher\" content=\"https:\/\/www.facebook.com\/profile.php?id=100083353388314\" \/>\n\t\t<meta name=\"twitter:card\" content=\"summary\" \/>\n\t\t<meta name=\"twitter:title\" content=\"Save the date \u2013 Forum des associations Lyon7 \u2013 6\/9\/25 | Association Wing Tsun du Rh\u00f4ne\" \/>\n\t\t<meta name=\"twitter:description\" content=\"Bonjour \u00e0 tous, Comme chaque ann\u00e9e, nous serons pr\u00e9sents au forum des associations de Lyon 7 Les informations principales: de 10h \u00e0 17h au Gymnase Cl\u00e9menceau - 94 rue S\u00e9bastien Gryphe Lyon 7 le samedi le 6 septembre 2025. N\u2019h\u00e9sitez pas \u00e0 venir nous rencontrer et d\u00e9couvrir le Wing Chun Kung Fu. Nos \u00e9l\u00e8ves seront\" \/>\n\t\t<script type=\"application\/ld+json\" class=\"aioseo-schema\">\n\t\t\t{\"@context\":\"https:\\\/\\\/schema.org\",\"@graph\":[{\"@type\":\"Article\",\"@id\":\"https:\\\/\\\/www.awtr69.asso.fr\\\/?p=1645#article\",\"name\":\"Save the date \\u2013 Forum des associations Lyon7 \\u2013 6\\\/9\\\/25 | Association Wing Tsun du Rh\\u00f4ne\",\"headline\":\"Save the date &#8211; Forum des associations Lyon7 &#8211; 6\\\/9\\\/25\",\"author\":{\"@id\":\"https:\\\/\\\/www.awtr69.asso.fr\\\/?author=1#author\"},\"publisher\":{\"@id\":\"https:\\\/\\\/www.awtr69.asso.fr\\\/#organization\"},\"image\":{\"@type\":\"ImageObject\",\"url\":\"https:\\\/\\\/www.awtr69.asso.fr\\\/wp-content\\\/uploads\\\/2023\\\/07\\\/fda-p.jpg\",\"width\":700,\"height\":394,\"caption\":\"forum des associations lyon 7\"},\"datePublished\":\"2025-07-15T23:30:57+02:00\",\"dateModified\":\"2025-08-05T14:45:01+02:00\",\"inLanguage\":\"fr-FR\",\"mainEntityOfPage\":{\"@id\":\"https:\\\/\\\/www.awtr69.asso.fr\\\/?p=1645#webpage\"},\"isPartOf\":{\"@id\":\"https:\\\/\\\/www.awtr69.asso.fr\\\/?p=1645#webpage\"},\"articleSection\":\"Non class\\u00e9, forum des associations, Kung Fu, lyon, Lyon 7, wing chun, wing tsun\"},{\"@type\":\"BreadcrumbList\",\"@id\":\"https:\\\/\\\/www.awtr69.asso.fr\\\/?p=1645#breadcrumblist\",\"itemListElement\":[{\"@type\":\"ListItem\",\"@id\":\"https:\\\/\\\/www.awtr69.asso.fr#listItem\",\"position\":1,\"name\":\"Accueil\",\"item\":\"https:\\\/\\\/www.awtr69.asso.fr\",\"nextItem\":{\"@type\":\"ListItem\",\"@id\":\"https:\\\/\\\/www.awtr69.asso.fr\\\/?cat=1#listItem\",\"name\":\"Non class\\u00e9\"}},{\"@type\":\"ListItem\",\"@id\":\"https:\\\/\\\/www.awtr69.asso.fr\\\/?cat=1#listItem\",\"position\":2,\"name\":\"Non class\\u00e9\",\"item\":\"https:\\\/\\\/www.awtr69.asso.fr\\\/?cat=1\",\"nextItem\":{\"@type\":\"ListItem\",\"@id\":\"https:\\\/\\\/www.awtr69.asso.fr\\\/?p=1645#listItem\",\"name\":\"Save the date &#8211; Forum des associations Lyon7 &#8211; 6\\\/9\\\/25\"},\"previousItem\":{\"@type\":\"ListItem\",\"@id\":\"https:\\\/\\\/www.awtr69.asso.fr#listItem\",\"name\":\"Accueil\"}},{\"@type\":\"ListItem\",\"@id\":\"https:\\\/\\\/www.awtr69.asso.fr\\\/?p=1645#listItem\",\"position\":3,\"name\":\"Save the date &#8211; Forum des associations Lyon7 &#8211; 6\\\/9\\\/25\",\"previousItem\":{\"@type\":\"ListItem\",\"@id\":\"https:\\\/\\\/www.awtr69.asso.fr\\\/?cat=1#listItem\",\"name\":\"Non class\\u00e9\"}}]},{\"@type\":\"Organization\",\"@id\":\"https:\\\/\\\/www.awtr69.asso.fr\\\/#organization\",\"name\":\"Association du Wing Tsun du Rh\\u00f4ne\",\"description\":\"Wing Chun Kung Fu \\u00e0 Lyon\",\"url\":\"https:\\\/\\\/www.awtr69.asso.fr\\\/\",\"logo\":{\"@type\":\"ImageObject\",\"url\":\"https:\\\/\\\/www.awtr69.asso.fr\\\/wp-content\\\/uploads\\\/2013\\\/02\\\/Header_bleu3-copie.jpg\",\"@id\":\"https:\\\/\\\/www.awtr69.asso.fr\\\/?p=1645\\\/#organizationLogo\",\"width\":840,\"height\":115},\"image\":{\"@id\":\"https:\\\/\\\/www.awtr69.asso.fr\\\/?p=1645\\\/#organizationLogo\"},\"sameAs\":[\"https:\\\/\\\/www.facebook.com\\\/profile.php?id=100083353388314\"]},{\"@type\":\"Person\",\"@id\":\"https:\\\/\\\/www.awtr69.asso.fr\\\/?author=1#author\",\"url\":\"https:\\\/\\\/www.awtr69.asso.fr\\\/?author=1\",\"name\":\"admin\",\"image\":{\"@type\":\"ImageObject\",\"@id\":\"https:\\\/\\\/www.awtr69.asso.fr\\\/?p=1645#authorImage\",\"url\":\"https:\\\/\\\/secure.gravatar.com\\\/avatar\\\/ed04002b7839ec79c5200667dd720d95b8c39c62372094812551eaa0c712476b?s=96&d=mm&r=g\",\"width\":96,\"height\":96,\"caption\":\"admin\"}},{\"@type\":\"WebPage\",\"@id\":\"https:\\\/\\\/www.awtr69.asso.fr\\\/?p=1645#webpage\",\"url\":\"https:\\\/\\\/www.awtr69.asso.fr\\\/?p=1645\",\"name\":\"Save the date \\u2013 Forum des associations Lyon7 \\u2013 6\\\/9\\\/25 | Association Wing Tsun du Rh\\u00f4ne\",\"description\":\"Bonjour \\u00e0 tous, Comme chaque ann\\u00e9e, nous serons pr\\u00e9sents au forum des associations de Lyon 7 Les informations principales: de 10h \\u00e0 17h au Gymnase Cl\\u00e9menceau - 94 rue S\\u00e9bastien Gryphe Lyon 7 le samedi le 6 septembre 2025. N\\u2019h\\u00e9sitez pas \\u00e0 venir nous rencontrer et d\\u00e9couvrir le Wing Chun Kung Fu. Nos \\u00e9l\\u00e8ves seront\",\"inLanguage\":\"fr-FR\",\"isPartOf\":{\"@id\":\"https:\\\/\\\/www.awtr69.asso.fr\\\/#website\"},\"breadcrumb\":{\"@id\":\"https:\\\/\\\/www.awtr69.asso.fr\\\/?p=1645#breadcrumblist\"},\"author\":{\"@id\":\"https:\\\/\\\/www.awtr69.asso.fr\\\/?author=1#author\"},\"creator\":{\"@id\":\"https:\\\/\\\/www.awtr69.asso.fr\\\/?author=1#author\"},\"image\":{\"@type\":\"ImageObject\",\"url\":\"https:\\\/\\\/www.awtr69.asso.fr\\\/wp-content\\\/uploads\\\/2023\\\/07\\\/fda-p.jpg\",\"@id\":\"https:\\\/\\\/www.awtr69.asso.fr\\\/?p=1645\\\/#mainImage\",\"width\":700,\"height\":394,\"caption\":\"forum des associations lyon 7\"},\"primaryImageOfPage\":{\"@id\":\"https:\\\/\\\/www.awtr69.asso.fr\\\/?p=1645#mainImage\"},\"datePublished\":\"2025-07-15T23:30:57+02:00\",\"dateModified\":\"2025-08-05T14:45:01+02:00\"},{\"@type\":\"WebSite\",\"@id\":\"https:\\\/\\\/www.awtr69.asso.fr\\\/#website\",\"url\":\"https:\\\/\\\/www.awtr69.asso.fr\\\/\",\"name\":\"Association Wing Tsun du Rh\\u00f4ne\",\"description\":\"Wing Chun Kung Fu \\u00e0 Lyon\",\"inLanguage\":\"fr-FR\",\"publisher\":{\"@id\":\"https:\\\/\\\/www.awtr69.asso.fr\\\/#organization\"}}]}\n\t\t<\/script>\n\t\t<!-- All in One SEO -->\n\n","aioseo_head_json":{"title":"Save the date \u2013 Forum des associations Lyon7 \u2013 6\/9\/25 | Association Wing Tsun du Rh\u00f4ne","description":"Bonjour \u00e0 tous, Comme chaque ann\u00e9e, nous serons pr\u00e9sents au forum des associations de Lyon 7 Les informations principales: de 10h \u00e0 17h au Gymnase Cl\u00e9menceau - 94 rue S\u00e9bastien Gryphe Lyon 7 le samedi le 6 septembre 2025. N\u2019h\u00e9sitez pas \u00e0 venir nous rencontrer et d\u00e9couvrir le Wing Chun Kung Fu. Nos \u00e9l\u00e8ves seront","canonical_url":"https:\/\/www.awtr69.asso.fr\/?p=1645","robots":"max-image-preview:large","keywords":"forum des associations,kung fu,lyon,lyon 7,wing chun,wing tsun,non class\u00e9","webmasterTools":{"miscellaneous":""},"schema":{"@context":"https:\/\/schema.org","@graph":[{"@type":"Article","@id":"https:\/\/www.awtr69.asso.fr\/?p=1645#article","name":"Save the date \u2013 Forum des associations Lyon7 \u2013 6\/9\/25 | Association Wing Tsun du Rh\u00f4ne","headline":"Save the date &#8211; Forum des associations Lyon7 &#8211; 6\/9\/25","author":{"@id":"https:\/\/www.awtr69.asso.fr\/?author=1#author"},"publisher":{"@id":"https:\/\/www.awtr69.asso.fr\/#organization"},"image":{"@type":"ImageObject","url":"https:\/\/www.awtr69.asso.fr\/wp-content\/uploads\/2023\/07\/fda-p.jpg","width":700,"height":394,"caption":"forum des associations lyon 7"},"datePublished":"2025-07-15T23:30:57+02:00","dateModified":"2025-08-05T14:45:01+02:00","inLanguage":"fr-FR","mainEntityOfPage":{"@id":"https:\/\/www.awtr69.asso.fr\/?p=1645#webpage"},"isPartOf":{"@id":"https:\/\/www.awtr69.asso.fr\/?p=1645#webpage"},"articleSection":"Non class\u00e9, forum des associations, Kung Fu, lyon, Lyon 7, wing chun, wing tsun"},{"@type":"BreadcrumbList","@id":"https:\/\/www.awtr69.asso.fr\/?p=1645#breadcrumblist","itemListElement":[{"@type":"ListItem","@id":"https:\/\/www.awtr69.asso.fr#listItem","position":1,"name":"Accueil","item":"https:\/\/www.awtr69.asso.fr","nextItem":{"@type":"ListItem","@id":"https:\/\/www.awtr69.asso.fr\/?cat=1#listItem","name":"Non class\u00e9"}},{"@type":"ListItem","@id":"https:\/\/www.awtr69.asso.fr\/?cat=1#listItem","position":2,"name":"Non class\u00e9","item":"https:\/\/www.awtr69.asso.fr\/?cat=1","nextItem":{"@type":"ListItem","@id":"https:\/\/www.awtr69.asso.fr\/?p=1645#listItem","name":"Save the date &#8211; Forum des associations Lyon7 &#8211; 6\/9\/25"},"previousItem":{"@type":"ListItem","@id":"https:\/\/www.awtr69.asso.fr#listItem","name":"Accueil"}},{"@type":"ListItem","@id":"https:\/\/www.awtr69.asso.fr\/?p=1645#listItem","position":3,"name":"Save the date &#8211; Forum des associations Lyon7 &#8211; 6\/9\/25","previousItem":{"@type":"ListItem","@id":"https:\/\/www.awtr69.asso.fr\/?cat=1#listItem","name":"Non class\u00e9"}}]},{"@type":"Organization","@id":"https:\/\/www.awtr69.asso.fr\/#organization","name":"Association du Wing Tsun du Rh\u00f4ne","description":"Wing Chun Kung Fu \u00e0 Lyon","url":"https:\/\/www.awtr69.asso.fr\/","logo":{"@type":"ImageObject","url":"https:\/\/www.awtr69.asso.fr\/wp-content\/uploads\/2013\/02\/Header_bleu3-copie.jpg","@id":"https:\/\/www.awtr69.asso.fr\/?p=1645\/#organizationLogo","width":840,"height":115},"image":{"@id":"https:\/\/www.awtr69.asso.fr\/?p=1645\/#organizationLogo"},"sameAs":["https:\/\/www.facebook.com\/profile.php?id=100083353388314"]},{"@type":"Person","@id":"https:\/\/www.awtr69.asso.fr\/?author=1#author","url":"https:\/\/www.awtr69.asso.fr\/?author=1","name":"admin","image":{"@type":"ImageObject","@id":"https:\/\/www.awtr69.asso.fr\/?p=1645#authorImage","url":"https:\/\/secure.gravatar.com\/avatar\/ed04002b7839ec79c5200667dd720d95b8c39c62372094812551eaa0c712476b?s=96&d=mm&r=g","width":96,"height":96,"caption":"admin"}},{"@type":"WebPage","@id":"https:\/\/www.awtr69.asso.fr\/?p=1645#webpage","url":"https:\/\/www.awtr69.asso.fr\/?p=1645","name":"Save the date \u2013 Forum des associations Lyon7 \u2013 6\/9\/25 | Association Wing Tsun du Rh\u00f4ne","description":"Bonjour \u00e0 tous, Comme chaque ann\u00e9e, nous serons pr\u00e9sents au forum des associations de Lyon 7 Les informations principales: de 10h \u00e0 17h au Gymnase Cl\u00e9menceau - 94 rue S\u00e9bastien Gryphe Lyon 7 le samedi le 6 septembre 2025. N\u2019h\u00e9sitez pas \u00e0 venir nous rencontrer et d\u00e9couvrir le Wing Chun Kung Fu. Nos \u00e9l\u00e8ves seront","inLanguage":"fr-FR","isPartOf":{"@id":"https:\/\/www.awtr69.asso.fr\/#website"},"breadcrumb":{"@id":"https:\/\/www.awtr69.asso.fr\/?p=1645#breadcrumblist"},"author":{"@id":"https:\/\/www.awtr69.asso.fr\/?author=1#author"},"creator":{"@id":"https:\/\/www.awtr69.asso.fr\/?author=1#author"},"image":{"@type":"ImageObject","url":"https:\/\/www.awtr69.asso.fr\/wp-content\/uploads\/2023\/07\/fda-p.jpg","@id":"https:\/\/www.awtr69.asso.fr\/?p=1645\/#mainImage","width":700,"height":394,"caption":"forum des associations lyon 7"},"primaryImageOfPage":{"@id":"https:\/\/www.awtr69.asso.fr\/?p=1645#mainImage"},"datePublished":"2025-07-15T23:30:57+02:00","dateModified":"2025-08-05T14:45:01+02:00"},{"@type":"WebSite","@id":"https:\/\/www.awtr69.asso.fr\/#website","url":"https:\/\/www.awtr69.asso.fr\/","name":"Association Wing Tsun du Rh\u00f4ne","description":"Wing Chun Kung Fu \u00e0 Lyon","inLanguage":"fr-FR","publisher":{"@id":"https:\/\/www.awtr69.asso.fr\/#organization"}}]},"og:locale":"fr_FR","og:site_name":"Association Wing Tsun du Rh\u00f4ne | Wing Chun Kung Fu \u00e0 Lyon","og:type":"article","og:title":"Save the date \u2013 Forum des associations Lyon7 \u2013 6\/9\/25 | Association Wing Tsun du Rh\u00f4ne","og:description":"Bonjour \u00e0 tous, Comme chaque ann\u00e9e, nous serons pr\u00e9sents au forum des associations de Lyon 7 Les informations principales: de 10h \u00e0 17h au Gymnase Cl\u00e9menceau - 94 rue S\u00e9bastien Gryphe Lyon 7 le samedi le 6 septembre 2025. N\u2019h\u00e9sitez pas \u00e0 venir nous rencontrer et d\u00e9couvrir le Wing Chun Kung Fu. Nos \u00e9l\u00e8ves seront","og:url":"https:\/\/www.awtr69.asso.fr\/?p=1645","article:published_time":"2025-07-15T21:30:57+00:00","article:modified_time":"2025-08-05T12:45:01+00:00","article:publisher":"https:\/\/www.facebook.com\/profile.php?id=100083353388314","twitter:card":"summary","twitter:title":"Save the date \u2013 Forum des associations Lyon7 \u2013 6\/9\/25 | Association Wing Tsun du Rh\u00f4ne","twitter:description":"Bonjour \u00e0 tous, Comme chaque ann\u00e9e, nous serons pr\u00e9sents au forum des associations de Lyon 7 Les informations principales: de 10h \u00e0 17h au Gymnase Cl\u00e9menceau - 94 rue S\u00e9bastien Gryphe Lyon 7 le samedi le 6 septembre 2025. N\u2019h\u00e9sitez pas \u00e0 venir nous rencontrer et d\u00e9couvrir le Wing Chun Kung Fu. Nos \u00e9l\u00e8ves seront"},"aioseo_meta_data":{"post_id":"1645","title":null,"description":null,"keywords":null,"keyphrases":{"focus":[],"additional":[]},"primary_term":null,"canonical_url":null,"og_title":null,"og_description":null,"og_object_type":"default","og_image_type":"default","og_image_url":null,"og_image_width":null,"og_image_height":null,"og_image_custom_url":null,"og_image_custom_fields":null,"og_video":"","og_custom_url":null,"og_article_section":null,"og_article_tags":null,"twitter_use_og":false,"twitter_card":"default","twitter_image_type":"default","twitter_image_url":null,"twitter_image_custom_url":null,"twitter_image_custom_fields":null,"twitter_title":null,"twitter_description":null,"schema":{"blockGraphs":[],"customGraphs":[],"default":{"data":{"Article":[],"Course":[],"Dataset":[],"FAQPage":[],"Movie":[],"Person":[],"Product":[],"ProductReview":[],"Car":[],"Recipe":[],"Service":[],"SoftwareApplication":[],"WebPage":[]},"graphName":"Article","isEnabled":true},"graphs":[]},"schema_type":"default","schema_type_options":null,"pillar_content":false,"robots_default":true,"robots_noindex":false,"robots_noarchive":false,"robots_nosnippet":false,"robots_nofollow":false,"robots_noimageindex":false,"robots_noodp":false,"robots_notranslate":false,"robots_max_snippet":"-1","robots_max_videopreview":"-1","robots_max_imagepreview":"large","priority":null,"frequency":"default","local_seo":null,"breadcrumb_settings":null,"limit_modified_date":false,"ai":{"faqs":[],"keyPoints":[],"titles":[],"descriptions":[],"socialPosts":{"email":[],"linkedin":[],"twitter":[],"facebook":[],"instagram":[]}},"created":"2025-07-15 21:25:10","updated":"2026-08-07 22:13:53","seo_analyzer_scan_date":null,"focus_keyword":null,"additional_keywords":null,"truseo_locale":null},"aioseo_breadcrumb":"<div class=\"aioseo-breadcrumbs\"><span class=\"aioseo-breadcrumb\">\n\t\t\t<a href=\"https:\/\/www.awtr69.asso.fr\" title=\"Accueil\">Accueil<\/a>\n\t\t<\/span><span class=\"aioseo-breadcrumb-separator\">&raquo;<\/span><span class=\"aioseo-breadcrumb\">\n\t\t\t<a href=\"https:\/\/www.awtr69.asso.fr\/?cat=1\" title=\"Non class\u00e9\">Non class\u00e9<\/a>\n\t\t<\/span><span class=\"aioseo-breadcrumb-separator\">&raquo;<\/span><span class=\"aioseo-breadcrumb\">\n\t\t\tSave the date \u2013 Forum des associations Lyon7 \u2013 6\/9\/25\n\t\t<\/span><\/div>","aioseo_breadcrumb_json":[{"label":"Accueil","link":"https:\/\/www.awtr69.asso.fr"},{"label":"Non class\u00e9","link":"https:\/\/www.awtr69.asso.fr\/?cat=1"},{"label":"Save the date &#8211; Forum des associations Lyon7 &#8211; 6\/9\/25","link":"https:\/\/www.awtr69.asso.fr\/?p=1645"}],"_links":{"self":[{"href":"https:\/\/www.awtr69.asso.fr\/index.php?rest_route=\/wp\/v2\/posts\/1645","targetHints":{"allow":["GET"]}}],"collection":[{"href":"https:\/\/www.awtr69.asso.fr\/index.php?rest_route=\/wp\/v2\/posts"}],"about":[{"href":"https:\/\/www.awtr69.asso.fr\/index.php?rest_route=\/wp\/v2\/types\/post"}],"author":[{"embeddable":true,"href":"https:\/\/www.awtr69.asso.fr\/index.php?rest_route=\/wp\/v2\/users\/1"}],"replies":[{"embeddable":true,"href":"https:\/\/www.awtr69.asso.fr\/index.php?rest_route=%2Fwp%2Fv2%2Fcomments&post=1645"}],"version-history":[{"count":4,"href":"https:\/\/www.awtr69.asso.fr\/index.php?rest_route=\/wp\/v2\/posts\/1645\/revisions"}],"predecessor-version":[{"id":1666,"href":"https:\/\/www.awtr69.asso.fr\/index.php?rest_route=\/wp\/v2\/posts\/1645\/revisions\/1666"}],"wp:featuredmedia":[{"embeddable":true,"href":"https:\/\/www.awtr69.asso.fr\/index.php?rest_route=\/wp\/v2\/media\/1504"}],"wp:attachment":[{"href":"https:\/\/www.awtr69.asso.fr\/index.php?rest_route=%2Fwp%2Fv2%2Fmedia&parent=1645"}],"wp:term":[{"taxonomy":"category","embeddable":true,"href":"https:\/\/www.awtr69.asso.fr\/index.php?rest_route=%2Fwp%2Fv2%2Fcategories&post=1645"},{"taxonomy":"post_tag","embeddable":true,"href":"https:\/\/www.awtr69.asso.fr\/index.php?rest_route=%2Fwp%2Fv2%2Ftags&post=1645"}],"curies":[{"name":"wp","href":"https:\/\/api.w.org\/{rel}","templated":true}]}}