{"id":265,"date":"2011-06-28T21:00:22","date_gmt":"2011-06-28T19:00:22","guid":{"rendered":"http:\/\/www.awtr69.asso.fr\/?p=265"},"modified":"2013-02-17T01:36:18","modified_gmt":"2013-02-16T23:36:18","slug":"quelques-precisions-sur-le-stage","status":"publish","type":"post","link":"https:\/\/www.awtr69.asso.fr\/?p=265","title":{"rendered":"Quelques pr\u00e9cisions sur le stage"},"content":{"rendered":"<p>Bonjour \u00e0 tous,<\/p>\n<p>Voici le lieu et les horaires d\u00e9finitifs pour le stage qui commence ce vendredi 1er juillet :<\/p>\n<ul>\n<li>Vendredi 1\/7 : 19h<\/li>\n<li>Samedi 2\/7 matin : 10h<\/li>\n<li>Samedi 2\/7 apr\u00e8s-midi : 14h<\/li>\n<li>Dimanche 3\/7 : 10h<\/li>\n<\/ul>\n<p>Pour le lieu, c&rsquo;est toujours Impasse des Chalets dans le 7eme arrondissement (le long de l&rsquo;avenue Berthelot).<\/p>\n<p><small><a style=\"color: #0000ff; text-align: left;\" href=\"http:\/\/maps.google.fr\/maps?f=q&amp;source=embed&amp;hl=fr&amp;geocode=&amp;q=Impasse+des+Chalets,+69007+Lyon&amp;sll=45.78475,4.819353&amp;sspn=0.007272,0.01929&amp;ie=UTF8&amp;hq=&amp;hnear=Impasse+des+Chalets,+69007+Lyon,+Rh%C3%B4ne,+Rh%C3%B4ne-Alpes&amp;t=h&amp;ll=45.742445,4.850442&amp;spn=0.005526,0.01929&amp;z=14\">Agrandir le plan<\/a><\/small><\/p>\n","protected":false},"excerpt":{"rendered":"<p>Voici le lieu et les horaires d\u00e9finitifs pour le stage qui commence ce vendredi 1er juillet :<\/p>\n<p>    * Vendredi 1\/7 : 19h<br \/>\n    * Samedi 2\/7 matin : 10h<br \/>\n    * Samedi 2\/7 apr\u00e8s-midi : 14h<br \/>\n    * Dimanche 3\/7 : 10h<\/p>\n","protected":false},"author":1,"featured_media":0,"comment_status":"open","ping_status":"open","sticky":false,"template":"","format":"standard","meta":{"om_disable_all_campaigns":false,"_monsterinsights_skip_tracking":false,"ngg_post_thumbnail":0,"footnotes":""},"categories":[3],"tags":[],"class_list":["post-265","post","type-post","status-publish","format-standard","hentry","category-evenements","column","threecol"],"aioseo_notices":[],"aioseo_head":"\n\t\t<!-- All in One SEO 5.0.0.1 - aioseo.com -->\n\t<meta name=\"description\" content=\"Horaires d\u00e9finitifs pour le stage qui commence ce vendredi 1er juillet : * Vendredi 1\/7 : 19h * Samedi 2\/7 matin : 10h * Samedi 2\/7 apr\u00e8s-midi : 14h * Dimanche 3\/7 : 10h\" \/>\n\t<meta name=\"robots\" content=\"max-image-preview:large\" \/>\n\t<meta name=\"author\" content=\"admin\"\/>\n\t<meta name=\"keywords\" content=\"wing tsun,wing chun,wingtsun,wingchun,leon ting,sifu,schussler,self defense,art artiaux,applications,r\u00e9alisme,ev\u00e9nements\" \/>\n\t<link rel=\"canonical\" href=\"https:\/\/www.awtr69.asso.fr\/?p=265\" \/>\n\t<meta name=\"generator\" content=\"All in One SEO (AIOSEO) 5.0.0.1\" \/>\n\t\t<meta property=\"og:locale\" content=\"fr_FR\" \/>\n\t\t<meta property=\"og:site_name\" content=\"Association Wing Tsun du Rh\u00f4ne | Wing Chun Kung Fu \u00e0 Lyon\" \/>\n\t\t<meta property=\"og:type\" content=\"article\" \/>\n\t\t<meta property=\"og:title\" content=\"Quelques pr\u00e9cisions sur le stage | Association Wing Tsun du Rh\u00f4ne\" \/>\n\t\t<meta property=\"og:description\" content=\"Horaires d\u00e9finitifs pour le stage qui commence ce vendredi 1er juillet : * Vendredi 1\/7 : 19h * Samedi 2\/7 matin : 10h * Samedi 2\/7 apr\u00e8s-midi : 14h * Dimanche 3\/7 : 10h\" \/>\n\t\t<meta property=\"og:url\" content=\"https:\/\/www.awtr69.asso.fr\/?p=265\" \/>\n\t\t<meta property=\"article:published_time\" content=\"2011-06-28T19:00:22+00:00\" \/>\n\t\t<meta property=\"article:modified_time\" content=\"2013-02-16T23:36:18+00:00\" \/>\n\t\t<meta property=\"article:publisher\" content=\"https:\/\/www.facebook.com\/profile.php?id=100083353388314\" \/>\n\t\t<meta name=\"twitter:card\" content=\"summary\" \/>\n\t\t<meta name=\"twitter:title\" content=\"Quelques pr\u00e9cisions sur le stage | Association Wing Tsun du Rh\u00f4ne\" \/>\n\t\t<meta name=\"twitter:description\" content=\"Horaires d\u00e9finitifs pour le stage qui commence ce vendredi 1er juillet : * Vendredi 1\/7 : 19h * Samedi 2\/7 matin : 10h * Samedi 2\/7 apr\u00e8s-midi : 14h * Dimanche 3\/7 : 10h\" \/>\n\t\t<script type=\"application\/ld+json\" class=\"aioseo-schema\">\n\t\t\t{\"@context\":\"https:\\\/\\\/schema.org\",\"@graph\":[{\"@type\":\"Article\",\"@id\":\"https:\\\/\\\/www.awtr69.asso.fr\\\/?p=265#article\",\"name\":\"Quelques pr\\u00e9cisions sur le stage | Association Wing Tsun du Rh\\u00f4ne\",\"headline\":\"Quelques pr\\u00e9cisions sur le stage\",\"author\":{\"@id\":\"https:\\\/\\\/www.awtr69.asso.fr\\\/?author=1#author\"},\"publisher\":{\"@id\":\"https:\\\/\\\/www.awtr69.asso.fr\\\/#organization\"},\"image\":{\"@type\":\"ImageObject\",\"url\":\"https:\\\/\\\/www.awtr69.asso.fr\\\/wp-content\\\/uploads\\\/2013\\\/02\\\/Header_bleu3-copie.jpg\",\"@id\":\"https:\\\/\\\/www.awtr69.asso.fr\\\/#articleImage\",\"width\":840,\"height\":115},\"datePublished\":\"2011-06-28T21:00:22+02:00\",\"dateModified\":\"2013-02-17T01:36:18+02:00\",\"inLanguage\":\"fr-FR\",\"mainEntityOfPage\":{\"@id\":\"https:\\\/\\\/www.awtr69.asso.fr\\\/?p=265#webpage\"},\"isPartOf\":{\"@id\":\"https:\\\/\\\/www.awtr69.asso.fr\\\/?p=265#webpage\"},\"articleSection\":\"Ev\\u00e9nements\"},{\"@type\":\"BreadcrumbList\",\"@id\":\"https:\\\/\\\/www.awtr69.asso.fr\\\/?p=265#breadcrumblist\",\"itemListElement\":[{\"@type\":\"ListItem\",\"@id\":\"https:\\\/\\\/www.awtr69.asso.fr#listItem\",\"position\":1,\"name\":\"Accueil\",\"item\":\"https:\\\/\\\/www.awtr69.asso.fr\",\"nextItem\":{\"@type\":\"ListItem\",\"@id\":\"https:\\\/\\\/www.awtr69.asso.fr\\\/?cat=3#listItem\",\"name\":\"Ev\\u00e9nements\"}},{\"@type\":\"ListItem\",\"@id\":\"https:\\\/\\\/www.awtr69.asso.fr\\\/?cat=3#listItem\",\"position\":2,\"name\":\"Ev\\u00e9nements\",\"item\":\"https:\\\/\\\/www.awtr69.asso.fr\\\/?cat=3\",\"nextItem\":{\"@type\":\"ListItem\",\"@id\":\"https:\\\/\\\/www.awtr69.asso.fr\\\/?p=265#listItem\",\"name\":\"Quelques pr\\u00e9cisions sur le stage\"},\"previousItem\":{\"@type\":\"ListItem\",\"@id\":\"https:\\\/\\\/www.awtr69.asso.fr#listItem\",\"name\":\"Accueil\"}},{\"@type\":\"ListItem\",\"@id\":\"https:\\\/\\\/www.awtr69.asso.fr\\\/?p=265#listItem\",\"position\":3,\"name\":\"Quelques pr\\u00e9cisions sur le stage\",\"previousItem\":{\"@type\":\"ListItem\",\"@id\":\"https:\\\/\\\/www.awtr69.asso.fr\\\/?cat=3#listItem\",\"name\":\"Ev\\u00e9nements\"}}]},{\"@type\":\"Organization\",\"@id\":\"https:\\\/\\\/www.awtr69.asso.fr\\\/#organization\",\"name\":\"Association du Wing Tsun du Rh\\u00f4ne\",\"description\":\"Wing Chun Kung Fu \\u00e0 Lyon\",\"url\":\"https:\\\/\\\/www.awtr69.asso.fr\\\/\",\"logo\":{\"@type\":\"ImageObject\",\"url\":\"https:\\\/\\\/www.awtr69.asso.fr\\\/wp-content\\\/uploads\\\/2013\\\/02\\\/Header_bleu3-copie.jpg\",\"@id\":\"https:\\\/\\\/www.awtr69.asso.fr\\\/?p=265\\\/#organizationLogo\",\"width\":840,\"height\":115},\"image\":{\"@id\":\"https:\\\/\\\/www.awtr69.asso.fr\\\/?p=265\\\/#organizationLogo\"},\"sameAs\":[\"https:\\\/\\\/www.facebook.com\\\/profile.php?id=100083353388314\"]},{\"@type\":\"Person\",\"@id\":\"https:\\\/\\\/www.awtr69.asso.fr\\\/?author=1#author\",\"url\":\"https:\\\/\\\/www.awtr69.asso.fr\\\/?author=1\",\"name\":\"admin\",\"image\":{\"@type\":\"ImageObject\",\"@id\":\"https:\\\/\\\/www.awtr69.asso.fr\\\/?p=265#authorImage\",\"url\":\"https:\\\/\\\/secure.gravatar.com\\\/avatar\\\/ed04002b7839ec79c5200667dd720d95b8c39c62372094812551eaa0c712476b?s=96&d=mm&r=g\",\"width\":96,\"height\":96,\"caption\":\"admin\"}},{\"@type\":\"WebPage\",\"@id\":\"https:\\\/\\\/www.awtr69.asso.fr\\\/?p=265#webpage\",\"url\":\"https:\\\/\\\/www.awtr69.asso.fr\\\/?p=265\",\"name\":\"Quelques pr\\u00e9cisions sur le stage | Association Wing Tsun du Rh\\u00f4ne\",\"description\":\"Horaires d\\u00e9finitifs pour le stage qui commence ce vendredi 1er juillet : * Vendredi 1\\\/7 : 19h * Samedi 2\\\/7 matin : 10h * Samedi 2\\\/7 apr\\u00e8s-midi : 14h * Dimanche 3\\\/7 : 10h\",\"inLanguage\":\"fr-FR\",\"isPartOf\":{\"@id\":\"https:\\\/\\\/www.awtr69.asso.fr\\\/#website\"},\"breadcrumb\":{\"@id\":\"https:\\\/\\\/www.awtr69.asso.fr\\\/?p=265#breadcrumblist\"},\"author\":{\"@id\":\"https:\\\/\\\/www.awtr69.asso.fr\\\/?author=1#author\"},\"creator\":{\"@id\":\"https:\\\/\\\/www.awtr69.asso.fr\\\/?author=1#author\"},\"datePublished\":\"2011-06-28T21:00:22+02:00\",\"dateModified\":\"2013-02-17T01:36:18+02:00\"},{\"@type\":\"WebSite\",\"@id\":\"https:\\\/\\\/www.awtr69.asso.fr\\\/#website\",\"url\":\"https:\\\/\\\/www.awtr69.asso.fr\\\/\",\"name\":\"Association Wing Tsun du Rh\\u00f4ne\",\"description\":\"Wing Chun Kung Fu \\u00e0 Lyon\",\"inLanguage\":\"fr-FR\",\"publisher\":{\"@id\":\"https:\\\/\\\/www.awtr69.asso.fr\\\/#organization\"}}]}\n\t\t<\/script>\n\t\t<!-- All in One SEO -->\n\n","aioseo_head_json":{"title":"Quelques pr\u00e9cisions sur le stage | Association Wing Tsun du Rh\u00f4ne","description":"Horaires d\u00e9finitifs pour le stage qui commence ce vendredi 1er juillet : * Vendredi 1\/7 : 19h * Samedi 2\/7 matin : 10h * Samedi 2\/7 apr\u00e8s-midi : 14h * Dimanche 3\/7 : 10h","canonical_url":"https:\/\/www.awtr69.asso.fr\/?p=265","robots":"max-image-preview:large","keywords":"wing tsun,wing chun,wingtsun,wingchun,leon ting,sifu,schussler,self defense,art artiaux,applications,r\u00e9alisme,ev\u00e9nements","webmasterTools":{"miscellaneous":""},"schema":{"@context":"https:\/\/schema.org","@graph":[{"@type":"Article","@id":"https:\/\/www.awtr69.asso.fr\/?p=265#article","name":"Quelques pr\u00e9cisions sur le stage | Association Wing Tsun du Rh\u00f4ne","headline":"Quelques pr\u00e9cisions sur le stage","author":{"@id":"https:\/\/www.awtr69.asso.fr\/?author=1#author"},"publisher":{"@id":"https:\/\/www.awtr69.asso.fr\/#organization"},"image":{"@type":"ImageObject","url":"https:\/\/www.awtr69.asso.fr\/wp-content\/uploads\/2013\/02\/Header_bleu3-copie.jpg","@id":"https:\/\/www.awtr69.asso.fr\/#articleImage","width":840,"height":115},"datePublished":"2011-06-28T21:00:22+02:00","dateModified":"2013-02-17T01:36:18+02:00","inLanguage":"fr-FR","mainEntityOfPage":{"@id":"https:\/\/www.awtr69.asso.fr\/?p=265#webpage"},"isPartOf":{"@id":"https:\/\/www.awtr69.asso.fr\/?p=265#webpage"},"articleSection":"Ev\u00e9nements"},{"@type":"BreadcrumbList","@id":"https:\/\/www.awtr69.asso.fr\/?p=265#breadcrumblist","itemListElement":[{"@type":"ListItem","@id":"https:\/\/www.awtr69.asso.fr#listItem","position":1,"name":"Accueil","item":"https:\/\/www.awtr69.asso.fr","nextItem":{"@type":"ListItem","@id":"https:\/\/www.awtr69.asso.fr\/?cat=3#listItem","name":"Ev\u00e9nements"}},{"@type":"ListItem","@id":"https:\/\/www.awtr69.asso.fr\/?cat=3#listItem","position":2,"name":"Ev\u00e9nements","item":"https:\/\/www.awtr69.asso.fr\/?cat=3","nextItem":{"@type":"ListItem","@id":"https:\/\/www.awtr69.asso.fr\/?p=265#listItem","name":"Quelques pr\u00e9cisions sur le stage"},"previousItem":{"@type":"ListItem","@id":"https:\/\/www.awtr69.asso.fr#listItem","name":"Accueil"}},{"@type":"ListItem","@id":"https:\/\/www.awtr69.asso.fr\/?p=265#listItem","position":3,"name":"Quelques pr\u00e9cisions sur le stage","previousItem":{"@type":"ListItem","@id":"https:\/\/www.awtr69.asso.fr\/?cat=3#listItem","name":"Ev\u00e9nements"}}]},{"@type":"Organization","@id":"https:\/\/www.awtr69.asso.fr\/#organization","name":"Association du Wing Tsun du Rh\u00f4ne","description":"Wing Chun Kung Fu \u00e0 Lyon","url":"https:\/\/www.awtr69.asso.fr\/","logo":{"@type":"ImageObject","url":"https:\/\/www.awtr69.asso.fr\/wp-content\/uploads\/2013\/02\/Header_bleu3-copie.jpg","@id":"https:\/\/www.awtr69.asso.fr\/?p=265\/#organizationLogo","width":840,"height":115},"image":{"@id":"https:\/\/www.awtr69.asso.fr\/?p=265\/#organizationLogo"},"sameAs":["https:\/\/www.facebook.com\/profile.php?id=100083353388314"]},{"@type":"Person","@id":"https:\/\/www.awtr69.asso.fr\/?author=1#author","url":"https:\/\/www.awtr69.asso.fr\/?author=1","name":"admin","image":{"@type":"ImageObject","@id":"https:\/\/www.awtr69.asso.fr\/?p=265#authorImage","url":"https:\/\/secure.gravatar.com\/avatar\/ed04002b7839ec79c5200667dd720d95b8c39c62372094812551eaa0c712476b?s=96&d=mm&r=g","width":96,"height":96,"caption":"admin"}},{"@type":"WebPage","@id":"https:\/\/www.awtr69.asso.fr\/?p=265#webpage","url":"https:\/\/www.awtr69.asso.fr\/?p=265","name":"Quelques pr\u00e9cisions sur le stage | Association Wing Tsun du Rh\u00f4ne","description":"Horaires d\u00e9finitifs pour le stage qui commence ce vendredi 1er juillet : * Vendredi 1\/7 : 19h * Samedi 2\/7 matin : 10h * Samedi 2\/7 apr\u00e8s-midi : 14h * Dimanche 3\/7 : 10h","inLanguage":"fr-FR","isPartOf":{"@id":"https:\/\/www.awtr69.asso.fr\/#website"},"breadcrumb":{"@id":"https:\/\/www.awtr69.asso.fr\/?p=265#breadcrumblist"},"author":{"@id":"https:\/\/www.awtr69.asso.fr\/?author=1#author"},"creator":{"@id":"https:\/\/www.awtr69.asso.fr\/?author=1#author"},"datePublished":"2011-06-28T21:00:22+02:00","dateModified":"2013-02-17T01:36:18+02:00"},{"@type":"WebSite","@id":"https:\/\/www.awtr69.asso.fr\/#website","url":"https:\/\/www.awtr69.asso.fr\/","name":"Association Wing Tsun du Rh\u00f4ne","description":"Wing Chun Kung Fu \u00e0 Lyon","inLanguage":"fr-FR","publisher":{"@id":"https:\/\/www.awtr69.asso.fr\/#organization"}}]},"og:locale":"fr_FR","og:site_name":"Association Wing Tsun du Rh\u00f4ne | Wing Chun Kung Fu \u00e0 Lyon","og:type":"article","og:title":"Quelques pr\u00e9cisions sur le stage | Association Wing Tsun du Rh\u00f4ne","og:description":"Horaires d\u00e9finitifs pour le stage qui commence ce vendredi 1er juillet : * Vendredi 1\/7 : 19h * Samedi 2\/7 matin : 10h * Samedi 2\/7 apr\u00e8s-midi : 14h * Dimanche 3\/7 : 10h","og:url":"https:\/\/www.awtr69.asso.fr\/?p=265","article:published_time":"2011-06-28T19:00:22+00:00","article:modified_time":"2013-02-16T23:36:18+00:00","article:publisher":"https:\/\/www.facebook.com\/profile.php?id=100083353388314","twitter:card":"summary","twitter:title":"Quelques pr\u00e9cisions sur le stage | Association Wing Tsun du Rh\u00f4ne","twitter:description":"Horaires d\u00e9finitifs pour le stage qui commence ce vendredi 1er juillet : * Vendredi 1\/7 : 19h * Samedi 2\/7 matin : 10h * Samedi 2\/7 apr\u00e8s-midi : 14h * Dimanche 3\/7 : 10h"},"aioseo_meta_data":{"post_id":"265","title":"Quelques pr\u00e9cisions sur le stage | #site_title","description":"Horaires d\u00e9finitifs pour le stage qui commence ce vendredi 1er juillet :\r\n\r\n    * Vendredi 1\/7 : 19h\r\n    * Samedi 2\/7 matin : 10h\r\n    * Samedi 2\/7 apr\u00e8s-midi : 14h\r\n    * Dimanche 3\/7 : 10h","keywords":[{"label":"wing tsun","value":"wing tsun"},{"label":"wing chun","value":"wing chun"},{"label":"wingtsun","value":"wingtsun"},{"label":"wingchun","value":"wingchun"},{"label":"leon ting","value":"leon ting"},{"label":"sifu","value":"sifu"},{"label":"schussler","value":"schussler"},{"label":"self defense","value":"self defense"},{"label":"art artiaux","value":"art artiaux"},{"label":"applications","value":"applications"},{"label":"r\u00e9alisme","value":"r\u00e9alisme"}],"keyphrases":null,"primary_term":null,"canonical_url":null,"og_title":null,"og_description":null,"og_object_type":"default","og_image_type":"default","og_image_url":null,"og_image_width":null,"og_image_height":null,"og_image_custom_url":null,"og_image_custom_fields":null,"og_video":null,"og_custom_url":null,"og_article_section":null,"og_article_tags":null,"twitter_use_og":false,"twitter_card":"default","twitter_image_type":"default","twitter_image_url":null,"twitter_image_custom_url":null,"twitter_image_custom_fields":null,"twitter_title":null,"twitter_description":null,"schema":{"blockGraphs":[],"customGraphs":[],"default":{"data":{"Article":[],"Course":[],"Dataset":[],"FAQPage":[],"Movie":[],"Person":[],"Product":[],"ProductReview":[],"Car":[],"Recipe":[],"Service":[],"SoftwareApplication":[],"WebPage":[]},"graphName":"Article","isEnabled":true},"graphs":[]},"schema_type":null,"schema_type_options":null,"pillar_content":false,"robots_default":true,"robots_noindex":false,"robots_noarchive":false,"robots_nosnippet":false,"robots_nofollow":false,"robots_noimageindex":false,"robots_noodp":false,"robots_notranslate":false,"robots_max_snippet":null,"robots_max_videopreview":null,"robots_max_imagepreview":"large","priority":null,"frequency":null,"local_seo":null,"breadcrumb_settings":null,"limit_modified_date":false,"ai":null,"created":"2021-03-29 12:26:38","updated":"2025-07-14 21:48:27","seo_analyzer_scan_date":null,"focus_keyword":null,"additional_keywords":null,"truseo_locale":null},"aioseo_breadcrumb":"<div class=\"aioseo-breadcrumbs\"><span class=\"aioseo-breadcrumb\">\n\t\t\t<a href=\"https:\/\/www.awtr69.asso.fr\" title=\"Accueil\">Accueil<\/a>\n\t\t<\/span><span class=\"aioseo-breadcrumb-separator\">&raquo;<\/span><span class=\"aioseo-breadcrumb\">\n\t\t\t<a href=\"https:\/\/www.awtr69.asso.fr\/?cat=3\" title=\"Ev\u00e9nements\">Ev\u00e9nements<\/a>\n\t\t<\/span><span class=\"aioseo-breadcrumb-separator\">&raquo;<\/span><span class=\"aioseo-breadcrumb\">\n\t\t\tQuelques pr\u00e9cisions sur le stage\n\t\t<\/span><\/div>","aioseo_breadcrumb_json":[{"label":"Accueil","link":"https:\/\/www.awtr69.asso.fr"},{"label":"Ev\u00e9nements","link":"https:\/\/www.awtr69.asso.fr\/?cat=3"},{"label":"Quelques pr\u00e9cisions sur le stage","link":"https:\/\/www.awtr69.asso.fr\/?p=265"}],"_links":{"self":[{"href":"https:\/\/www.awtr69.asso.fr\/index.php?rest_route=\/wp\/v2\/posts\/265","targetHints":{"allow":["GET"]}}],"collection":[{"href":"https:\/\/www.awtr69.asso.fr\/index.php?rest_route=\/wp\/v2\/posts"}],"about":[{"href":"https:\/\/www.awtr69.asso.fr\/index.php?rest_route=\/wp\/v2\/types\/post"}],"author":[{"embeddable":true,"href":"https:\/\/www.awtr69.asso.fr\/index.php?rest_route=\/wp\/v2\/users\/1"}],"replies":[{"embeddable":true,"href":"https:\/\/www.awtr69.asso.fr\/index.php?rest_route=%2Fwp%2Fv2%2Fcomments&post=265"}],"version-history":[{"count":8,"href":"https:\/\/www.awtr69.asso.fr\/index.php?rest_route=\/wp\/v2\/posts\/265\/revisions"}],"predecessor-version":[{"id":542,"href":"https:\/\/www.awtr69.asso.fr\/index.php?rest_route=\/wp\/v2\/posts\/265\/revisions\/542"}],"wp:attachment":[{"href":"https:\/\/www.awtr69.asso.fr\/index.php?rest_route=%2Fwp%2Fv2%2Fmedia&parent=265"}],"wp:term":[{"taxonomy":"category","embeddable":true,"href":"https:\/\/www.awtr69.asso.fr\/index.php?rest_route=%2Fwp%2Fv2%2Fcategories&post=265"},{"taxonomy":"post_tag","embeddable":true,"href":"https:\/\/www.awtr69.asso.fr\/index.php?rest_route=%2Fwp%2Fv2%2Ftags&post=265"}],"curies":[{"name":"wp","href":"https:\/\/api.w.org\/{rel}","templated":true}]}}