{"id":273,"date":"2011-08-30T20:48:07","date_gmt":"2011-08-30T18:48:07","guid":{"rendered":"http:\/\/www.awtr69.asso.fr\/?p=273"},"modified":"2013-02-17T01:36:18","modified_gmt":"2013-02-16T23:36:18","slug":"cest-bientot-la-rentree","status":"publish","type":"post","link":"https:\/\/www.awtr69.asso.fr\/?p=273","title":{"rendered":"C\u2019est bient\u00f4t la rentr\u00e9e !"},"content":{"rendered":"<p>Bonjour \u00e0 tous,<\/p>\n<p>La rentr\u00e9e aura lieu ce <strong>lundi 5 Septembre \u00e0 20h<\/strong> \u00e0 la maison de la Guilloti\u00e8re, rue B\u00e9chevelin dans le 7eme arrondissement.<\/p>\n<p>Une initiation gratuite et ouverte \u00e0 tous sera donn\u00e9e \u00e0 l&rsquo;occasion de ce premier cours et pendant tous les lundis du mois de septembre, donc n&rsquo;h\u00e9sitez pas \u00e0 nous rendre visite, passionn\u00e9s, curieux, venez comme vous \u00eates\u00a0 !<\/p>\n<p>Nous vous communiquerons les tarifs de cette ann\u00e9e \u00e0 cette occasion.<\/p>\n<p>A bient\u00f4t,<\/p>\n","protected":false},"excerpt":{"rendered":"<p>La rentr\u00e9e aura lieu ce lundi 5 Septembre \u00e0 20h \u00e0 la maison de la Guilloti\u00e8re, rue B\u00e9chevelin dans le 7eme arrondissement.<\/p>\n<p>Une initiation gratuite et ouverte \u00e0 tous sera donn\u00e9e \u00e0 l&rsquo;occasion de ce premier cours et pendant tous les lundis du mois de septembre, donc n&rsquo;h\u00e9sitez pas \u00e0 nous rendre visite, passionn\u00e9s, curieux, venez comme vous \u00eates  !<\/p>\n","protected":false},"author":1,"featured_media":0,"comment_status":"open","ping_status":"open","sticky":false,"template":"","format":"standard","meta":{"om_disable_all_campaigns":false,"_monsterinsights_skip_tracking":false,"ngg_post_thumbnail":0,"footnotes":""},"categories":[3],"tags":[],"class_list":["post-273","post","type-post","status-publish","format-standard","hentry","category-evenements","column","threecol"],"aioseo_notices":[],"aioseo_head":"\n\t\t<!-- All in One SEO 5.0.0.1 - aioseo.com -->\n\t<meta name=\"description\" content=\"La rentr\u00e9e aura lieu ce lundi 5 Septembre \u00e0 20h \u00e0 la maison de la Guilloti\u00e8re, rue B\u00e9chevelin dans le 7eme arrondissement.\" \/>\n\t<meta name=\"robots\" content=\"max-image-preview:large\" \/>\n\t<meta name=\"author\" content=\"admin\"\/>\n\t<meta name=\"keywords\" content=\"wing tsun,wing chun,lyon,sports de combats,initiation,rentr\u00e9e,kung fu,leung ting,ev\u00e9nements\" \/>\n\t<link rel=\"canonical\" href=\"https:\/\/www.awtr69.asso.fr\/?p=273\" \/>\n\t<meta name=\"generator\" content=\"All in One SEO (AIOSEO) 5.0.0.1\" \/>\n\t\t<meta property=\"og:locale\" content=\"fr_FR\" \/>\n\t\t<meta property=\"og:site_name\" content=\"Association Wing Tsun du Rh\u00f4ne | Wing Chun Kung Fu \u00e0 Lyon\" \/>\n\t\t<meta property=\"og:type\" content=\"article\" \/>\n\t\t<meta property=\"og:title\" content=\"Bient\u00f4t la rentr\u00e9e | Association Wing Tsun du Rh\u00f4ne\" \/>\n\t\t<meta property=\"og:description\" content=\"La rentr\u00e9e aura lieu ce lundi 5 Septembre \u00e0 20h \u00e0 la maison de la Guilloti\u00e8re, rue B\u00e9chevelin dans le 7eme arrondissement.\" \/>\n\t\t<meta property=\"og:url\" content=\"https:\/\/www.awtr69.asso.fr\/?p=273\" \/>\n\t\t<meta property=\"article:published_time\" content=\"2011-08-30T18:48:07+00:00\" \/>\n\t\t<meta property=\"article:modified_time\" content=\"2013-02-16T23:36:18+00:00\" \/>\n\t\t<meta property=\"article:publisher\" content=\"https:\/\/www.facebook.com\/profile.php?id=100083353388314\" \/>\n\t\t<meta name=\"twitter:card\" content=\"summary\" \/>\n\t\t<meta name=\"twitter:title\" content=\"Bient\u00f4t la rentr\u00e9e | Association Wing Tsun du Rh\u00f4ne\" \/>\n\t\t<meta name=\"twitter:description\" content=\"La rentr\u00e9e aura lieu ce lundi 5 Septembre \u00e0 20h \u00e0 la maison de la Guilloti\u00e8re, rue B\u00e9chevelin dans le 7eme arrondissement.\" \/>\n\t\t<script type=\"application\/ld+json\" class=\"aioseo-schema\">\n\t\t\t{\"@context\":\"https:\\\/\\\/schema.org\",\"@graph\":[{\"@type\":\"Article\",\"@id\":\"https:\\\/\\\/www.awtr69.asso.fr\\\/?p=273#article\",\"name\":\"Bient\\u00f4t la rentr\\u00e9e | Association Wing Tsun du Rh\\u00f4ne\",\"headline\":\"C\\u2019est bient\\u00f4t la rentr\\u00e9e !\",\"author\":{\"@id\":\"https:\\\/\\\/www.awtr69.asso.fr\\\/?author=1#author\"},\"publisher\":{\"@id\":\"https:\\\/\\\/www.awtr69.asso.fr\\\/#organization\"},\"image\":{\"@type\":\"ImageObject\",\"url\":\"https:\\\/\\\/www.awtr69.asso.fr\\\/wp-content\\\/uploads\\\/2013\\\/02\\\/Header_bleu3-copie.jpg\",\"@id\":\"https:\\\/\\\/www.awtr69.asso.fr\\\/#articleImage\",\"width\":840,\"height\":115},\"datePublished\":\"2011-08-30T20:48:07+02:00\",\"dateModified\":\"2013-02-17T01:36:18+02:00\",\"inLanguage\":\"fr-FR\",\"mainEntityOfPage\":{\"@id\":\"https:\\\/\\\/www.awtr69.asso.fr\\\/?p=273#webpage\"},\"isPartOf\":{\"@id\":\"https:\\\/\\\/www.awtr69.asso.fr\\\/?p=273#webpage\"},\"articleSection\":\"Ev\\u00e9nements\"},{\"@type\":\"BreadcrumbList\",\"@id\":\"https:\\\/\\\/www.awtr69.asso.fr\\\/?p=273#breadcrumblist\",\"itemListElement\":[{\"@type\":\"ListItem\",\"@id\":\"https:\\\/\\\/www.awtr69.asso.fr#listItem\",\"position\":1,\"name\":\"Accueil\",\"item\":\"https:\\\/\\\/www.awtr69.asso.fr\",\"nextItem\":{\"@type\":\"ListItem\",\"@id\":\"https:\\\/\\\/www.awtr69.asso.fr\\\/?cat=3#listItem\",\"name\":\"Ev\\u00e9nements\"}},{\"@type\":\"ListItem\",\"@id\":\"https:\\\/\\\/www.awtr69.asso.fr\\\/?cat=3#listItem\",\"position\":2,\"name\":\"Ev\\u00e9nements\",\"item\":\"https:\\\/\\\/www.awtr69.asso.fr\\\/?cat=3\",\"nextItem\":{\"@type\":\"ListItem\",\"@id\":\"https:\\\/\\\/www.awtr69.asso.fr\\\/?p=273#listItem\",\"name\":\"C\\u2019est bient\\u00f4t la rentr\\u00e9e !\"},\"previousItem\":{\"@type\":\"ListItem\",\"@id\":\"https:\\\/\\\/www.awtr69.asso.fr#listItem\",\"name\":\"Accueil\"}},{\"@type\":\"ListItem\",\"@id\":\"https:\\\/\\\/www.awtr69.asso.fr\\\/?p=273#listItem\",\"position\":3,\"name\":\"C\\u2019est bient\\u00f4t la rentr\\u00e9e !\",\"previousItem\":{\"@type\":\"ListItem\",\"@id\":\"https:\\\/\\\/www.awtr69.asso.fr\\\/?cat=3#listItem\",\"name\":\"Ev\\u00e9nements\"}}]},{\"@type\":\"Organization\",\"@id\":\"https:\\\/\\\/www.awtr69.asso.fr\\\/#organization\",\"name\":\"Association du Wing Tsun du Rh\\u00f4ne\",\"description\":\"Wing Chun Kung Fu \\u00e0 Lyon\",\"url\":\"https:\\\/\\\/www.awtr69.asso.fr\\\/\",\"logo\":{\"@type\":\"ImageObject\",\"url\":\"https:\\\/\\\/www.awtr69.asso.fr\\\/wp-content\\\/uploads\\\/2013\\\/02\\\/Header_bleu3-copie.jpg\",\"@id\":\"https:\\\/\\\/www.awtr69.asso.fr\\\/?p=273\\\/#organizationLogo\",\"width\":840,\"height\":115},\"image\":{\"@id\":\"https:\\\/\\\/www.awtr69.asso.fr\\\/?p=273\\\/#organizationLogo\"},\"sameAs\":[\"https:\\\/\\\/www.facebook.com\\\/profile.php?id=100083353388314\"]},{\"@type\":\"Person\",\"@id\":\"https:\\\/\\\/www.awtr69.asso.fr\\\/?author=1#author\",\"url\":\"https:\\\/\\\/www.awtr69.asso.fr\\\/?author=1\",\"name\":\"admin\",\"image\":{\"@type\":\"ImageObject\",\"@id\":\"https:\\\/\\\/www.awtr69.asso.fr\\\/?p=273#authorImage\",\"url\":\"https:\\\/\\\/secure.gravatar.com\\\/avatar\\\/ed04002b7839ec79c5200667dd720d95b8c39c62372094812551eaa0c712476b?s=96&d=mm&r=g\",\"width\":96,\"height\":96,\"caption\":\"admin\"}},{\"@type\":\"WebPage\",\"@id\":\"https:\\\/\\\/www.awtr69.asso.fr\\\/?p=273#webpage\",\"url\":\"https:\\\/\\\/www.awtr69.asso.fr\\\/?p=273\",\"name\":\"Bient\\u00f4t la rentr\\u00e9e | Association Wing Tsun du Rh\\u00f4ne\",\"description\":\"La rentr\\u00e9e aura lieu ce lundi 5 Septembre \\u00e0 20h \\u00e0 la maison de la Guilloti\\u00e8re, rue B\\u00e9chevelin dans le 7eme arrondissement.\",\"inLanguage\":\"fr-FR\",\"isPartOf\":{\"@id\":\"https:\\\/\\\/www.awtr69.asso.fr\\\/#website\"},\"breadcrumb\":{\"@id\":\"https:\\\/\\\/www.awtr69.asso.fr\\\/?p=273#breadcrumblist\"},\"author\":{\"@id\":\"https:\\\/\\\/www.awtr69.asso.fr\\\/?author=1#author\"},\"creator\":{\"@id\":\"https:\\\/\\\/www.awtr69.asso.fr\\\/?author=1#author\"},\"datePublished\":\"2011-08-30T20:48:07+02:00\",\"dateModified\":\"2013-02-17T01:36:18+02:00\"},{\"@type\":\"WebSite\",\"@id\":\"https:\\\/\\\/www.awtr69.asso.fr\\\/#website\",\"url\":\"https:\\\/\\\/www.awtr69.asso.fr\\\/\",\"name\":\"Association Wing Tsun du Rh\\u00f4ne\",\"description\":\"Wing Chun Kung Fu \\u00e0 Lyon\",\"inLanguage\":\"fr-FR\",\"publisher\":{\"@id\":\"https:\\\/\\\/www.awtr69.asso.fr\\\/#organization\"}}]}\n\t\t<\/script>\n\t\t<!-- All in One SEO -->\n\n","aioseo_head_json":{"title":"Bient\u00f4t la rentr\u00e9e | Association Wing Tsun du Rh\u00f4ne","description":"La rentr\u00e9e aura lieu ce lundi 5 Septembre \u00e0 20h \u00e0 la maison de la Guilloti\u00e8re, rue B\u00e9chevelin dans le 7eme arrondissement.","canonical_url":"https:\/\/www.awtr69.asso.fr\/?p=273","robots":"max-image-preview:large","keywords":"wing tsun,wing chun,lyon,sports de combats,initiation,rentr\u00e9e,kung fu,leung ting,ev\u00e9nements","webmasterTools":{"miscellaneous":""},"schema":{"@context":"https:\/\/schema.org","@graph":[{"@type":"Article","@id":"https:\/\/www.awtr69.asso.fr\/?p=273#article","name":"Bient\u00f4t la rentr\u00e9e | Association Wing Tsun du Rh\u00f4ne","headline":"C\u2019est bient\u00f4t la rentr\u00e9e !","author":{"@id":"https:\/\/www.awtr69.asso.fr\/?author=1#author"},"publisher":{"@id":"https:\/\/www.awtr69.asso.fr\/#organization"},"image":{"@type":"ImageObject","url":"https:\/\/www.awtr69.asso.fr\/wp-content\/uploads\/2013\/02\/Header_bleu3-copie.jpg","@id":"https:\/\/www.awtr69.asso.fr\/#articleImage","width":840,"height":115},"datePublished":"2011-08-30T20:48:07+02:00","dateModified":"2013-02-17T01:36:18+02:00","inLanguage":"fr-FR","mainEntityOfPage":{"@id":"https:\/\/www.awtr69.asso.fr\/?p=273#webpage"},"isPartOf":{"@id":"https:\/\/www.awtr69.asso.fr\/?p=273#webpage"},"articleSection":"Ev\u00e9nements"},{"@type":"BreadcrumbList","@id":"https:\/\/www.awtr69.asso.fr\/?p=273#breadcrumblist","itemListElement":[{"@type":"ListItem","@id":"https:\/\/www.awtr69.asso.fr#listItem","position":1,"name":"Accueil","item":"https:\/\/www.awtr69.asso.fr","nextItem":{"@type":"ListItem","@id":"https:\/\/www.awtr69.asso.fr\/?cat=3#listItem","name":"Ev\u00e9nements"}},{"@type":"ListItem","@id":"https:\/\/www.awtr69.asso.fr\/?cat=3#listItem","position":2,"name":"Ev\u00e9nements","item":"https:\/\/www.awtr69.asso.fr\/?cat=3","nextItem":{"@type":"ListItem","@id":"https:\/\/www.awtr69.asso.fr\/?p=273#listItem","name":"C\u2019est bient\u00f4t la rentr\u00e9e !"},"previousItem":{"@type":"ListItem","@id":"https:\/\/www.awtr69.asso.fr#listItem","name":"Accueil"}},{"@type":"ListItem","@id":"https:\/\/www.awtr69.asso.fr\/?p=273#listItem","position":3,"name":"C\u2019est bient\u00f4t la rentr\u00e9e !","previousItem":{"@type":"ListItem","@id":"https:\/\/www.awtr69.asso.fr\/?cat=3#listItem","name":"Ev\u00e9nements"}}]},{"@type":"Organization","@id":"https:\/\/www.awtr69.asso.fr\/#organization","name":"Association du Wing Tsun du Rh\u00f4ne","description":"Wing Chun Kung Fu \u00e0 Lyon","url":"https:\/\/www.awtr69.asso.fr\/","logo":{"@type":"ImageObject","url":"https:\/\/www.awtr69.asso.fr\/wp-content\/uploads\/2013\/02\/Header_bleu3-copie.jpg","@id":"https:\/\/www.awtr69.asso.fr\/?p=273\/#organizationLogo","width":840,"height":115},"image":{"@id":"https:\/\/www.awtr69.asso.fr\/?p=273\/#organizationLogo"},"sameAs":["https:\/\/www.facebook.com\/profile.php?id=100083353388314"]},{"@type":"Person","@id":"https:\/\/www.awtr69.asso.fr\/?author=1#author","url":"https:\/\/www.awtr69.asso.fr\/?author=1","name":"admin","image":{"@type":"ImageObject","@id":"https:\/\/www.awtr69.asso.fr\/?p=273#authorImage","url":"https:\/\/secure.gravatar.com\/avatar\/ed04002b7839ec79c5200667dd720d95b8c39c62372094812551eaa0c712476b?s=96&d=mm&r=g","width":96,"height":96,"caption":"admin"}},{"@type":"WebPage","@id":"https:\/\/www.awtr69.asso.fr\/?p=273#webpage","url":"https:\/\/www.awtr69.asso.fr\/?p=273","name":"Bient\u00f4t la rentr\u00e9e | Association Wing Tsun du Rh\u00f4ne","description":"La rentr\u00e9e aura lieu ce lundi 5 Septembre \u00e0 20h \u00e0 la maison de la Guilloti\u00e8re, rue B\u00e9chevelin dans le 7eme arrondissement.","inLanguage":"fr-FR","isPartOf":{"@id":"https:\/\/www.awtr69.asso.fr\/#website"},"breadcrumb":{"@id":"https:\/\/www.awtr69.asso.fr\/?p=273#breadcrumblist"},"author":{"@id":"https:\/\/www.awtr69.asso.fr\/?author=1#author"},"creator":{"@id":"https:\/\/www.awtr69.asso.fr\/?author=1#author"},"datePublished":"2011-08-30T20:48:07+02:00","dateModified":"2013-02-17T01:36:18+02:00"},{"@type":"WebSite","@id":"https:\/\/www.awtr69.asso.fr\/#website","url":"https:\/\/www.awtr69.asso.fr\/","name":"Association Wing Tsun du Rh\u00f4ne","description":"Wing Chun Kung Fu \u00e0 Lyon","inLanguage":"fr-FR","publisher":{"@id":"https:\/\/www.awtr69.asso.fr\/#organization"}}]},"og:locale":"fr_FR","og:site_name":"Association Wing Tsun du Rh\u00f4ne | Wing Chun Kung Fu \u00e0 Lyon","og:type":"article","og:title":"Bient\u00f4t la rentr\u00e9e | Association Wing Tsun du Rh\u00f4ne","og:description":"La rentr\u00e9e aura lieu ce lundi 5 Septembre \u00e0 20h \u00e0 la maison de la Guilloti\u00e8re, rue B\u00e9chevelin dans le 7eme arrondissement.","og:url":"https:\/\/www.awtr69.asso.fr\/?p=273","article:published_time":"2011-08-30T18:48:07+00:00","article:modified_time":"2013-02-16T23:36:18+00:00","article:publisher":"https:\/\/www.facebook.com\/profile.php?id=100083353388314","twitter:card":"summary","twitter:title":"Bient\u00f4t la rentr\u00e9e | Association Wing Tsun du Rh\u00f4ne","twitter:description":"La rentr\u00e9e aura lieu ce lundi 5 Septembre \u00e0 20h \u00e0 la maison de la Guilloti\u00e8re, rue B\u00e9chevelin dans le 7eme arrondissement."},"aioseo_meta_data":{"post_id":"273","title":"Bient\u00f4t la rentr\u00e9e | #site_title","description":"La rentr\u00e9e aura lieu ce lundi 5 Septembre \u00e0 20h \u00e0 la maison de la Guilloti\u00e8re, rue B\u00e9chevelin dans le 7eme arrondissement.","keywords":[{"label":"wing tsun","value":"wing tsun"},{"label":"wing chun","value":"wing chun"},{"label":"lyon","value":"lyon"},{"label":"sports de combats","value":"sports de combats"},{"label":"initiation","value":"initiation"},{"label":"rentr\u00e9e","value":"rentr\u00e9e"},{"label":"kung fu","value":"kung fu"},{"label":"leung ting","value":"leung ting"}],"keyphrases":null,"primary_term":null,"canonical_url":null,"og_title":null,"og_description":null,"og_object_type":"default","og_image_type":"default","og_image_url":null,"og_image_width":null,"og_image_height":null,"og_image_custom_url":null,"og_image_custom_fields":null,"og_video":null,"og_custom_url":null,"og_article_section":null,"og_article_tags":null,"twitter_use_og":false,"twitter_card":"default","twitter_image_type":"default","twitter_image_url":null,"twitter_image_custom_url":null,"twitter_image_custom_fields":null,"twitter_title":null,"twitter_description":null,"schema":{"blockGraphs":[],"customGraphs":[],"default":{"data":{"Article":[],"Course":[],"Dataset":[],"FAQPage":[],"Movie":[],"Person":[],"Product":[],"ProductReview":[],"Car":[],"Recipe":[],"Service":[],"SoftwareApplication":[],"WebPage":[]},"graphName":"Article","isEnabled":true},"graphs":[]},"schema_type":null,"schema_type_options":null,"pillar_content":false,"robots_default":true,"robots_noindex":false,"robots_noarchive":false,"robots_nosnippet":false,"robots_nofollow":false,"robots_noimageindex":false,"robots_noodp":false,"robots_notranslate":false,"robots_max_snippet":null,"robots_max_videopreview":null,"robots_max_imagepreview":"large","priority":null,"frequency":null,"local_seo":null,"breadcrumb_settings":null,"limit_modified_date":false,"ai":null,"created":"2021-03-29 12:26:38","updated":"2025-07-14 21:48:27","seo_analyzer_scan_date":null,"focus_keyword":null,"additional_keywords":null,"truseo_locale":null},"aioseo_breadcrumb":"<div class=\"aioseo-breadcrumbs\"><span class=\"aioseo-breadcrumb\">\n\t\t\t<a href=\"https:\/\/www.awtr69.asso.fr\" title=\"Accueil\">Accueil<\/a>\n\t\t<\/span><span class=\"aioseo-breadcrumb-separator\">&raquo;<\/span><span class=\"aioseo-breadcrumb\">\n\t\t\t<a href=\"https:\/\/www.awtr69.asso.fr\/?cat=3\" title=\"Ev\u00e9nements\">Ev\u00e9nements<\/a>\n\t\t<\/span><span class=\"aioseo-breadcrumb-separator\">&raquo;<\/span><span class=\"aioseo-breadcrumb\">\n\t\t\tC\u2019est bient\u00f4t la rentr\u00e9e !\n\t\t<\/span><\/div>","aioseo_breadcrumb_json":[{"label":"Accueil","link":"https:\/\/www.awtr69.asso.fr"},{"label":"Ev\u00e9nements","link":"https:\/\/www.awtr69.asso.fr\/?cat=3"},{"label":"C\u2019est bient\u00f4t la rentr\u00e9e !","link":"https:\/\/www.awtr69.asso.fr\/?p=273"}],"_links":{"self":[{"href":"https:\/\/www.awtr69.asso.fr\/index.php?rest_route=\/wp\/v2\/posts\/273","targetHints":{"allow":["GET"]}}],"collection":[{"href":"https:\/\/www.awtr69.asso.fr\/index.php?rest_route=\/wp\/v2\/posts"}],"about":[{"href":"https:\/\/www.awtr69.asso.fr\/index.php?rest_route=\/wp\/v2\/types\/post"}],"author":[{"embeddable":true,"href":"https:\/\/www.awtr69.asso.fr\/index.php?rest_route=\/wp\/v2\/users\/1"}],"replies":[{"embeddable":true,"href":"https:\/\/www.awtr69.asso.fr\/index.php?rest_route=%2Fwp%2Fv2%2Fcomments&post=273"}],"version-history":[{"count":7,"href":"https:\/\/www.awtr69.asso.fr\/index.php?rest_route=\/wp\/v2\/posts\/273\/revisions"}],"predecessor-version":[{"id":541,"href":"https:\/\/www.awtr69.asso.fr\/index.php?rest_route=\/wp\/v2\/posts\/273\/revisions\/541"}],"wp:attachment":[{"href":"https:\/\/www.awtr69.asso.fr\/index.php?rest_route=%2Fwp%2Fv2%2Fmedia&parent=273"}],"wp:term":[{"taxonomy":"category","embeddable":true,"href":"https:\/\/www.awtr69.asso.fr\/index.php?rest_route=%2Fwp%2Fv2%2Fcategories&post=273"},{"taxonomy":"post_tag","embeddable":true,"href":"https:\/\/www.awtr69.asso.fr\/index.php?rest_route=%2Fwp%2Fv2%2Ftags&post=273"}],"curies":[{"name":"wp","href":"https:\/\/api.w.org\/{rel}","templated":true}]}}