{"id":332,"date":"2012-06-02T00:01:44","date_gmt":"2012-06-01T22:01:44","guid":{"rendered":"http:\/\/www.awtr69.asso.fr\/?p=332"},"modified":"2012-07-02T23:03:15","modified_gmt":"2012-07-02T21:03:15","slug":"stage-dete-2012","status":"publish","type":"post","link":"https:\/\/www.awtr69.asso.fr\/?p=332","title":{"rendered":"Stage d&rsquo;\u00e9t\u00e9: 6 et 7 juillet 2012!"},"content":{"rendered":"<p style=\"text-align: justify\">Bonjour \u00e0 tous,<\/p>\n<p style=\"text-align: justify\">Nous avons le plaisir de vous annoncer, comme  chaque \u00e9t\u00e9, le d\u00e9roulement de notre stage sous la direction de <strong>Sifu  Marcus Sch\u00fcssler.<\/strong><\/p>\n<p style=\"text-align: justify\"><span style=\"text-decoration: underline\">&#8211; Les dates<\/span><\/p>\n<p style=\"text-align: justify\">Vendredi 6 juillet 2012 de 19h \u00e0 21h30 : une unit\u00e9.<\/p>\n<p style=\"text-align: justify\">Samedi 7 juillet 2012 de 10h \u00e0 12h30 et de 14h \u00e0 16h30: une unit\u00e9 le matin \/ une unit\u00e9 l&rsquo;apr\u00e8s-midi.<\/p>\n<p style=\"text-align: justify\"><span style=\"text-decoration: underline\">&#8211; les tarifs:<\/span><\/p>\n<p style=\"text-align: justify\">40 euros l&rsquo;unit\u00e9, 100 euros le stage complet (les 3 unit\u00e9s).<\/p>\n<p style=\"text-align: justify\"><span style=\"text-decoration: underline\">&#8211; le lieu:<\/span><\/p>\n<p style=\"text-align: justify\">Le stage se d\u00e9roulera dans la salle impasse des chalets \u00e0 Lyon 7\u00e8me (<span style=\"color: #0000ff\"><a href=\"http:\/\/maps.google.fr\/maps?q=impasse+des+chalets+lyon+7&amp;ie=UTF8&amp;oe=utf-8&amp;client=firefox-a&amp;hnear=Impasse+des+Chalets,+69007+Lyon,+Rh%C3%B4ne,+Rh%C3%B4ne-Alpes&amp;gl=fr&amp;t=m&amp;z=16\" target=\"_blank\">plan<\/a><\/span>).<\/p>\n<p style=\"text-align: justify\">Une initiation gratuite sera propos\u00e9e aux personnes qui le souhaitent \u00e0 14 h (nous vous remercions de nous avertir de votre pr\u00e9sence).<\/p>\n<p style=\"text-align: justify\">N\u2019h\u00e9sitez pas \u00e0 nous contacter pour plus de renseignements: awtr69@gmail.com<\/p>\n","protected":false},"excerpt":{"rendered":"<p>Bonjour \u00e0 tous, Nous avons le plaisir de vous annoncer, comme chaque \u00e9t\u00e9, le d\u00e9roulement de notre stage sous la direction de Sifu Marcus Sch\u00fcssler. &#8211; Les dates Vendredi 6 juillet 2012 de 19h \u00e0 21h30 : une unit\u00e9. Samedi 7 juillet 2012 de 10h \u00e0 12h30 et de 14h &#8230;<\/p>\n","protected":false},"author":2,"featured_media":0,"comment_status":"open","ping_status":"open","sticky":false,"template":"","format":"standard","meta":{"om_disable_all_campaigns":false,"_monsterinsights_skip_tracking":false,"ngg_post_thumbnail":0,"footnotes":""},"categories":[1],"tags":[7,85,13],"class_list":["post-332","post","type-post","status-publish","format-standard","hentry","category-non-classe","tag-lyon","tag-stage","tag-wing-chun","column","threecol"],"aioseo_notices":[],"aioseo_head":"\n\t\t<!-- All in One SEO 5.0.0.1 - aioseo.com -->\n\t<meta name=\"description\" content=\"Bonjour \u00e0 tous, Nous avons le plaisir de vous annoncer, comme chaque \u00e9t\u00e9, le d\u00e9roulement de notre stage sous la direction de Sifu Marcus Sch\u00fcssler. - Les dates Vendredi 6 juillet 2012 de 19h \u00e0 21h30 : une unit\u00e9. Samedi 7 juillet 2012 de 10h \u00e0 12h30 et de 14h \u00e0 16h30: une unit\u00e9 le\" \/>\n\t<meta name=\"robots\" content=\"max-image-preview:large\" \/>\n\t<meta name=\"author\" content=\"gauthier\"\/>\n\t<meta name=\"keywords\" content=\"lyon,stage,wing chun,non class\u00e9\" \/>\n\t<link rel=\"canonical\" href=\"https:\/\/www.awtr69.asso.fr\/?p=332\" \/>\n\t<meta name=\"generator\" content=\"All in One SEO (AIOSEO) 5.0.0.1\" \/>\n\t\t<meta property=\"og:locale\" content=\"fr_FR\" \/>\n\t\t<meta property=\"og:site_name\" content=\"Association Wing Tsun du Rh\u00f4ne | Wing Chun Kung Fu \u00e0 Lyon\" \/>\n\t\t<meta property=\"og:type\" content=\"article\" \/>\n\t\t<meta property=\"og:title\" content=\"Stage d\u2019\u00e9t\u00e9: 6 et 7 juillet 2012! | Association Wing Tsun du Rh\u00f4ne\" \/>\n\t\t<meta property=\"og:description\" content=\"Bonjour \u00e0 tous, Nous avons le plaisir de vous annoncer, comme chaque \u00e9t\u00e9, le d\u00e9roulement de notre stage sous la direction de Sifu Marcus Sch\u00fcssler. - Les dates Vendredi 6 juillet 2012 de 19h \u00e0 21h30 : une unit\u00e9. Samedi 7 juillet 2012 de 10h \u00e0 12h30 et de 14h \u00e0 16h30: une unit\u00e9 le\" \/>\n\t\t<meta property=\"og:url\" content=\"https:\/\/www.awtr69.asso.fr\/?p=332\" \/>\n\t\t<meta property=\"article:published_time\" content=\"2012-06-01T22:01:44+00:00\" \/>\n\t\t<meta property=\"article:modified_time\" content=\"2012-07-02T21:03:15+00:00\" \/>\n\t\t<meta property=\"article:publisher\" content=\"https:\/\/www.facebook.com\/profile.php?id=100083353388314\" \/>\n\t\t<meta name=\"twitter:card\" content=\"summary\" \/>\n\t\t<meta name=\"twitter:title\" content=\"Stage d\u2019\u00e9t\u00e9: 6 et 7 juillet 2012! | Association Wing Tsun du Rh\u00f4ne\" \/>\n\t\t<meta name=\"twitter:description\" content=\"Bonjour \u00e0 tous, Nous avons le plaisir de vous annoncer, comme chaque \u00e9t\u00e9, le d\u00e9roulement de notre stage sous la direction de Sifu Marcus Sch\u00fcssler. - Les dates Vendredi 6 juillet 2012 de 19h \u00e0 21h30 : une unit\u00e9. Samedi 7 juillet 2012 de 10h \u00e0 12h30 et de 14h \u00e0 16h30: une unit\u00e9 le\" \/>\n\t\t<script type=\"application\/ld+json\" class=\"aioseo-schema\">\n\t\t\t{\"@context\":\"https:\\\/\\\/schema.org\",\"@graph\":[{\"@type\":\"Article\",\"@id\":\"https:\\\/\\\/www.awtr69.asso.fr\\\/?p=332#article\",\"name\":\"Stage d\\u2019\\u00e9t\\u00e9: 6 et 7 juillet 2012! | Association Wing Tsun du Rh\\u00f4ne\",\"headline\":\"Stage d&rsquo;\\u00e9t\\u00e9: 6 et 7 juillet 2012!\",\"author\":{\"@id\":\"https:\\\/\\\/www.awtr69.asso.fr\\\/?author=2#author\"},\"publisher\":{\"@id\":\"https:\\\/\\\/www.awtr69.asso.fr\\\/#organization\"},\"image\":{\"@type\":\"ImageObject\",\"url\":\"https:\\\/\\\/www.awtr69.asso.fr\\\/wp-content\\\/uploads\\\/2013\\\/02\\\/Header_bleu3-copie.jpg\",\"@id\":\"https:\\\/\\\/www.awtr69.asso.fr\\\/#articleImage\",\"width\":840,\"height\":115},\"datePublished\":\"2012-06-02T00:01:44+02:00\",\"dateModified\":\"2012-07-02T23:03:15+02:00\",\"inLanguage\":\"fr-FR\",\"mainEntityOfPage\":{\"@id\":\"https:\\\/\\\/www.awtr69.asso.fr\\\/?p=332#webpage\"},\"isPartOf\":{\"@id\":\"https:\\\/\\\/www.awtr69.asso.fr\\\/?p=332#webpage\"},\"articleSection\":\"Non class\\u00e9, lyon, stage, wing chun\"},{\"@type\":\"BreadcrumbList\",\"@id\":\"https:\\\/\\\/www.awtr69.asso.fr\\\/?p=332#breadcrumblist\",\"itemListElement\":[{\"@type\":\"ListItem\",\"@id\":\"https:\\\/\\\/www.awtr69.asso.fr#listItem\",\"position\":1,\"name\":\"Accueil\",\"item\":\"https:\\\/\\\/www.awtr69.asso.fr\",\"nextItem\":{\"@type\":\"ListItem\",\"@id\":\"https:\\\/\\\/www.awtr69.asso.fr\\\/?cat=1#listItem\",\"name\":\"Non class\\u00e9\"}},{\"@type\":\"ListItem\",\"@id\":\"https:\\\/\\\/www.awtr69.asso.fr\\\/?cat=1#listItem\",\"position\":2,\"name\":\"Non class\\u00e9\",\"item\":\"https:\\\/\\\/www.awtr69.asso.fr\\\/?cat=1\",\"nextItem\":{\"@type\":\"ListItem\",\"@id\":\"https:\\\/\\\/www.awtr69.asso.fr\\\/?p=332#listItem\",\"name\":\"Stage d&rsquo;\\u00e9t\\u00e9: 6 et 7 juillet 2012!\"},\"previousItem\":{\"@type\":\"ListItem\",\"@id\":\"https:\\\/\\\/www.awtr69.asso.fr#listItem\",\"name\":\"Accueil\"}},{\"@type\":\"ListItem\",\"@id\":\"https:\\\/\\\/www.awtr69.asso.fr\\\/?p=332#listItem\",\"position\":3,\"name\":\"Stage d&rsquo;\\u00e9t\\u00e9: 6 et 7 juillet 2012!\",\"previousItem\":{\"@type\":\"ListItem\",\"@id\":\"https:\\\/\\\/www.awtr69.asso.fr\\\/?cat=1#listItem\",\"name\":\"Non class\\u00e9\"}}]},{\"@type\":\"Organization\",\"@id\":\"https:\\\/\\\/www.awtr69.asso.fr\\\/#organization\",\"name\":\"Association du Wing Tsun du Rh\\u00f4ne\",\"description\":\"Wing Chun Kung Fu \\u00e0 Lyon\",\"url\":\"https:\\\/\\\/www.awtr69.asso.fr\\\/\",\"logo\":{\"@type\":\"ImageObject\",\"url\":\"https:\\\/\\\/www.awtr69.asso.fr\\\/wp-content\\\/uploads\\\/2013\\\/02\\\/Header_bleu3-copie.jpg\",\"@id\":\"https:\\\/\\\/www.awtr69.asso.fr\\\/?p=332\\\/#organizationLogo\",\"width\":840,\"height\":115},\"image\":{\"@id\":\"https:\\\/\\\/www.awtr69.asso.fr\\\/?p=332\\\/#organizationLogo\"},\"sameAs\":[\"https:\\\/\\\/www.facebook.com\\\/profile.php?id=100083353388314\"]},{\"@type\":\"Person\",\"@id\":\"https:\\\/\\\/www.awtr69.asso.fr\\\/?author=2#author\",\"url\":\"https:\\\/\\\/www.awtr69.asso.fr\\\/?author=2\",\"name\":\"gauthier\",\"image\":{\"@type\":\"ImageObject\",\"@id\":\"https:\\\/\\\/www.awtr69.asso.fr\\\/?p=332#authorImage\",\"url\":\"https:\\\/\\\/secure.gravatar.com\\\/avatar\\\/8c8f80f45a21bad7ef4aaf91c3fabe7b2f37187184bd17501dc160853ef43f01?s=96&d=mm&r=g\",\"width\":96,\"height\":96,\"caption\":\"gauthier\"}},{\"@type\":\"WebPage\",\"@id\":\"https:\\\/\\\/www.awtr69.asso.fr\\\/?p=332#webpage\",\"url\":\"https:\\\/\\\/www.awtr69.asso.fr\\\/?p=332\",\"name\":\"Stage d\\u2019\\u00e9t\\u00e9: 6 et 7 juillet 2012! | Association Wing Tsun du Rh\\u00f4ne\",\"description\":\"Bonjour \\u00e0 tous, Nous avons le plaisir de vous annoncer, comme chaque \\u00e9t\\u00e9, le d\\u00e9roulement de notre stage sous la direction de Sifu Marcus Sch\\u00fcssler. - Les dates Vendredi 6 juillet 2012 de 19h \\u00e0 21h30 : une unit\\u00e9. Samedi 7 juillet 2012 de 10h \\u00e0 12h30 et de 14h \\u00e0 16h30: une unit\\u00e9 le\",\"inLanguage\":\"fr-FR\",\"isPartOf\":{\"@id\":\"https:\\\/\\\/www.awtr69.asso.fr\\\/#website\"},\"breadcrumb\":{\"@id\":\"https:\\\/\\\/www.awtr69.asso.fr\\\/?p=332#breadcrumblist\"},\"author\":{\"@id\":\"https:\\\/\\\/www.awtr69.asso.fr\\\/?author=2#author\"},\"creator\":{\"@id\":\"https:\\\/\\\/www.awtr69.asso.fr\\\/?author=2#author\"},\"datePublished\":\"2012-06-02T00:01:44+02:00\",\"dateModified\":\"2012-07-02T23:03:15+02:00\"},{\"@type\":\"WebSite\",\"@id\":\"https:\\\/\\\/www.awtr69.asso.fr\\\/#website\",\"url\":\"https:\\\/\\\/www.awtr69.asso.fr\\\/\",\"name\":\"Association Wing Tsun du Rh\\u00f4ne\",\"description\":\"Wing Chun Kung Fu \\u00e0 Lyon\",\"inLanguage\":\"fr-FR\",\"publisher\":{\"@id\":\"https:\\\/\\\/www.awtr69.asso.fr\\\/#organization\"}}]}\n\t\t<\/script>\n\t\t<!-- All in One SEO -->\n\n","aioseo_head_json":{"title":"Stage d\u2019\u00e9t\u00e9: 6 et 7 juillet 2012! | Association Wing Tsun du Rh\u00f4ne","description":"Bonjour \u00e0 tous, Nous avons le plaisir de vous annoncer, comme chaque \u00e9t\u00e9, le d\u00e9roulement de notre stage sous la direction de Sifu Marcus Sch\u00fcssler. - Les dates Vendredi 6 juillet 2012 de 19h \u00e0 21h30 : une unit\u00e9. Samedi 7 juillet 2012 de 10h \u00e0 12h30 et de 14h \u00e0 16h30: une unit\u00e9 le","canonical_url":"https:\/\/www.awtr69.asso.fr\/?p=332","robots":"max-image-preview:large","keywords":"lyon,stage,wing chun,non class\u00e9","webmasterTools":{"miscellaneous":""},"schema":{"@context":"https:\/\/schema.org","@graph":[{"@type":"Article","@id":"https:\/\/www.awtr69.asso.fr\/?p=332#article","name":"Stage d\u2019\u00e9t\u00e9: 6 et 7 juillet 2012! | Association Wing Tsun du Rh\u00f4ne","headline":"Stage d&rsquo;\u00e9t\u00e9: 6 et 7 juillet 2012!","author":{"@id":"https:\/\/www.awtr69.asso.fr\/?author=2#author"},"publisher":{"@id":"https:\/\/www.awtr69.asso.fr\/#organization"},"image":{"@type":"ImageObject","url":"https:\/\/www.awtr69.asso.fr\/wp-content\/uploads\/2013\/02\/Header_bleu3-copie.jpg","@id":"https:\/\/www.awtr69.asso.fr\/#articleImage","width":840,"height":115},"datePublished":"2012-06-02T00:01:44+02:00","dateModified":"2012-07-02T23:03:15+02:00","inLanguage":"fr-FR","mainEntityOfPage":{"@id":"https:\/\/www.awtr69.asso.fr\/?p=332#webpage"},"isPartOf":{"@id":"https:\/\/www.awtr69.asso.fr\/?p=332#webpage"},"articleSection":"Non class\u00e9, lyon, stage, wing chun"},{"@type":"BreadcrumbList","@id":"https:\/\/www.awtr69.asso.fr\/?p=332#breadcrumblist","itemListElement":[{"@type":"ListItem","@id":"https:\/\/www.awtr69.asso.fr#listItem","position":1,"name":"Accueil","item":"https:\/\/www.awtr69.asso.fr","nextItem":{"@type":"ListItem","@id":"https:\/\/www.awtr69.asso.fr\/?cat=1#listItem","name":"Non class\u00e9"}},{"@type":"ListItem","@id":"https:\/\/www.awtr69.asso.fr\/?cat=1#listItem","position":2,"name":"Non class\u00e9","item":"https:\/\/www.awtr69.asso.fr\/?cat=1","nextItem":{"@type":"ListItem","@id":"https:\/\/www.awtr69.asso.fr\/?p=332#listItem","name":"Stage d&rsquo;\u00e9t\u00e9: 6 et 7 juillet 2012!"},"previousItem":{"@type":"ListItem","@id":"https:\/\/www.awtr69.asso.fr#listItem","name":"Accueil"}},{"@type":"ListItem","@id":"https:\/\/www.awtr69.asso.fr\/?p=332#listItem","position":3,"name":"Stage d&rsquo;\u00e9t\u00e9: 6 et 7 juillet 2012!","previousItem":{"@type":"ListItem","@id":"https:\/\/www.awtr69.asso.fr\/?cat=1#listItem","name":"Non class\u00e9"}}]},{"@type":"Organization","@id":"https:\/\/www.awtr69.asso.fr\/#organization","name":"Association du Wing Tsun du Rh\u00f4ne","description":"Wing Chun Kung Fu \u00e0 Lyon","url":"https:\/\/www.awtr69.asso.fr\/","logo":{"@type":"ImageObject","url":"https:\/\/www.awtr69.asso.fr\/wp-content\/uploads\/2013\/02\/Header_bleu3-copie.jpg","@id":"https:\/\/www.awtr69.asso.fr\/?p=332\/#organizationLogo","width":840,"height":115},"image":{"@id":"https:\/\/www.awtr69.asso.fr\/?p=332\/#organizationLogo"},"sameAs":["https:\/\/www.facebook.com\/profile.php?id=100083353388314"]},{"@type":"Person","@id":"https:\/\/www.awtr69.asso.fr\/?author=2#author","url":"https:\/\/www.awtr69.asso.fr\/?author=2","name":"gauthier","image":{"@type":"ImageObject","@id":"https:\/\/www.awtr69.asso.fr\/?p=332#authorImage","url":"https:\/\/secure.gravatar.com\/avatar\/8c8f80f45a21bad7ef4aaf91c3fabe7b2f37187184bd17501dc160853ef43f01?s=96&d=mm&r=g","width":96,"height":96,"caption":"gauthier"}},{"@type":"WebPage","@id":"https:\/\/www.awtr69.asso.fr\/?p=332#webpage","url":"https:\/\/www.awtr69.asso.fr\/?p=332","name":"Stage d\u2019\u00e9t\u00e9: 6 et 7 juillet 2012! | Association Wing Tsun du Rh\u00f4ne","description":"Bonjour \u00e0 tous, Nous avons le plaisir de vous annoncer, comme chaque \u00e9t\u00e9, le d\u00e9roulement de notre stage sous la direction de Sifu Marcus Sch\u00fcssler. - Les dates Vendredi 6 juillet 2012 de 19h \u00e0 21h30 : une unit\u00e9. Samedi 7 juillet 2012 de 10h \u00e0 12h30 et de 14h \u00e0 16h30: une unit\u00e9 le","inLanguage":"fr-FR","isPartOf":{"@id":"https:\/\/www.awtr69.asso.fr\/#website"},"breadcrumb":{"@id":"https:\/\/www.awtr69.asso.fr\/?p=332#breadcrumblist"},"author":{"@id":"https:\/\/www.awtr69.asso.fr\/?author=2#author"},"creator":{"@id":"https:\/\/www.awtr69.asso.fr\/?author=2#author"},"datePublished":"2012-06-02T00:01:44+02:00","dateModified":"2012-07-02T23:03:15+02:00"},{"@type":"WebSite","@id":"https:\/\/www.awtr69.asso.fr\/#website","url":"https:\/\/www.awtr69.asso.fr\/","name":"Association Wing Tsun du Rh\u00f4ne","description":"Wing Chun Kung Fu \u00e0 Lyon","inLanguage":"fr-FR","publisher":{"@id":"https:\/\/www.awtr69.asso.fr\/#organization"}}]},"og:locale":"fr_FR","og:site_name":"Association Wing Tsun du Rh\u00f4ne | Wing Chun Kung Fu \u00e0 Lyon","og:type":"article","og:title":"Stage d\u2019\u00e9t\u00e9: 6 et 7 juillet 2012! | Association Wing Tsun du Rh\u00f4ne","og:description":"Bonjour \u00e0 tous, Nous avons le plaisir de vous annoncer, comme chaque \u00e9t\u00e9, le d\u00e9roulement de notre stage sous la direction de Sifu Marcus Sch\u00fcssler. - Les dates Vendredi 6 juillet 2012 de 19h \u00e0 21h30 : une unit\u00e9. Samedi 7 juillet 2012 de 10h \u00e0 12h30 et de 14h \u00e0 16h30: une unit\u00e9 le","og:url":"https:\/\/www.awtr69.asso.fr\/?p=332","article:published_time":"2012-06-01T22:01:44+00:00","article:modified_time":"2012-07-02T21:03:15+00:00","article:publisher":"https:\/\/www.facebook.com\/profile.php?id=100083353388314","twitter:card":"summary","twitter:title":"Stage d\u2019\u00e9t\u00e9: 6 et 7 juillet 2012! | Association Wing Tsun du Rh\u00f4ne","twitter:description":"Bonjour \u00e0 tous, Nous avons le plaisir de vous annoncer, comme chaque \u00e9t\u00e9, le d\u00e9roulement de notre stage sous la direction de Sifu Marcus Sch\u00fcssler. - Les dates Vendredi 6 juillet 2012 de 19h \u00e0 21h30 : une unit\u00e9. Samedi 7 juillet 2012 de 10h \u00e0 12h30 et de 14h \u00e0 16h30: une unit\u00e9 le"},"aioseo_meta_data":{"post_id":"332","title":null,"description":null,"keywords":null,"keyphrases":null,"primary_term":null,"canonical_url":null,"og_title":null,"og_description":null,"og_object_type":"default","og_image_type":"default","og_image_url":null,"og_image_width":null,"og_image_height":null,"og_image_custom_url":null,"og_image_custom_fields":null,"og_video":null,"og_custom_url":null,"og_article_section":null,"og_article_tags":null,"twitter_use_og":false,"twitter_card":"default","twitter_image_type":"default","twitter_image_url":null,"twitter_image_custom_url":null,"twitter_image_custom_fields":null,"twitter_title":null,"twitter_description":null,"schema":{"blockGraphs":[],"customGraphs":[],"default":{"data":{"Article":[],"Course":[],"Dataset":[],"FAQPage":[],"Movie":[],"Person":[],"Product":[],"ProductReview":[],"Car":[],"Recipe":[],"Service":[],"SoftwareApplication":[],"WebPage":[]},"graphName":"Article","isEnabled":true},"graphs":[]},"schema_type":null,"schema_type_options":null,"pillar_content":false,"robots_default":true,"robots_noindex":false,"robots_noarchive":false,"robots_nosnippet":false,"robots_nofollow":false,"robots_noimageindex":false,"robots_noodp":false,"robots_notranslate":false,"robots_max_snippet":null,"robots_max_videopreview":null,"robots_max_imagepreview":"large","priority":null,"frequency":null,"local_seo":null,"breadcrumb_settings":null,"limit_modified_date":false,"ai":null,"created":"2021-03-29 12:26:38","updated":"2025-07-14 21:48:27","seo_analyzer_scan_date":null,"focus_keyword":null,"additional_keywords":null,"truseo_locale":null},"aioseo_breadcrumb":"<div class=\"aioseo-breadcrumbs\"><span class=\"aioseo-breadcrumb\">\n\t\t\t<a href=\"https:\/\/www.awtr69.asso.fr\" title=\"Accueil\">Accueil<\/a>\n\t\t<\/span><span class=\"aioseo-breadcrumb-separator\">&raquo;<\/span><span class=\"aioseo-breadcrumb\">\n\t\t\t<a href=\"https:\/\/www.awtr69.asso.fr\/?cat=1\" title=\"Non class\u00e9\">Non class\u00e9<\/a>\n\t\t<\/span><span class=\"aioseo-breadcrumb-separator\">&raquo;<\/span><span class=\"aioseo-breadcrumb\">\n\t\t\tStage d\u2019\u00e9t\u00e9: 6 et 7 juillet 2012!\n\t\t<\/span><\/div>","aioseo_breadcrumb_json":[{"label":"Accueil","link":"https:\/\/www.awtr69.asso.fr"},{"label":"Non class\u00e9","link":"https:\/\/www.awtr69.asso.fr\/?cat=1"},{"label":"Stage d&rsquo;\u00e9t\u00e9: 6 et 7 juillet 2012!","link":"https:\/\/www.awtr69.asso.fr\/?p=332"}],"_links":{"self":[{"href":"https:\/\/www.awtr69.asso.fr\/index.php?rest_route=\/wp\/v2\/posts\/332","targetHints":{"allow":["GET"]}}],"collection":[{"href":"https:\/\/www.awtr69.asso.fr\/index.php?rest_route=\/wp\/v2\/posts"}],"about":[{"href":"https:\/\/www.awtr69.asso.fr\/index.php?rest_route=\/wp\/v2\/types\/post"}],"author":[{"embeddable":true,"href":"https:\/\/www.awtr69.asso.fr\/index.php?rest_route=\/wp\/v2\/users\/2"}],"replies":[{"embeddable":true,"href":"https:\/\/www.awtr69.asso.fr\/index.php?rest_route=%2Fwp%2Fv2%2Fcomments&post=332"}],"version-history":[{"count":12,"href":"https:\/\/www.awtr69.asso.fr\/index.php?rest_route=\/wp\/v2\/posts\/332\/revisions"}],"predecessor-version":[{"id":349,"href":"https:\/\/www.awtr69.asso.fr\/index.php?rest_route=\/wp\/v2\/posts\/332\/revisions\/349"}],"wp:attachment":[{"href":"https:\/\/www.awtr69.asso.fr\/index.php?rest_route=%2Fwp%2Fv2%2Fmedia&parent=332"}],"wp:term":[{"taxonomy":"category","embeddable":true,"href":"https:\/\/www.awtr69.asso.fr\/index.php?rest_route=%2Fwp%2Fv2%2Fcategories&post=332"},{"taxonomy":"post_tag","embeddable":true,"href":"https:\/\/www.awtr69.asso.fr\/index.php?rest_route=%2Fwp%2Fv2%2Ftags&post=332"}],"curies":[{"name":"wp","href":"https:\/\/api.w.org\/{rel}","templated":true}]}}