{"id":447,"date":"2013-01-12T19:54:56","date_gmt":"2013-01-12T17:54:56","guid":{"rendered":"http:\/\/www.awtr69.asso.fr\/?p=447"},"modified":"2013-01-12T22:11:56","modified_gmt":"2013-01-12T20:11:56","slug":"stage-dhiver-9-fevrier-2013","status":"publish","type":"post","link":"https:\/\/www.awtr69.asso.fr\/?p=447","title":{"rendered":"Stage d&rsquo;hiver: 9 f\u00e9vrier 2013"},"content":{"rendered":"<p>Comme chaque ann\u00e9e, l&rsquo;association organise son stage d&rsquo;hiver le 9 f\u00e9vrier 2013.\u00a0Il sera dirig\u00e9 par <strong>Sifu Marcus Sch\u00fcssler<\/strong>.<\/p>\n<p>Les pr\u00e9cisions arrivent tr\u00e8s prochainement mais, dans l&rsquo;attente, n&rsquo;h\u00e9sitez pas \u00e0 nous contacter pour plus d&rsquo;informations.<\/p>\n<p>Pour patienter jusqu&rsquo;au stage :<\/p>\n<p><iframe loading=\"lazy\" src=\"http:\/\/www.youtube.com\/embed\/xv83ZQ9DZvc?list=UUZ294Z6Au4RxgWYc6zjXbuA\" height=\"225\" width=\"400\" allowfullscreen=\"\" frameborder=\"0\"><\/iframe><\/p>\n","protected":false},"excerpt":{"rendered":"<p>Comme chaque ann\u00e9e, l&rsquo;association organise son stage d&rsquo;hiver le 9 f\u00e9vrier 2013.\u00a0Il sera dirig\u00e9 par Sifu Marcus Sch\u00fcssler. Les pr\u00e9cisions arrivent tr\u00e8s prochainement mais, dans l&rsquo;attente, n&rsquo;h\u00e9sitez pas \u00e0 nous contacter pour plus d&rsquo;informations. Pour patienter jusqu&rsquo;au stage :<\/p>\n","protected":false},"author":2,"featured_media":0,"comment_status":"open","ping_status":"open","sticky":false,"template":"","format":"standard","meta":{"om_disable_all_campaigns":false,"_monsterinsights_skip_tracking":false,"ngg_post_thumbnail":0,"footnotes":""},"categories":[1],"tags":[7,85,13],"class_list":["post-447","post","type-post","status-publish","format-standard","hentry","category-non-classe","tag-lyon","tag-stage","tag-wing-chun","column","threecol"],"aioseo_notices":[],"aioseo_head":"\n\t\t<!-- All in One SEO 5.0.0.1 - aioseo.com -->\n\t<meta name=\"description\" content=\"Comme chaque ann\u00e9e, l&#039;association organise son stage d&#039;hiver le 9 f\u00e9vrier 2013. Il sera dirig\u00e9 par Sifu Marcus Sch\u00fcssler. Les pr\u00e9cisions arrivent tr\u00e8s prochainement mais, dans l&#039;attente, n&#039;h\u00e9sitez pas \u00e0 nous contacter pour plus d&#039;informations. Pour patienter jusqu&#039;au stage :\" \/>\n\t<meta name=\"robots\" content=\"max-image-preview:large\" \/>\n\t<meta name=\"author\" content=\"gauthier\"\/>\n\t<meta name=\"keywords\" content=\"lyon,stage,wing chun,non class\u00e9\" \/>\n\t<link rel=\"canonical\" href=\"https:\/\/www.awtr69.asso.fr\/?p=447\" \/>\n\t<meta name=\"generator\" content=\"All in One SEO (AIOSEO) 5.0.0.1\" \/>\n\t\t<meta property=\"og:locale\" content=\"fr_FR\" \/>\n\t\t<meta property=\"og:site_name\" content=\"Association Wing Tsun du Rh\u00f4ne | Wing Chun Kung Fu \u00e0 Lyon\" \/>\n\t\t<meta property=\"og:type\" content=\"article\" \/>\n\t\t<meta property=\"og:title\" content=\"Stage d\u2019hiver: 9 f\u00e9vrier 2013 | Association Wing Tsun du Rh\u00f4ne\" \/>\n\t\t<meta property=\"og:description\" content=\"Comme chaque ann\u00e9e, l&#039;association organise son stage d&#039;hiver le 9 f\u00e9vrier 2013. Il sera dirig\u00e9 par Sifu Marcus Sch\u00fcssler. Les pr\u00e9cisions arrivent tr\u00e8s prochainement mais, dans l&#039;attente, n&#039;h\u00e9sitez pas \u00e0 nous contacter pour plus d&#039;informations. Pour patienter jusqu&#039;au stage :\" \/>\n\t\t<meta property=\"og:url\" content=\"https:\/\/www.awtr69.asso.fr\/?p=447\" \/>\n\t\t<meta property=\"article:published_time\" content=\"2013-01-12T17:54:56+00:00\" \/>\n\t\t<meta property=\"article:modified_time\" content=\"2013-01-12T20:11:56+00:00\" \/>\n\t\t<meta property=\"article:publisher\" content=\"https:\/\/www.facebook.com\/profile.php?id=100083353388314\" \/>\n\t\t<meta name=\"twitter:card\" content=\"summary\" \/>\n\t\t<meta name=\"twitter:title\" content=\"Stage d\u2019hiver: 9 f\u00e9vrier 2013 | Association Wing Tsun du Rh\u00f4ne\" \/>\n\t\t<meta name=\"twitter:description\" content=\"Comme chaque ann\u00e9e, l&#039;association organise son stage d&#039;hiver le 9 f\u00e9vrier 2013. Il sera dirig\u00e9 par Sifu Marcus Sch\u00fcssler. Les pr\u00e9cisions arrivent tr\u00e8s prochainement mais, dans l&#039;attente, n&#039;h\u00e9sitez pas \u00e0 nous contacter pour plus d&#039;informations. Pour patienter jusqu&#039;au stage :\" \/>\n\t\t<script type=\"application\/ld+json\" class=\"aioseo-schema\">\n\t\t\t{\"@context\":\"https:\\\/\\\/schema.org\",\"@graph\":[{\"@type\":\"Article\",\"@id\":\"https:\\\/\\\/www.awtr69.asso.fr\\\/?p=447#article\",\"name\":\"Stage d\\u2019hiver: 9 f\\u00e9vrier 2013 | Association Wing Tsun du Rh\\u00f4ne\",\"headline\":\"Stage d&rsquo;hiver: 9 f\\u00e9vrier 2013\",\"author\":{\"@id\":\"https:\\\/\\\/www.awtr69.asso.fr\\\/?author=2#author\"},\"publisher\":{\"@id\":\"https:\\\/\\\/www.awtr69.asso.fr\\\/#organization\"},\"image\":{\"@type\":\"ImageObject\",\"url\":\"https:\\\/\\\/www.awtr69.asso.fr\\\/wp-content\\\/uploads\\\/2013\\\/02\\\/Header_bleu3-copie.jpg\",\"@id\":\"https:\\\/\\\/www.awtr69.asso.fr\\\/#articleImage\",\"width\":840,\"height\":115},\"datePublished\":\"2013-01-12T19:54:56+02:00\",\"dateModified\":\"2013-01-12T22:11:56+02:00\",\"inLanguage\":\"fr-FR\",\"mainEntityOfPage\":{\"@id\":\"https:\\\/\\\/www.awtr69.asso.fr\\\/?p=447#webpage\"},\"isPartOf\":{\"@id\":\"https:\\\/\\\/www.awtr69.asso.fr\\\/?p=447#webpage\"},\"articleSection\":\"Non class\\u00e9, lyon, stage, wing chun\"},{\"@type\":\"BreadcrumbList\",\"@id\":\"https:\\\/\\\/www.awtr69.asso.fr\\\/?p=447#breadcrumblist\",\"itemListElement\":[{\"@type\":\"ListItem\",\"@id\":\"https:\\\/\\\/www.awtr69.asso.fr#listItem\",\"position\":1,\"name\":\"Accueil\",\"item\":\"https:\\\/\\\/www.awtr69.asso.fr\",\"nextItem\":{\"@type\":\"ListItem\",\"@id\":\"https:\\\/\\\/www.awtr69.asso.fr\\\/?cat=1#listItem\",\"name\":\"Non class\\u00e9\"}},{\"@type\":\"ListItem\",\"@id\":\"https:\\\/\\\/www.awtr69.asso.fr\\\/?cat=1#listItem\",\"position\":2,\"name\":\"Non class\\u00e9\",\"item\":\"https:\\\/\\\/www.awtr69.asso.fr\\\/?cat=1\",\"nextItem\":{\"@type\":\"ListItem\",\"@id\":\"https:\\\/\\\/www.awtr69.asso.fr\\\/?p=447#listItem\",\"name\":\"Stage d&rsquo;hiver: 9 f\\u00e9vrier 2013\"},\"previousItem\":{\"@type\":\"ListItem\",\"@id\":\"https:\\\/\\\/www.awtr69.asso.fr#listItem\",\"name\":\"Accueil\"}},{\"@type\":\"ListItem\",\"@id\":\"https:\\\/\\\/www.awtr69.asso.fr\\\/?p=447#listItem\",\"position\":3,\"name\":\"Stage d&rsquo;hiver: 9 f\\u00e9vrier 2013\",\"previousItem\":{\"@type\":\"ListItem\",\"@id\":\"https:\\\/\\\/www.awtr69.asso.fr\\\/?cat=1#listItem\",\"name\":\"Non class\\u00e9\"}}]},{\"@type\":\"Organization\",\"@id\":\"https:\\\/\\\/www.awtr69.asso.fr\\\/#organization\",\"name\":\"Association du Wing Tsun du Rh\\u00f4ne\",\"description\":\"Wing Chun Kung Fu \\u00e0 Lyon\",\"url\":\"https:\\\/\\\/www.awtr69.asso.fr\\\/\",\"logo\":{\"@type\":\"ImageObject\",\"url\":\"https:\\\/\\\/www.awtr69.asso.fr\\\/wp-content\\\/uploads\\\/2013\\\/02\\\/Header_bleu3-copie.jpg\",\"@id\":\"https:\\\/\\\/www.awtr69.asso.fr\\\/?p=447\\\/#organizationLogo\",\"width\":840,\"height\":115},\"image\":{\"@id\":\"https:\\\/\\\/www.awtr69.asso.fr\\\/?p=447\\\/#organizationLogo\"},\"sameAs\":[\"https:\\\/\\\/www.facebook.com\\\/profile.php?id=100083353388314\"]},{\"@type\":\"Person\",\"@id\":\"https:\\\/\\\/www.awtr69.asso.fr\\\/?author=2#author\",\"url\":\"https:\\\/\\\/www.awtr69.asso.fr\\\/?author=2\",\"name\":\"gauthier\",\"image\":{\"@type\":\"ImageObject\",\"@id\":\"https:\\\/\\\/www.awtr69.asso.fr\\\/?p=447#authorImage\",\"url\":\"https:\\\/\\\/secure.gravatar.com\\\/avatar\\\/8c8f80f45a21bad7ef4aaf91c3fabe7b2f37187184bd17501dc160853ef43f01?s=96&d=mm&r=g\",\"width\":96,\"height\":96,\"caption\":\"gauthier\"}},{\"@type\":\"WebPage\",\"@id\":\"https:\\\/\\\/www.awtr69.asso.fr\\\/?p=447#webpage\",\"url\":\"https:\\\/\\\/www.awtr69.asso.fr\\\/?p=447\",\"name\":\"Stage d\\u2019hiver: 9 f\\u00e9vrier 2013 | Association Wing Tsun du Rh\\u00f4ne\",\"description\":\"Comme chaque ann\\u00e9e, l'association organise son stage d'hiver le 9 f\\u00e9vrier 2013. Il sera dirig\\u00e9 par Sifu Marcus Sch\\u00fcssler. Les pr\\u00e9cisions arrivent tr\\u00e8s prochainement mais, dans l'attente, n'h\\u00e9sitez pas \\u00e0 nous contacter pour plus d'informations. Pour patienter jusqu'au stage :\",\"inLanguage\":\"fr-FR\",\"isPartOf\":{\"@id\":\"https:\\\/\\\/www.awtr69.asso.fr\\\/#website\"},\"breadcrumb\":{\"@id\":\"https:\\\/\\\/www.awtr69.asso.fr\\\/?p=447#breadcrumblist\"},\"author\":{\"@id\":\"https:\\\/\\\/www.awtr69.asso.fr\\\/?author=2#author\"},\"creator\":{\"@id\":\"https:\\\/\\\/www.awtr69.asso.fr\\\/?author=2#author\"},\"datePublished\":\"2013-01-12T19:54:56+02:00\",\"dateModified\":\"2013-01-12T22:11:56+02:00\"},{\"@type\":\"WebSite\",\"@id\":\"https:\\\/\\\/www.awtr69.asso.fr\\\/#website\",\"url\":\"https:\\\/\\\/www.awtr69.asso.fr\\\/\",\"name\":\"Association Wing Tsun du Rh\\u00f4ne\",\"description\":\"Wing Chun Kung Fu \\u00e0 Lyon\",\"inLanguage\":\"fr-FR\",\"publisher\":{\"@id\":\"https:\\\/\\\/www.awtr69.asso.fr\\\/#organization\"}}]}\n\t\t<\/script>\n\t\t<!-- All in One SEO -->\n\n","aioseo_head_json":{"title":"Stage d\u2019hiver: 9 f\u00e9vrier 2013 | Association Wing Tsun du Rh\u00f4ne","description":"Comme chaque ann\u00e9e, l'association organise son stage d'hiver le 9 f\u00e9vrier 2013. Il sera dirig\u00e9 par Sifu Marcus Sch\u00fcssler. Les pr\u00e9cisions arrivent tr\u00e8s prochainement mais, dans l'attente, n'h\u00e9sitez pas \u00e0 nous contacter pour plus d'informations. Pour patienter jusqu'au stage :","canonical_url":"https:\/\/www.awtr69.asso.fr\/?p=447","robots":"max-image-preview:large","keywords":"lyon,stage,wing chun,non class\u00e9","webmasterTools":{"miscellaneous":""},"schema":{"@context":"https:\/\/schema.org","@graph":[{"@type":"Article","@id":"https:\/\/www.awtr69.asso.fr\/?p=447#article","name":"Stage d\u2019hiver: 9 f\u00e9vrier 2013 | Association Wing Tsun du Rh\u00f4ne","headline":"Stage d&rsquo;hiver: 9 f\u00e9vrier 2013","author":{"@id":"https:\/\/www.awtr69.asso.fr\/?author=2#author"},"publisher":{"@id":"https:\/\/www.awtr69.asso.fr\/#organization"},"image":{"@type":"ImageObject","url":"https:\/\/www.awtr69.asso.fr\/wp-content\/uploads\/2013\/02\/Header_bleu3-copie.jpg","@id":"https:\/\/www.awtr69.asso.fr\/#articleImage","width":840,"height":115},"datePublished":"2013-01-12T19:54:56+02:00","dateModified":"2013-01-12T22:11:56+02:00","inLanguage":"fr-FR","mainEntityOfPage":{"@id":"https:\/\/www.awtr69.asso.fr\/?p=447#webpage"},"isPartOf":{"@id":"https:\/\/www.awtr69.asso.fr\/?p=447#webpage"},"articleSection":"Non class\u00e9, lyon, stage, wing chun"},{"@type":"BreadcrumbList","@id":"https:\/\/www.awtr69.asso.fr\/?p=447#breadcrumblist","itemListElement":[{"@type":"ListItem","@id":"https:\/\/www.awtr69.asso.fr#listItem","position":1,"name":"Accueil","item":"https:\/\/www.awtr69.asso.fr","nextItem":{"@type":"ListItem","@id":"https:\/\/www.awtr69.asso.fr\/?cat=1#listItem","name":"Non class\u00e9"}},{"@type":"ListItem","@id":"https:\/\/www.awtr69.asso.fr\/?cat=1#listItem","position":2,"name":"Non class\u00e9","item":"https:\/\/www.awtr69.asso.fr\/?cat=1","nextItem":{"@type":"ListItem","@id":"https:\/\/www.awtr69.asso.fr\/?p=447#listItem","name":"Stage d&rsquo;hiver: 9 f\u00e9vrier 2013"},"previousItem":{"@type":"ListItem","@id":"https:\/\/www.awtr69.asso.fr#listItem","name":"Accueil"}},{"@type":"ListItem","@id":"https:\/\/www.awtr69.asso.fr\/?p=447#listItem","position":3,"name":"Stage d&rsquo;hiver: 9 f\u00e9vrier 2013","previousItem":{"@type":"ListItem","@id":"https:\/\/www.awtr69.asso.fr\/?cat=1#listItem","name":"Non class\u00e9"}}]},{"@type":"Organization","@id":"https:\/\/www.awtr69.asso.fr\/#organization","name":"Association du Wing Tsun du Rh\u00f4ne","description":"Wing Chun Kung Fu \u00e0 Lyon","url":"https:\/\/www.awtr69.asso.fr\/","logo":{"@type":"ImageObject","url":"https:\/\/www.awtr69.asso.fr\/wp-content\/uploads\/2013\/02\/Header_bleu3-copie.jpg","@id":"https:\/\/www.awtr69.asso.fr\/?p=447\/#organizationLogo","width":840,"height":115},"image":{"@id":"https:\/\/www.awtr69.asso.fr\/?p=447\/#organizationLogo"},"sameAs":["https:\/\/www.facebook.com\/profile.php?id=100083353388314"]},{"@type":"Person","@id":"https:\/\/www.awtr69.asso.fr\/?author=2#author","url":"https:\/\/www.awtr69.asso.fr\/?author=2","name":"gauthier","image":{"@type":"ImageObject","@id":"https:\/\/www.awtr69.asso.fr\/?p=447#authorImage","url":"https:\/\/secure.gravatar.com\/avatar\/8c8f80f45a21bad7ef4aaf91c3fabe7b2f37187184bd17501dc160853ef43f01?s=96&d=mm&r=g","width":96,"height":96,"caption":"gauthier"}},{"@type":"WebPage","@id":"https:\/\/www.awtr69.asso.fr\/?p=447#webpage","url":"https:\/\/www.awtr69.asso.fr\/?p=447","name":"Stage d\u2019hiver: 9 f\u00e9vrier 2013 | Association Wing Tsun du Rh\u00f4ne","description":"Comme chaque ann\u00e9e, l'association organise son stage d'hiver le 9 f\u00e9vrier 2013. Il sera dirig\u00e9 par Sifu Marcus Sch\u00fcssler. Les pr\u00e9cisions arrivent tr\u00e8s prochainement mais, dans l'attente, n'h\u00e9sitez pas \u00e0 nous contacter pour plus d'informations. Pour patienter jusqu'au stage :","inLanguage":"fr-FR","isPartOf":{"@id":"https:\/\/www.awtr69.asso.fr\/#website"},"breadcrumb":{"@id":"https:\/\/www.awtr69.asso.fr\/?p=447#breadcrumblist"},"author":{"@id":"https:\/\/www.awtr69.asso.fr\/?author=2#author"},"creator":{"@id":"https:\/\/www.awtr69.asso.fr\/?author=2#author"},"datePublished":"2013-01-12T19:54:56+02:00","dateModified":"2013-01-12T22:11:56+02:00"},{"@type":"WebSite","@id":"https:\/\/www.awtr69.asso.fr\/#website","url":"https:\/\/www.awtr69.asso.fr\/","name":"Association Wing Tsun du Rh\u00f4ne","description":"Wing Chun Kung Fu \u00e0 Lyon","inLanguage":"fr-FR","publisher":{"@id":"https:\/\/www.awtr69.asso.fr\/#organization"}}]},"og:locale":"fr_FR","og:site_name":"Association Wing Tsun du Rh\u00f4ne | Wing Chun Kung Fu \u00e0 Lyon","og:type":"article","og:title":"Stage d\u2019hiver: 9 f\u00e9vrier 2013 | Association Wing Tsun du Rh\u00f4ne","og:description":"Comme chaque ann\u00e9e, l'association organise son stage d'hiver le 9 f\u00e9vrier 2013. Il sera dirig\u00e9 par Sifu Marcus Sch\u00fcssler. Les pr\u00e9cisions arrivent tr\u00e8s prochainement mais, dans l'attente, n'h\u00e9sitez pas \u00e0 nous contacter pour plus d'informations. Pour patienter jusqu'au stage :","og:url":"https:\/\/www.awtr69.asso.fr\/?p=447","article:published_time":"2013-01-12T17:54:56+00:00","article:modified_time":"2013-01-12T20:11:56+00:00","article:publisher":"https:\/\/www.facebook.com\/profile.php?id=100083353388314","twitter:card":"summary","twitter:title":"Stage d\u2019hiver: 9 f\u00e9vrier 2013 | Association Wing Tsun du Rh\u00f4ne","twitter:description":"Comme chaque ann\u00e9e, l'association organise son stage d'hiver le 9 f\u00e9vrier 2013. Il sera dirig\u00e9 par Sifu Marcus Sch\u00fcssler. Les pr\u00e9cisions arrivent tr\u00e8s prochainement mais, dans l'attente, n'h\u00e9sitez pas \u00e0 nous contacter pour plus d'informations. Pour patienter jusqu'au stage :"},"aioseo_meta_data":{"post_id":"447","title":null,"description":null,"keywords":null,"keyphrases":null,"primary_term":null,"canonical_url":null,"og_title":null,"og_description":null,"og_object_type":"default","og_image_type":"default","og_image_url":null,"og_image_width":null,"og_image_height":null,"og_image_custom_url":null,"og_image_custom_fields":null,"og_video":null,"og_custom_url":null,"og_article_section":null,"og_article_tags":null,"twitter_use_og":false,"twitter_card":"default","twitter_image_type":"default","twitter_image_url":null,"twitter_image_custom_url":null,"twitter_image_custom_fields":null,"twitter_title":null,"twitter_description":null,"schema":{"blockGraphs":[],"customGraphs":[],"default":{"data":{"Article":[],"Course":[],"Dataset":[],"FAQPage":[],"Movie":[],"Person":[],"Product":[],"ProductReview":[],"Car":[],"Recipe":[],"Service":[],"SoftwareApplication":[],"WebPage":[]},"graphName":"Article","isEnabled":true},"graphs":[]},"schema_type":null,"schema_type_options":null,"pillar_content":false,"robots_default":true,"robots_noindex":false,"robots_noarchive":false,"robots_nosnippet":false,"robots_nofollow":false,"robots_noimageindex":false,"robots_noodp":false,"robots_notranslate":false,"robots_max_snippet":null,"robots_max_videopreview":null,"robots_max_imagepreview":"large","priority":null,"frequency":null,"local_seo":null,"breadcrumb_settings":null,"limit_modified_date":false,"ai":null,"created":"2021-03-29 12:27:38","updated":"2025-07-14 21:58:06","seo_analyzer_scan_date":null,"focus_keyword":null,"additional_keywords":null,"truseo_locale":null},"aioseo_breadcrumb":"<div class=\"aioseo-breadcrumbs\"><span class=\"aioseo-breadcrumb\">\n\t\t\t<a href=\"https:\/\/www.awtr69.asso.fr\" title=\"Accueil\">Accueil<\/a>\n\t\t<\/span><span class=\"aioseo-breadcrumb-separator\">&raquo;<\/span><span class=\"aioseo-breadcrumb\">\n\t\t\t<a href=\"https:\/\/www.awtr69.asso.fr\/?cat=1\" title=\"Non class\u00e9\">Non class\u00e9<\/a>\n\t\t<\/span><span class=\"aioseo-breadcrumb-separator\">&raquo;<\/span><span class=\"aioseo-breadcrumb\">\n\t\t\tStage d\u2019hiver: 9 f\u00e9vrier 2013\n\t\t<\/span><\/div>","aioseo_breadcrumb_json":[{"label":"Accueil","link":"https:\/\/www.awtr69.asso.fr"},{"label":"Non class\u00e9","link":"https:\/\/www.awtr69.asso.fr\/?cat=1"},{"label":"Stage d&rsquo;hiver: 9 f\u00e9vrier 2013","link":"https:\/\/www.awtr69.asso.fr\/?p=447"}],"_links":{"self":[{"href":"https:\/\/www.awtr69.asso.fr\/index.php?rest_route=\/wp\/v2\/posts\/447","targetHints":{"allow":["GET"]}}],"collection":[{"href":"https:\/\/www.awtr69.asso.fr\/index.php?rest_route=\/wp\/v2\/posts"}],"about":[{"href":"https:\/\/www.awtr69.asso.fr\/index.php?rest_route=\/wp\/v2\/types\/post"}],"author":[{"embeddable":true,"href":"https:\/\/www.awtr69.asso.fr\/index.php?rest_route=\/wp\/v2\/users\/2"}],"replies":[{"embeddable":true,"href":"https:\/\/www.awtr69.asso.fr\/index.php?rest_route=%2Fwp%2Fv2%2Fcomments&post=447"}],"version-history":[{"count":12,"href":"https:\/\/www.awtr69.asso.fr\/index.php?rest_route=\/wp\/v2\/posts\/447\/revisions"}],"predecessor-version":[{"id":459,"href":"https:\/\/www.awtr69.asso.fr\/index.php?rest_route=\/wp\/v2\/posts\/447\/revisions\/459"}],"wp:attachment":[{"href":"https:\/\/www.awtr69.asso.fr\/index.php?rest_route=%2Fwp%2Fv2%2Fmedia&parent=447"}],"wp:term":[{"taxonomy":"category","embeddable":true,"href":"https:\/\/www.awtr69.asso.fr\/index.php?rest_route=%2Fwp%2Fv2%2Fcategories&post=447"},{"taxonomy":"post_tag","embeddable":true,"href":"https:\/\/www.awtr69.asso.fr\/index.php?rest_route=%2Fwp%2Fv2%2Ftags&post=447"}],"curies":[{"name":"wp","href":"https:\/\/api.w.org\/{rel}","templated":true}]}}