{"id":619,"date":"2013-06-09T00:13:18","date_gmt":"2013-06-08T22:13:18","guid":{"rendered":"http:\/\/www.awtr69.asso.fr\/?p=619"},"modified":"2013-08-17T23:29:28","modified_gmt":"2013-08-17T21:29:28","slug":"matinee-des-arts-martiaux-chinois-a-lyon-les-photos","status":"publish","type":"post","link":"https:\/\/www.awtr69.asso.fr\/?p=619","title":{"rendered":"Matin\u00e9e des Arts Martiaux Chinois \u00e0 Lyon &#8211; les photos !"},"content":{"rendered":"<p style=\"text-align: justify;\">ngg_shortcode_0_placeholderComme annonc\u00e9, l&rsquo;AWTR a particip\u00e9 \u00e0 la matin\u00e9e des arts martiaux chinois qui s&rsquo;est tenue le 2 juin 2013 au gymnase viricel \u00e0 Lyon 6eme.<\/p>\n<p style=\"text-align: justify;\">Cet \u00e9v\u00e9nement, organis\u00e9 par l&rsquo;UFOLEP du Rh\u00f4ne (un merci tout particulier \u00e0 Romain Traversaz) et en pr\u00e9sence du consul de Chine, s&rsquo;est d\u00e9roul\u00e9 en format d&rsquo;ateliers suivi de d\u00e9monstrations au publics. Au del\u00e0 de ces aspect, ce sont surtout des \u00e9changes tr\u00e8s enrichissants avec des personnes passionn\u00e9es d&rsquo;autres disciplines qui ont pu avoir lieu.<\/p>\n<p style=\"text-align: justify;\">Pour l&rsquo;occasion, Sifu Marcus Sch\u00fcssler avait fait le d\u00e9placement depuis l&rsquo;Allemagne !<\/p>\n<p style=\"text-align: justify;\">ngg_shortcode_1_placeholder<\/p>\n<p style=\"text-align: justify;\">Pour les photos c&rsquo;est juste apr\u00e8s !<\/p>\n<p style=\"text-align: justify;\">ngg_shortcode_2_placeholder<\/p>\n","protected":false},"excerpt":{"rendered":"<p>Comme annonc\u00e9, l&rsquo;AWTR a particip\u00e9 \u00e0 la matin\u00e9e des arts martiaux chinois qui s&rsquo;est tenue le 2 juin 2013 au gymnase viricel \u00e0 Lyon 6eme.<\/p>\n","protected":false},"author":1,"featured_media":630,"comment_status":"open","ping_status":"open","sticky":false,"template":"","format":"standard","meta":{"om_disable_all_campaigns":false,"_monsterinsights_skip_tracking":false,"ngg_post_thumbnail":0,"footnotes":""},"categories":[3],"tags":[],"class_list":["post-619","post","type-post","status-publish","format-standard","has-post-thumbnail","hentry","category-evenements","column","threecol","has-thumbnail"],"aioseo_notices":[],"aioseo_head":"\n\t\t<!-- All in One SEO 5.0.0.1 - aioseo.com -->\n\t<meta name=\"description\" content=\"Comme annonc\u00e9, l&#039;AWTR a particip\u00e9 \u00e0 la matin\u00e9e des arts martiaux chinois qui s&#039;est tenue le 2 juin 2013 au gymnase viricel \u00e0 Lyon 6eme. Voici les photos !\" \/>\n\t<meta name=\"robots\" content=\"max-image-preview:large\" \/>\n\t<meta name=\"author\" content=\"admin\"\/>\n\t<meta name=\"keywords\" content=\"wing chun,wing tsun,consul,ufolep,arts martiaux chinois,tai chi,chi qong,sifu,marcus sch\u00fcssler,chi sao,association,ev\u00e9nements\" \/>\n\t<link rel=\"canonical\" href=\"https:\/\/www.awtr69.asso.fr\/?p=619\" \/>\n\t<meta name=\"generator\" content=\"All in One SEO (AIOSEO) 5.0.0.1\" \/>\n\t\t<meta property=\"og:locale\" content=\"fr_FR\" \/>\n\t\t<meta property=\"og:site_name\" content=\"Association Wing Tsun du Rh\u00f4ne | Wing Chun Kung Fu \u00e0 Lyon\" \/>\n\t\t<meta property=\"og:type\" content=\"article\" \/>\n\t\t<meta property=\"og:title\" content=\"Matin\u00e9e des arts martiaux chinois \u00e0 Lyon - les photos ! | Association Wing Tsun du Rh\u00f4ne\" \/>\n\t\t<meta property=\"og:description\" content=\"Comme annonc\u00e9, l&#039;AWTR a particip\u00e9 \u00e0 la matin\u00e9e des arts martiaux chinois qui s&#039;est tenue le 2 juin 2013 au gymnase viricel \u00e0 Lyon 6eme. Voici les photos !\" \/>\n\t\t<meta property=\"og:url\" content=\"https:\/\/www.awtr69.asso.fr\/?p=619\" \/>\n\t\t<meta property=\"article:published_time\" content=\"2013-06-08T22:13:18+00:00\" \/>\n\t\t<meta property=\"article:modified_time\" content=\"2013-08-17T21:29:28+00:00\" \/>\n\t\t<meta property=\"article:publisher\" content=\"https:\/\/www.facebook.com\/profile.php?id=100083353388314\" \/>\n\t\t<meta name=\"twitter:card\" content=\"summary\" \/>\n\t\t<meta name=\"twitter:title\" content=\"Matin\u00e9e des arts martiaux chinois \u00e0 Lyon - les photos ! | Association Wing Tsun du Rh\u00f4ne\" \/>\n\t\t<meta name=\"twitter:description\" content=\"Comme annonc\u00e9, l&#039;AWTR a particip\u00e9 \u00e0 la matin\u00e9e des arts martiaux chinois qui s&#039;est tenue le 2 juin 2013 au gymnase viricel \u00e0 Lyon 6eme. Voici les photos !\" \/>\n\t\t<script type=\"application\/ld+json\" class=\"aioseo-schema\">\n\t\t\t{\"@context\":\"https:\\\/\\\/schema.org\",\"@graph\":[{\"@type\":\"Article\",\"@id\":\"https:\\\/\\\/www.awtr69.asso.fr\\\/?p=619#article\",\"name\":\"Matin\\u00e9e des arts martiaux chinois \\u00e0 Lyon - les photos ! | Association Wing Tsun du Rh\\u00f4ne\",\"headline\":\"Matin\\u00e9e des Arts Martiaux Chinois \\u00e0 Lyon &#8211; les photos !\",\"author\":{\"@id\":\"https:\\\/\\\/www.awtr69.asso.fr\\\/?author=1#author\"},\"publisher\":{\"@id\":\"https:\\\/\\\/www.awtr69.asso.fr\\\/#organization\"},\"image\":{\"@type\":\"ImageObject\",\"url\":\"https:\\\/\\\/www.awtr69.asso.fr\\\/wp-content\\\/uploads\\\/2013\\\/06\\\/art_martiaux_chinois_photo_header.jpg\",\"width\":1140,\"height\":396},\"datePublished\":\"2013-06-09T00:13:18+02:00\",\"dateModified\":\"2013-08-17T23:29:28+02:00\",\"inLanguage\":\"fr-FR\",\"mainEntityOfPage\":{\"@id\":\"https:\\\/\\\/www.awtr69.asso.fr\\\/?p=619#webpage\"},\"isPartOf\":{\"@id\":\"https:\\\/\\\/www.awtr69.asso.fr\\\/?p=619#webpage\"},\"articleSection\":\"Ev\\u00e9nements\"},{\"@type\":\"BreadcrumbList\",\"@id\":\"https:\\\/\\\/www.awtr69.asso.fr\\\/?p=619#breadcrumblist\",\"itemListElement\":[{\"@type\":\"ListItem\",\"@id\":\"https:\\\/\\\/www.awtr69.asso.fr#listItem\",\"position\":1,\"name\":\"Accueil\",\"item\":\"https:\\\/\\\/www.awtr69.asso.fr\",\"nextItem\":{\"@type\":\"ListItem\",\"@id\":\"https:\\\/\\\/www.awtr69.asso.fr\\\/?cat=3#listItem\",\"name\":\"Ev\\u00e9nements\"}},{\"@type\":\"ListItem\",\"@id\":\"https:\\\/\\\/www.awtr69.asso.fr\\\/?cat=3#listItem\",\"position\":2,\"name\":\"Ev\\u00e9nements\",\"item\":\"https:\\\/\\\/www.awtr69.asso.fr\\\/?cat=3\",\"nextItem\":{\"@type\":\"ListItem\",\"@id\":\"https:\\\/\\\/www.awtr69.asso.fr\\\/?p=619#listItem\",\"name\":\"Matin\\u00e9e des Arts Martiaux Chinois \\u00e0 Lyon &#8211; les photos !\"},\"previousItem\":{\"@type\":\"ListItem\",\"@id\":\"https:\\\/\\\/www.awtr69.asso.fr#listItem\",\"name\":\"Accueil\"}},{\"@type\":\"ListItem\",\"@id\":\"https:\\\/\\\/www.awtr69.asso.fr\\\/?p=619#listItem\",\"position\":3,\"name\":\"Matin\\u00e9e des Arts Martiaux Chinois \\u00e0 Lyon &#8211; les photos !\",\"previousItem\":{\"@type\":\"ListItem\",\"@id\":\"https:\\\/\\\/www.awtr69.asso.fr\\\/?cat=3#listItem\",\"name\":\"Ev\\u00e9nements\"}}]},{\"@type\":\"Organization\",\"@id\":\"https:\\\/\\\/www.awtr69.asso.fr\\\/#organization\",\"name\":\"Association du Wing Tsun du Rh\\u00f4ne\",\"description\":\"Wing Chun Kung Fu \\u00e0 Lyon\",\"url\":\"https:\\\/\\\/www.awtr69.asso.fr\\\/\",\"logo\":{\"@type\":\"ImageObject\",\"url\":\"https:\\\/\\\/www.awtr69.asso.fr\\\/wp-content\\\/uploads\\\/2013\\\/02\\\/Header_bleu3-copie.jpg\",\"@id\":\"https:\\\/\\\/www.awtr69.asso.fr\\\/?p=619\\\/#organizationLogo\",\"width\":840,\"height\":115},\"image\":{\"@id\":\"https:\\\/\\\/www.awtr69.asso.fr\\\/?p=619\\\/#organizationLogo\"},\"sameAs\":[\"https:\\\/\\\/www.facebook.com\\\/profile.php?id=100083353388314\"]},{\"@type\":\"Person\",\"@id\":\"https:\\\/\\\/www.awtr69.asso.fr\\\/?author=1#author\",\"url\":\"https:\\\/\\\/www.awtr69.asso.fr\\\/?author=1\",\"name\":\"admin\",\"image\":{\"@type\":\"ImageObject\",\"@id\":\"https:\\\/\\\/www.awtr69.asso.fr\\\/?p=619#authorImage\",\"url\":\"https:\\\/\\\/secure.gravatar.com\\\/avatar\\\/ed04002b7839ec79c5200667dd720d95b8c39c62372094812551eaa0c712476b?s=96&d=mm&r=g\",\"width\":96,\"height\":96,\"caption\":\"admin\"}},{\"@type\":\"WebPage\",\"@id\":\"https:\\\/\\\/www.awtr69.asso.fr\\\/?p=619#webpage\",\"url\":\"https:\\\/\\\/www.awtr69.asso.fr\\\/?p=619\",\"name\":\"Matin\\u00e9e des arts martiaux chinois \\u00e0 Lyon - les photos ! | Association Wing Tsun du Rh\\u00f4ne\",\"description\":\"Comme annonc\\u00e9, l'AWTR a particip\\u00e9 \\u00e0 la matin\\u00e9e des arts martiaux chinois qui s'est tenue le 2 juin 2013 au gymnase viricel \\u00e0 Lyon 6eme. Voici les photos !\",\"inLanguage\":\"fr-FR\",\"isPartOf\":{\"@id\":\"https:\\\/\\\/www.awtr69.asso.fr\\\/#website\"},\"breadcrumb\":{\"@id\":\"https:\\\/\\\/www.awtr69.asso.fr\\\/?p=619#breadcrumblist\"},\"author\":{\"@id\":\"https:\\\/\\\/www.awtr69.asso.fr\\\/?author=1#author\"},\"creator\":{\"@id\":\"https:\\\/\\\/www.awtr69.asso.fr\\\/?author=1#author\"},\"image\":{\"@type\":\"ImageObject\",\"url\":\"https:\\\/\\\/www.awtr69.asso.fr\\\/wp-content\\\/uploads\\\/2013\\\/06\\\/art_martiaux_chinois_photo_header.jpg\",\"@id\":\"https:\\\/\\\/www.awtr69.asso.fr\\\/?p=619\\\/#mainImage\",\"width\":1140,\"height\":396},\"primaryImageOfPage\":{\"@id\":\"https:\\\/\\\/www.awtr69.asso.fr\\\/?p=619#mainImage\"},\"datePublished\":\"2013-06-09T00:13:18+02:00\",\"dateModified\":\"2013-08-17T23:29:28+02:00\"},{\"@type\":\"WebSite\",\"@id\":\"https:\\\/\\\/www.awtr69.asso.fr\\\/#website\",\"url\":\"https:\\\/\\\/www.awtr69.asso.fr\\\/\",\"name\":\"Association Wing Tsun du Rh\\u00f4ne\",\"description\":\"Wing Chun Kung Fu \\u00e0 Lyon\",\"inLanguage\":\"fr-FR\",\"publisher\":{\"@id\":\"https:\\\/\\\/www.awtr69.asso.fr\\\/#organization\"}}]}\n\t\t<\/script>\n\t\t<!-- All in One SEO -->\n\n","aioseo_head_json":{"title":"Matin\u00e9e des arts martiaux chinois \u00e0 Lyon - les photos ! | Association Wing Tsun du Rh\u00f4ne","description":"Comme annonc\u00e9, l'AWTR a particip\u00e9 \u00e0 la matin\u00e9e des arts martiaux chinois qui s'est tenue le 2 juin 2013 au gymnase viricel \u00e0 Lyon 6eme. Voici les photos !","canonical_url":"https:\/\/www.awtr69.asso.fr\/?p=619","robots":"max-image-preview:large","keywords":"wing chun,wing tsun,consul,ufolep,arts martiaux chinois,tai chi,chi qong,sifu,marcus sch\u00fcssler,chi sao,association,ev\u00e9nements","webmasterTools":{"miscellaneous":""},"schema":{"@context":"https:\/\/schema.org","@graph":[{"@type":"Article","@id":"https:\/\/www.awtr69.asso.fr\/?p=619#article","name":"Matin\u00e9e des arts martiaux chinois \u00e0 Lyon - les photos ! | Association Wing Tsun du Rh\u00f4ne","headline":"Matin\u00e9e des Arts Martiaux Chinois \u00e0 Lyon &#8211; les photos !","author":{"@id":"https:\/\/www.awtr69.asso.fr\/?author=1#author"},"publisher":{"@id":"https:\/\/www.awtr69.asso.fr\/#organization"},"image":{"@type":"ImageObject","url":"https:\/\/www.awtr69.asso.fr\/wp-content\/uploads\/2013\/06\/art_martiaux_chinois_photo_header.jpg","width":1140,"height":396},"datePublished":"2013-06-09T00:13:18+02:00","dateModified":"2013-08-17T23:29:28+02:00","inLanguage":"fr-FR","mainEntityOfPage":{"@id":"https:\/\/www.awtr69.asso.fr\/?p=619#webpage"},"isPartOf":{"@id":"https:\/\/www.awtr69.asso.fr\/?p=619#webpage"},"articleSection":"Ev\u00e9nements"},{"@type":"BreadcrumbList","@id":"https:\/\/www.awtr69.asso.fr\/?p=619#breadcrumblist","itemListElement":[{"@type":"ListItem","@id":"https:\/\/www.awtr69.asso.fr#listItem","position":1,"name":"Accueil","item":"https:\/\/www.awtr69.asso.fr","nextItem":{"@type":"ListItem","@id":"https:\/\/www.awtr69.asso.fr\/?cat=3#listItem","name":"Ev\u00e9nements"}},{"@type":"ListItem","@id":"https:\/\/www.awtr69.asso.fr\/?cat=3#listItem","position":2,"name":"Ev\u00e9nements","item":"https:\/\/www.awtr69.asso.fr\/?cat=3","nextItem":{"@type":"ListItem","@id":"https:\/\/www.awtr69.asso.fr\/?p=619#listItem","name":"Matin\u00e9e des Arts Martiaux Chinois \u00e0 Lyon &#8211; les photos !"},"previousItem":{"@type":"ListItem","@id":"https:\/\/www.awtr69.asso.fr#listItem","name":"Accueil"}},{"@type":"ListItem","@id":"https:\/\/www.awtr69.asso.fr\/?p=619#listItem","position":3,"name":"Matin\u00e9e des Arts Martiaux Chinois \u00e0 Lyon &#8211; les photos !","previousItem":{"@type":"ListItem","@id":"https:\/\/www.awtr69.asso.fr\/?cat=3#listItem","name":"Ev\u00e9nements"}}]},{"@type":"Organization","@id":"https:\/\/www.awtr69.asso.fr\/#organization","name":"Association du Wing Tsun du Rh\u00f4ne","description":"Wing Chun Kung Fu \u00e0 Lyon","url":"https:\/\/www.awtr69.asso.fr\/","logo":{"@type":"ImageObject","url":"https:\/\/www.awtr69.asso.fr\/wp-content\/uploads\/2013\/02\/Header_bleu3-copie.jpg","@id":"https:\/\/www.awtr69.asso.fr\/?p=619\/#organizationLogo","width":840,"height":115},"image":{"@id":"https:\/\/www.awtr69.asso.fr\/?p=619\/#organizationLogo"},"sameAs":["https:\/\/www.facebook.com\/profile.php?id=100083353388314"]},{"@type":"Person","@id":"https:\/\/www.awtr69.asso.fr\/?author=1#author","url":"https:\/\/www.awtr69.asso.fr\/?author=1","name":"admin","image":{"@type":"ImageObject","@id":"https:\/\/www.awtr69.asso.fr\/?p=619#authorImage","url":"https:\/\/secure.gravatar.com\/avatar\/ed04002b7839ec79c5200667dd720d95b8c39c62372094812551eaa0c712476b?s=96&d=mm&r=g","width":96,"height":96,"caption":"admin"}},{"@type":"WebPage","@id":"https:\/\/www.awtr69.asso.fr\/?p=619#webpage","url":"https:\/\/www.awtr69.asso.fr\/?p=619","name":"Matin\u00e9e des arts martiaux chinois \u00e0 Lyon - les photos ! | Association Wing Tsun du Rh\u00f4ne","description":"Comme annonc\u00e9, l'AWTR a particip\u00e9 \u00e0 la matin\u00e9e des arts martiaux chinois qui s'est tenue le 2 juin 2013 au gymnase viricel \u00e0 Lyon 6eme. Voici les photos !","inLanguage":"fr-FR","isPartOf":{"@id":"https:\/\/www.awtr69.asso.fr\/#website"},"breadcrumb":{"@id":"https:\/\/www.awtr69.asso.fr\/?p=619#breadcrumblist"},"author":{"@id":"https:\/\/www.awtr69.asso.fr\/?author=1#author"},"creator":{"@id":"https:\/\/www.awtr69.asso.fr\/?author=1#author"},"image":{"@type":"ImageObject","url":"https:\/\/www.awtr69.asso.fr\/wp-content\/uploads\/2013\/06\/art_martiaux_chinois_photo_header.jpg","@id":"https:\/\/www.awtr69.asso.fr\/?p=619\/#mainImage","width":1140,"height":396},"primaryImageOfPage":{"@id":"https:\/\/www.awtr69.asso.fr\/?p=619#mainImage"},"datePublished":"2013-06-09T00:13:18+02:00","dateModified":"2013-08-17T23:29:28+02:00"},{"@type":"WebSite","@id":"https:\/\/www.awtr69.asso.fr\/#website","url":"https:\/\/www.awtr69.asso.fr\/","name":"Association Wing Tsun du Rh\u00f4ne","description":"Wing Chun Kung Fu \u00e0 Lyon","inLanguage":"fr-FR","publisher":{"@id":"https:\/\/www.awtr69.asso.fr\/#organization"}}]},"og:locale":"fr_FR","og:site_name":"Association Wing Tsun du Rh\u00f4ne | Wing Chun Kung Fu \u00e0 Lyon","og:type":"article","og:title":"Matin\u00e9e des arts martiaux chinois \u00e0 Lyon - les photos ! | Association Wing Tsun du Rh\u00f4ne","og:description":"Comme annonc\u00e9, l'AWTR a particip\u00e9 \u00e0 la matin\u00e9e des arts martiaux chinois qui s'est tenue le 2 juin 2013 au gymnase viricel \u00e0 Lyon 6eme. Voici les photos !","og:url":"https:\/\/www.awtr69.asso.fr\/?p=619","article:published_time":"2013-06-08T22:13:18+00:00","article:modified_time":"2013-08-17T21:29:28+00:00","article:publisher":"https:\/\/www.facebook.com\/profile.php?id=100083353388314","twitter:card":"summary","twitter:title":"Matin\u00e9e des arts martiaux chinois \u00e0 Lyon - les photos ! | Association Wing Tsun du Rh\u00f4ne","twitter:description":"Comme annonc\u00e9, l'AWTR a particip\u00e9 \u00e0 la matin\u00e9e des arts martiaux chinois qui s'est tenue le 2 juin 2013 au gymnase viricel \u00e0 Lyon 6eme. Voici les photos !"},"aioseo_meta_data":{"post_id":"619","title":"Matin\u00e9e des arts martiaux chinois \u00e0 Lyon - les photos ! | #site_title","description":"Comme annonc\u00e9, l'AWTR a particip\u00e9 \u00e0 la matin\u00e9e des arts martiaux chinois qui s'est tenue le 2 juin 2013 au gymnase viricel \u00e0 Lyon 6eme. Voici les photos !","keywords":[{"label":"wing chun","value":"wing chun"},{"label":"wing tsun","value":"wing tsun"},{"label":"consul","value":"consul"},{"label":"ufolep","value":"ufolep"},{"label":"arts martiaux chinois","value":"arts martiaux chinois"},{"label":"tai chi","value":"tai chi"},{"label":"chi qong","value":"chi qong"},{"label":"Sifu","value":"Sifu"},{"label":"Marcus Sch\u00fcssler","value":"Marcus Sch\u00fcssler"},{"label":"chi sao","value":"chi sao"},{"label":"association","value":"association"},{"label":"ufolep","value":"ufolep"}],"keyphrases":null,"primary_term":null,"canonical_url":null,"og_title":null,"og_description":null,"og_object_type":"default","og_image_type":"default","og_image_url":null,"og_image_width":null,"og_image_height":null,"og_image_custom_url":null,"og_image_custom_fields":null,"og_video":null,"og_custom_url":null,"og_article_section":null,"og_article_tags":null,"twitter_use_og":false,"twitter_card":"default","twitter_image_type":"default","twitter_image_url":null,"twitter_image_custom_url":null,"twitter_image_custom_fields":null,"twitter_title":null,"twitter_description":null,"schema":{"blockGraphs":[],"customGraphs":[],"default":{"data":{"Article":[],"Course":[],"Dataset":[],"FAQPage":[],"Movie":[],"Person":[],"Product":[],"ProductReview":[],"Car":[],"Recipe":[],"Service":[],"SoftwareApplication":[],"WebPage":[]},"graphName":"Article","isEnabled":true},"graphs":[]},"schema_type":null,"schema_type_options":null,"pillar_content":false,"robots_default":true,"robots_noindex":false,"robots_noarchive":false,"robots_nosnippet":false,"robots_nofollow":false,"robots_noimageindex":false,"robots_noodp":false,"robots_notranslate":false,"robots_max_snippet":null,"robots_max_videopreview":null,"robots_max_imagepreview":"large","priority":null,"frequency":null,"local_seo":null,"breadcrumb_settings":null,"limit_modified_date":false,"ai":null,"created":"2021-03-29 12:28:38","updated":"2025-07-14 22:02:59","seo_analyzer_scan_date":null,"focus_keyword":null,"additional_keywords":null,"truseo_locale":null},"aioseo_breadcrumb":"<div class=\"aioseo-breadcrumbs\"><span class=\"aioseo-breadcrumb\">\n\t\t\t<a href=\"https:\/\/www.awtr69.asso.fr\" title=\"Accueil\">Accueil<\/a>\n\t\t<\/span><span class=\"aioseo-breadcrumb-separator\">&raquo;<\/span><span class=\"aioseo-breadcrumb\">\n\t\t\t<a href=\"https:\/\/www.awtr69.asso.fr\/?cat=3\" title=\"Ev\u00e9nements\">Ev\u00e9nements<\/a>\n\t\t<\/span><span class=\"aioseo-breadcrumb-separator\">&raquo;<\/span><span class=\"aioseo-breadcrumb\">\n\t\t\tMatin\u00e9e des Arts Martiaux Chinois \u00e0 Lyon \u2013 les photos !\n\t\t<\/span><\/div>","aioseo_breadcrumb_json":[{"label":"Accueil","link":"https:\/\/www.awtr69.asso.fr"},{"label":"Ev\u00e9nements","link":"https:\/\/www.awtr69.asso.fr\/?cat=3"},{"label":"Matin\u00e9e des Arts Martiaux Chinois \u00e0 Lyon &#8211; les photos !","link":"https:\/\/www.awtr69.asso.fr\/?p=619"}],"_links":{"self":[{"href":"https:\/\/www.awtr69.asso.fr\/index.php?rest_route=\/wp\/v2\/posts\/619","targetHints":{"allow":["GET"]}}],"collection":[{"href":"https:\/\/www.awtr69.asso.fr\/index.php?rest_route=\/wp\/v2\/posts"}],"about":[{"href":"https:\/\/www.awtr69.asso.fr\/index.php?rest_route=\/wp\/v2\/types\/post"}],"author":[{"embeddable":true,"href":"https:\/\/www.awtr69.asso.fr\/index.php?rest_route=\/wp\/v2\/users\/1"}],"replies":[{"embeddable":true,"href":"https:\/\/www.awtr69.asso.fr\/index.php?rest_route=%2Fwp%2Fv2%2Fcomments&post=619"}],"version-history":[{"count":14,"href":"https:\/\/www.awtr69.asso.fr\/index.php?rest_route=\/wp\/v2\/posts\/619\/revisions"}],"predecessor-version":[{"id":661,"href":"https:\/\/www.awtr69.asso.fr\/index.php?rest_route=\/wp\/v2\/posts\/619\/revisions\/661"}],"wp:featuredmedia":[{"embeddable":true,"href":"https:\/\/www.awtr69.asso.fr\/index.php?rest_route=\/wp\/v2\/media\/630"}],"wp:attachment":[{"href":"https:\/\/www.awtr69.asso.fr\/index.php?rest_route=%2Fwp%2Fv2%2Fmedia&parent=619"}],"wp:term":[{"taxonomy":"category","embeddable":true,"href":"https:\/\/www.awtr69.asso.fr\/index.php?rest_route=%2Fwp%2Fv2%2Fcategories&post=619"},{"taxonomy":"post_tag","embeddable":true,"href":"https:\/\/www.awtr69.asso.fr\/index.php?rest_route=%2Fwp%2Fv2%2Ftags&post=619"}],"curies":[{"name":"wp","href":"https:\/\/api.w.org\/{rel}","templated":true}]}}