{"id":637,"date":"2013-06-15T21:25:16","date_gmt":"2013-06-15T19:25:16","guid":{"rendered":"http:\/\/www.awtr69.asso.fr\/?p=637"},"modified":"2013-08-17T23:29:18","modified_gmt":"2013-08-17T21:29:18","slug":"stage-du-15-juin-les-photos","status":"publish","type":"post","link":"https:\/\/www.awtr69.asso.fr\/?p=637","title":{"rendered":"Stage du 15 Juin &#8211; les photos !"},"content":{"rendered":"ngg_shortcode_0_placeholder\n<p>Ce samedi 15 juin s&rsquo;est d\u00e9roul\u00e9 notre stage annuel d&rsquo;\u00e9t\u00e9 avec Sifu Marcus Schussler.<\/p>\n<p>Nous avons pu lors d&rsquo;une premi\u00e8re unit\u00e9 aborder des entr\u00e9es pak sao et back fist avec le travail du corps et dans un dynamisme proche de la r\u00e9alit\u00e9.<br \/>\nL&rsquo;apr\u00e8s midi a \u00e9t\u00e9 consacr\u00e9e au travail du combat au sol, ou comment transposer les concepts du Wing Tsun tels que la ligne centrale, la gravit\u00e9 et la ma\u00eetrise de l&rsquo;\u00e9quilibre dans un environnement et un contexte sp\u00e9cifique.<\/p>\n<p>La fin de journ\u00e9e a \u00e9t\u00e9 ponctu\u00e9e par le passage de grades de plusieurs \u00e9l\u00e8ves, f\u00e9licitations \u00e0 tous !<\/p>\n<p>Ci-apr\u00e8s quelques photos de la remise des dipl\u00f4mes :<\/p>\nngg_shortcode_1_placeholder\n","protected":false},"excerpt":{"rendered":"<p>Ce samedi 15 juin s&rsquo;est d\u00e9roul\u00e9 notre stage annuel d&rsquo;\u00e9t\u00e9 avec Sifu Marcus Schussler.<\/p>\n<p>Nous avons pu lors d&rsquo;une premi\u00e8re unit\u00e9 aborder des entr\u00e9es pak sao et back fist avec le travail du corps et dans un dynamisme proche de la r\u00e9alit\u00e9.<br \/>\nL&rsquo;apr\u00e8s midi a \u00e9t\u00e9 consacr\u00e9e au travail du combat au sol, ou comment transposer les concepts du Wing Tsun tels que la ligne centrale, la gravit\u00e9 et la ma\u00eetrise de l&rsquo;\u00e9quilibre dans un environnement et un contexte sp\u00e9cifique.<\/p>\n","protected":false},"author":1,"featured_media":643,"comment_status":"open","ping_status":"open","sticky":false,"template":"","format":"standard","meta":{"om_disable_all_campaigns":false,"_monsterinsights_skip_tracking":false,"ngg_post_thumbnail":0,"footnotes":""},"categories":[3],"tags":[],"class_list":["post-637","post","type-post","status-publish","format-standard","has-post-thumbnail","hentry","category-evenements","column","threecol","has-thumbnail"],"aioseo_notices":[],"aioseo_head":"\n\t\t<!-- All in One SEO 5.0.0.1 - aioseo.com -->\n\t<meta name=\"description\" content=\"Ce samedi 15 juin s&#039;est d\u00e9roul\u00e9 notre stage annuel d&#039;\u00e9t\u00e9 avec Sifu Marcus Schussler.\" \/>\n\t<meta name=\"robots\" content=\"max-image-preview:large\" \/>\n\t<meta name=\"author\" content=\"admin\"\/>\n\t<meta name=\"keywords\" content=\"wing chun,wing tsun,sifu,marcus sch\u00fcssler,chi sao,association,pak sao,stage,leun ting,ev\u00e9nements\" \/>\n\t<link rel=\"canonical\" href=\"https:\/\/www.awtr69.asso.fr\/?p=637\" \/>\n\t<meta name=\"generator\" content=\"All in One SEO (AIOSEO) 5.0.0.1\" \/>\n\t\t<meta property=\"og:locale\" content=\"fr_FR\" \/>\n\t\t<meta property=\"og:site_name\" content=\"Association Wing Tsun du Rh\u00f4ne | Wing Chun Kung Fu \u00e0 Lyon\" \/>\n\t\t<meta property=\"og:type\" content=\"article\" \/>\n\t\t<meta property=\"og:title\" content=\"Stage du 15 Juin - les photos ! | Association Wing Tsun du Rh\u00f4ne\" \/>\n\t\t<meta property=\"og:description\" content=\"Ce samedi 15 juin s&#039;est d\u00e9roul\u00e9 notre stage annuel d&#039;\u00e9t\u00e9 avec Sifu Marcus Schussler.\" \/>\n\t\t<meta property=\"og:url\" content=\"https:\/\/www.awtr69.asso.fr\/?p=637\" \/>\n\t\t<meta property=\"article:published_time\" content=\"2013-06-15T19:25:16+00:00\" \/>\n\t\t<meta property=\"article:modified_time\" content=\"2013-08-17T21:29:18+00:00\" \/>\n\t\t<meta property=\"article:publisher\" content=\"https:\/\/www.facebook.com\/profile.php?id=100083353388314\" \/>\n\t\t<meta name=\"twitter:card\" content=\"summary\" \/>\n\t\t<meta name=\"twitter:title\" content=\"Stage du 15 Juin - les photos ! | Association Wing Tsun du Rh\u00f4ne\" \/>\n\t\t<meta name=\"twitter:description\" content=\"Ce samedi 15 juin s&#039;est d\u00e9roul\u00e9 notre stage annuel d&#039;\u00e9t\u00e9 avec Sifu Marcus Schussler.\" \/>\n\t\t<script type=\"application\/ld+json\" class=\"aioseo-schema\">\n\t\t\t{\"@context\":\"https:\\\/\\\/schema.org\",\"@graph\":[{\"@type\":\"Article\",\"@id\":\"https:\\\/\\\/www.awtr69.asso.fr\\\/?p=637#article\",\"name\":\"Stage du 15 Juin - les photos ! | Association Wing Tsun du Rh\\u00f4ne\",\"headline\":\"Stage du 15 Juin &#8211; les photos !\",\"author\":{\"@id\":\"https:\\\/\\\/www.awtr69.asso.fr\\\/?author=1#author\"},\"publisher\":{\"@id\":\"https:\\\/\\\/www.awtr69.asso.fr\\\/#organization\"},\"image\":{\"@type\":\"ImageObject\",\"url\":\"https:\\\/\\\/www.awtr69.asso.fr\\\/wp-content\\\/uploads\\\/2013\\\/06\\\/stage_130615_header.jpg\",\"width\":1140,\"height\":396},\"datePublished\":\"2013-06-15T21:25:16+02:00\",\"dateModified\":\"2013-08-17T23:29:18+02:00\",\"inLanguage\":\"fr-FR\",\"mainEntityOfPage\":{\"@id\":\"https:\\\/\\\/www.awtr69.asso.fr\\\/?p=637#webpage\"},\"isPartOf\":{\"@id\":\"https:\\\/\\\/www.awtr69.asso.fr\\\/?p=637#webpage\"},\"articleSection\":\"Ev\\u00e9nements\"},{\"@type\":\"BreadcrumbList\",\"@id\":\"https:\\\/\\\/www.awtr69.asso.fr\\\/?p=637#breadcrumblist\",\"itemListElement\":[{\"@type\":\"ListItem\",\"@id\":\"https:\\\/\\\/www.awtr69.asso.fr#listItem\",\"position\":1,\"name\":\"Accueil\",\"item\":\"https:\\\/\\\/www.awtr69.asso.fr\",\"nextItem\":{\"@type\":\"ListItem\",\"@id\":\"https:\\\/\\\/www.awtr69.asso.fr\\\/?cat=3#listItem\",\"name\":\"Ev\\u00e9nements\"}},{\"@type\":\"ListItem\",\"@id\":\"https:\\\/\\\/www.awtr69.asso.fr\\\/?cat=3#listItem\",\"position\":2,\"name\":\"Ev\\u00e9nements\",\"item\":\"https:\\\/\\\/www.awtr69.asso.fr\\\/?cat=3\",\"nextItem\":{\"@type\":\"ListItem\",\"@id\":\"https:\\\/\\\/www.awtr69.asso.fr\\\/?p=637#listItem\",\"name\":\"Stage du 15 Juin &#8211; les photos !\"},\"previousItem\":{\"@type\":\"ListItem\",\"@id\":\"https:\\\/\\\/www.awtr69.asso.fr#listItem\",\"name\":\"Accueil\"}},{\"@type\":\"ListItem\",\"@id\":\"https:\\\/\\\/www.awtr69.asso.fr\\\/?p=637#listItem\",\"position\":3,\"name\":\"Stage du 15 Juin &#8211; les photos !\",\"previousItem\":{\"@type\":\"ListItem\",\"@id\":\"https:\\\/\\\/www.awtr69.asso.fr\\\/?cat=3#listItem\",\"name\":\"Ev\\u00e9nements\"}}]},{\"@type\":\"Organization\",\"@id\":\"https:\\\/\\\/www.awtr69.asso.fr\\\/#organization\",\"name\":\"Association du Wing Tsun du Rh\\u00f4ne\",\"description\":\"Wing Chun Kung Fu \\u00e0 Lyon\",\"url\":\"https:\\\/\\\/www.awtr69.asso.fr\\\/\",\"logo\":{\"@type\":\"ImageObject\",\"url\":\"https:\\\/\\\/www.awtr69.asso.fr\\\/wp-content\\\/uploads\\\/2013\\\/02\\\/Header_bleu3-copie.jpg\",\"@id\":\"https:\\\/\\\/www.awtr69.asso.fr\\\/?p=637\\\/#organizationLogo\",\"width\":840,\"height\":115},\"image\":{\"@id\":\"https:\\\/\\\/www.awtr69.asso.fr\\\/?p=637\\\/#organizationLogo\"},\"sameAs\":[\"https:\\\/\\\/www.facebook.com\\\/profile.php?id=100083353388314\"]},{\"@type\":\"Person\",\"@id\":\"https:\\\/\\\/www.awtr69.asso.fr\\\/?author=1#author\",\"url\":\"https:\\\/\\\/www.awtr69.asso.fr\\\/?author=1\",\"name\":\"admin\",\"image\":{\"@type\":\"ImageObject\",\"@id\":\"https:\\\/\\\/www.awtr69.asso.fr\\\/?p=637#authorImage\",\"url\":\"https:\\\/\\\/secure.gravatar.com\\\/avatar\\\/ed04002b7839ec79c5200667dd720d95b8c39c62372094812551eaa0c712476b?s=96&d=mm&r=g\",\"width\":96,\"height\":96,\"caption\":\"admin\"}},{\"@type\":\"WebPage\",\"@id\":\"https:\\\/\\\/www.awtr69.asso.fr\\\/?p=637#webpage\",\"url\":\"https:\\\/\\\/www.awtr69.asso.fr\\\/?p=637\",\"name\":\"Stage du 15 Juin - les photos ! | Association Wing Tsun du Rh\\u00f4ne\",\"description\":\"Ce samedi 15 juin s'est d\\u00e9roul\\u00e9 notre stage annuel d'\\u00e9t\\u00e9 avec Sifu Marcus Schussler.\",\"inLanguage\":\"fr-FR\",\"isPartOf\":{\"@id\":\"https:\\\/\\\/www.awtr69.asso.fr\\\/#website\"},\"breadcrumb\":{\"@id\":\"https:\\\/\\\/www.awtr69.asso.fr\\\/?p=637#breadcrumblist\"},\"author\":{\"@id\":\"https:\\\/\\\/www.awtr69.asso.fr\\\/?author=1#author\"},\"creator\":{\"@id\":\"https:\\\/\\\/www.awtr69.asso.fr\\\/?author=1#author\"},\"image\":{\"@type\":\"ImageObject\",\"url\":\"https:\\\/\\\/www.awtr69.asso.fr\\\/wp-content\\\/uploads\\\/2013\\\/06\\\/stage_130615_header.jpg\",\"@id\":\"https:\\\/\\\/www.awtr69.asso.fr\\\/?p=637\\\/#mainImage\",\"width\":1140,\"height\":396},\"primaryImageOfPage\":{\"@id\":\"https:\\\/\\\/www.awtr69.asso.fr\\\/?p=637#mainImage\"},\"datePublished\":\"2013-06-15T21:25:16+02:00\",\"dateModified\":\"2013-08-17T23:29:18+02:00\"},{\"@type\":\"WebSite\",\"@id\":\"https:\\\/\\\/www.awtr69.asso.fr\\\/#website\",\"url\":\"https:\\\/\\\/www.awtr69.asso.fr\\\/\",\"name\":\"Association Wing Tsun du Rh\\u00f4ne\",\"description\":\"Wing Chun Kung Fu \\u00e0 Lyon\",\"inLanguage\":\"fr-FR\",\"publisher\":{\"@id\":\"https:\\\/\\\/www.awtr69.asso.fr\\\/#organization\"}}]}\n\t\t<\/script>\n\t\t<!-- All in One SEO -->\n\n","aioseo_head_json":{"title":"Stage du 15 Juin - les photos ! | Association Wing Tsun du Rh\u00f4ne","description":"Ce samedi 15 juin s'est d\u00e9roul\u00e9 notre stage annuel d'\u00e9t\u00e9 avec Sifu Marcus Schussler.","canonical_url":"https:\/\/www.awtr69.asso.fr\/?p=637","robots":"max-image-preview:large","keywords":"wing chun,wing tsun,sifu,marcus sch\u00fcssler,chi sao,association,pak sao,stage,leun ting,ev\u00e9nements","webmasterTools":{"miscellaneous":""},"schema":{"@context":"https:\/\/schema.org","@graph":[{"@type":"Article","@id":"https:\/\/www.awtr69.asso.fr\/?p=637#article","name":"Stage du 15 Juin - les photos ! | Association Wing Tsun du Rh\u00f4ne","headline":"Stage du 15 Juin &#8211; les photos !","author":{"@id":"https:\/\/www.awtr69.asso.fr\/?author=1#author"},"publisher":{"@id":"https:\/\/www.awtr69.asso.fr\/#organization"},"image":{"@type":"ImageObject","url":"https:\/\/www.awtr69.asso.fr\/wp-content\/uploads\/2013\/06\/stage_130615_header.jpg","width":1140,"height":396},"datePublished":"2013-06-15T21:25:16+02:00","dateModified":"2013-08-17T23:29:18+02:00","inLanguage":"fr-FR","mainEntityOfPage":{"@id":"https:\/\/www.awtr69.asso.fr\/?p=637#webpage"},"isPartOf":{"@id":"https:\/\/www.awtr69.asso.fr\/?p=637#webpage"},"articleSection":"Ev\u00e9nements"},{"@type":"BreadcrumbList","@id":"https:\/\/www.awtr69.asso.fr\/?p=637#breadcrumblist","itemListElement":[{"@type":"ListItem","@id":"https:\/\/www.awtr69.asso.fr#listItem","position":1,"name":"Accueil","item":"https:\/\/www.awtr69.asso.fr","nextItem":{"@type":"ListItem","@id":"https:\/\/www.awtr69.asso.fr\/?cat=3#listItem","name":"Ev\u00e9nements"}},{"@type":"ListItem","@id":"https:\/\/www.awtr69.asso.fr\/?cat=3#listItem","position":2,"name":"Ev\u00e9nements","item":"https:\/\/www.awtr69.asso.fr\/?cat=3","nextItem":{"@type":"ListItem","@id":"https:\/\/www.awtr69.asso.fr\/?p=637#listItem","name":"Stage du 15 Juin &#8211; les photos !"},"previousItem":{"@type":"ListItem","@id":"https:\/\/www.awtr69.asso.fr#listItem","name":"Accueil"}},{"@type":"ListItem","@id":"https:\/\/www.awtr69.asso.fr\/?p=637#listItem","position":3,"name":"Stage du 15 Juin &#8211; les photos !","previousItem":{"@type":"ListItem","@id":"https:\/\/www.awtr69.asso.fr\/?cat=3#listItem","name":"Ev\u00e9nements"}}]},{"@type":"Organization","@id":"https:\/\/www.awtr69.asso.fr\/#organization","name":"Association du Wing Tsun du Rh\u00f4ne","description":"Wing Chun Kung Fu \u00e0 Lyon","url":"https:\/\/www.awtr69.asso.fr\/","logo":{"@type":"ImageObject","url":"https:\/\/www.awtr69.asso.fr\/wp-content\/uploads\/2013\/02\/Header_bleu3-copie.jpg","@id":"https:\/\/www.awtr69.asso.fr\/?p=637\/#organizationLogo","width":840,"height":115},"image":{"@id":"https:\/\/www.awtr69.asso.fr\/?p=637\/#organizationLogo"},"sameAs":["https:\/\/www.facebook.com\/profile.php?id=100083353388314"]},{"@type":"Person","@id":"https:\/\/www.awtr69.asso.fr\/?author=1#author","url":"https:\/\/www.awtr69.asso.fr\/?author=1","name":"admin","image":{"@type":"ImageObject","@id":"https:\/\/www.awtr69.asso.fr\/?p=637#authorImage","url":"https:\/\/secure.gravatar.com\/avatar\/ed04002b7839ec79c5200667dd720d95b8c39c62372094812551eaa0c712476b?s=96&d=mm&r=g","width":96,"height":96,"caption":"admin"}},{"@type":"WebPage","@id":"https:\/\/www.awtr69.asso.fr\/?p=637#webpage","url":"https:\/\/www.awtr69.asso.fr\/?p=637","name":"Stage du 15 Juin - les photos ! | Association Wing Tsun du Rh\u00f4ne","description":"Ce samedi 15 juin s'est d\u00e9roul\u00e9 notre stage annuel d'\u00e9t\u00e9 avec Sifu Marcus Schussler.","inLanguage":"fr-FR","isPartOf":{"@id":"https:\/\/www.awtr69.asso.fr\/#website"},"breadcrumb":{"@id":"https:\/\/www.awtr69.asso.fr\/?p=637#breadcrumblist"},"author":{"@id":"https:\/\/www.awtr69.asso.fr\/?author=1#author"},"creator":{"@id":"https:\/\/www.awtr69.asso.fr\/?author=1#author"},"image":{"@type":"ImageObject","url":"https:\/\/www.awtr69.asso.fr\/wp-content\/uploads\/2013\/06\/stage_130615_header.jpg","@id":"https:\/\/www.awtr69.asso.fr\/?p=637\/#mainImage","width":1140,"height":396},"primaryImageOfPage":{"@id":"https:\/\/www.awtr69.asso.fr\/?p=637#mainImage"},"datePublished":"2013-06-15T21:25:16+02:00","dateModified":"2013-08-17T23:29:18+02:00"},{"@type":"WebSite","@id":"https:\/\/www.awtr69.asso.fr\/#website","url":"https:\/\/www.awtr69.asso.fr\/","name":"Association Wing Tsun du Rh\u00f4ne","description":"Wing Chun Kung Fu \u00e0 Lyon","inLanguage":"fr-FR","publisher":{"@id":"https:\/\/www.awtr69.asso.fr\/#organization"}}]},"og:locale":"fr_FR","og:site_name":"Association Wing Tsun du Rh\u00f4ne | Wing Chun Kung Fu \u00e0 Lyon","og:type":"article","og:title":"Stage du 15 Juin - les photos ! | Association Wing Tsun du Rh\u00f4ne","og:description":"Ce samedi 15 juin s'est d\u00e9roul\u00e9 notre stage annuel d'\u00e9t\u00e9 avec Sifu Marcus Schussler.","og:url":"https:\/\/www.awtr69.asso.fr\/?p=637","article:published_time":"2013-06-15T19:25:16+00:00","article:modified_time":"2013-08-17T21:29:18+00:00","article:publisher":"https:\/\/www.facebook.com\/profile.php?id=100083353388314","twitter:card":"summary","twitter:title":"Stage du 15 Juin - les photos ! | Association Wing Tsun du Rh\u00f4ne","twitter:description":"Ce samedi 15 juin s'est d\u00e9roul\u00e9 notre stage annuel d'\u00e9t\u00e9 avec Sifu Marcus Schussler."},"aioseo_meta_data":{"post_id":"637","title":"Stage du 15 Juin - les photos ! | #site_title","description":"Ce samedi 15 juin s'est d\u00e9roul\u00e9 notre stage annuel d'\u00e9t\u00e9 avec Sifu Marcus Schussler.","keywords":[{"label":"wing chun","value":"wing chun"},{"label":"wing tsun","value":"wing tsun"},{"label":"Sifu","value":"Sifu"},{"label":"Marcus Sch\u00fcssler","value":"Marcus Sch\u00fcssler"},{"label":"chi sao","value":"chi sao"},{"label":"association","value":"association"},{"label":"pak sao","value":"pak sao"},{"label":"stage","value":"stage"},{"label":"leun ting","value":"leun ting"}],"keyphrases":null,"primary_term":null,"canonical_url":null,"og_title":null,"og_description":null,"og_object_type":"default","og_image_type":"default","og_image_url":null,"og_image_width":null,"og_image_height":null,"og_image_custom_url":null,"og_image_custom_fields":null,"og_video":null,"og_custom_url":null,"og_article_section":null,"og_article_tags":null,"twitter_use_og":false,"twitter_card":"default","twitter_image_type":"default","twitter_image_url":null,"twitter_image_custom_url":null,"twitter_image_custom_fields":null,"twitter_title":null,"twitter_description":null,"schema":{"blockGraphs":[],"customGraphs":[],"default":{"data":{"Article":[],"Course":[],"Dataset":[],"FAQPage":[],"Movie":[],"Person":[],"Product":[],"ProductReview":[],"Car":[],"Recipe":[],"Service":[],"SoftwareApplication":[],"WebPage":[]},"graphName":"Article","isEnabled":true},"graphs":[]},"schema_type":null,"schema_type_options":null,"pillar_content":false,"robots_default":true,"robots_noindex":false,"robots_noarchive":false,"robots_nosnippet":false,"robots_nofollow":false,"robots_noimageindex":false,"robots_noodp":false,"robots_notranslate":false,"robots_max_snippet":null,"robots_max_videopreview":null,"robots_max_imagepreview":"large","priority":null,"frequency":null,"local_seo":null,"breadcrumb_settings":null,"limit_modified_date":false,"ai":null,"created":"2021-03-29 12:28:38","updated":"2025-07-14 22:02:59","seo_analyzer_scan_date":null,"focus_keyword":null,"additional_keywords":null,"truseo_locale":null},"aioseo_breadcrumb":"<div class=\"aioseo-breadcrumbs\"><span class=\"aioseo-breadcrumb\">\n\t\t\t<a href=\"https:\/\/www.awtr69.asso.fr\" title=\"Accueil\">Accueil<\/a>\n\t\t<\/span><span class=\"aioseo-breadcrumb-separator\">&raquo;<\/span><span class=\"aioseo-breadcrumb\">\n\t\t\t<a href=\"https:\/\/www.awtr69.asso.fr\/?cat=3\" title=\"Ev\u00e9nements\">Ev\u00e9nements<\/a>\n\t\t<\/span><span class=\"aioseo-breadcrumb-separator\">&raquo;<\/span><span class=\"aioseo-breadcrumb\">\n\t\t\tStage du 15 Juin \u2013 les photos !\n\t\t<\/span><\/div>","aioseo_breadcrumb_json":[{"label":"Accueil","link":"https:\/\/www.awtr69.asso.fr"},{"label":"Ev\u00e9nements","link":"https:\/\/www.awtr69.asso.fr\/?cat=3"},{"label":"Stage du 15 Juin &#8211; les photos !","link":"https:\/\/www.awtr69.asso.fr\/?p=637"}],"_links":{"self":[{"href":"https:\/\/www.awtr69.asso.fr\/index.php?rest_route=\/wp\/v2\/posts\/637","targetHints":{"allow":["GET"]}}],"collection":[{"href":"https:\/\/www.awtr69.asso.fr\/index.php?rest_route=\/wp\/v2\/posts"}],"about":[{"href":"https:\/\/www.awtr69.asso.fr\/index.php?rest_route=\/wp\/v2\/types\/post"}],"author":[{"embeddable":true,"href":"https:\/\/www.awtr69.asso.fr\/index.php?rest_route=\/wp\/v2\/users\/1"}],"replies":[{"embeddable":true,"href":"https:\/\/www.awtr69.asso.fr\/index.php?rest_route=%2Fwp%2Fv2%2Fcomments&post=637"}],"version-history":[{"count":5,"href":"https:\/\/www.awtr69.asso.fr\/index.php?rest_route=\/wp\/v2\/posts\/637\/revisions"}],"predecessor-version":[{"id":660,"href":"https:\/\/www.awtr69.asso.fr\/index.php?rest_route=\/wp\/v2\/posts\/637\/revisions\/660"}],"wp:featuredmedia":[{"embeddable":true,"href":"https:\/\/www.awtr69.asso.fr\/index.php?rest_route=\/wp\/v2\/media\/643"}],"wp:attachment":[{"href":"https:\/\/www.awtr69.asso.fr\/index.php?rest_route=%2Fwp%2Fv2%2Fmedia&parent=637"}],"wp:term":[{"taxonomy":"category","embeddable":true,"href":"https:\/\/www.awtr69.asso.fr\/index.php?rest_route=%2Fwp%2Fv2%2Fcategories&post=637"},{"taxonomy":"post_tag","embeddable":true,"href":"https:\/\/www.awtr69.asso.fr\/index.php?rest_route=%2Fwp%2Fv2%2Ftags&post=637"}],"curies":[{"name":"wp","href":"https:\/\/api.w.org\/{rel}","templated":true}]}}