{"id":703,"date":"2014-01-30T22:59:19","date_gmt":"2014-01-30T20:59:19","guid":{"rendered":"http:\/\/www.awtr69.asso.fr\/?p=703"},"modified":"2014-01-30T22:59:19","modified_gmt":"2014-01-30T20:59:19","slug":"les-horaires-du-stage-du-8-fevrier","status":"publish","type":"post","link":"https:\/\/www.awtr69.asso.fr\/?p=703","title":{"rendered":"Les horaires du stage du 8 f\u00e9vrier"},"content":{"rendered":"<p>Chose promise, chose due, voici les horaires pour le stage d&rsquo;hiver qui aura lieu le <strong>samedi 8 f\u00e9vrier 2014\u00a0<\/strong>:<\/p>\n<ul>\n<li>Unit\u00e9 1 : de 10h \u00e0 12h30<\/li>\n<li>Unit\u00e9 2 : de 13h30 \u00e0 16h<\/li>\n<\/ul>\n<p>Si vous ne pouvez assister qu&rsquo;\u00e0 une unit\u00e9 pas de panique ! les unit\u00e9s sont ind\u00e9pendantes.<\/p>\n<p>Pour rappel, le stage se tiendra \u00ab Salle Impasse des chalets \u00bb :<\/p>\n<p>Impasse des Chalets (le long de l\u2019avenue Berthelot)<\/p>\n<p>69007 Lyon<\/p>\n<p><iframe loading=\"lazy\" src=\"https:\/\/maps.google.com\/maps?f=q&amp;source=s_q&amp;hl=en&amp;geocode=&amp;q=Impasse+des+Chalets,+Lyon,+France&amp;aq=0&amp;oq=impasse+des+chalets+l&amp;sll=37.0625,-95.677068&amp;sspn=41.818029,86.572266&amp;t=h&amp;ie=UTF8&amp;hq=&amp;hnear=Impasse+des+Chalets,+69007+Lyon,+Rh%C3%B4ne,+Rh%C3%B4ne-Alpes,+France&amp;z=14&amp;ll=45.741738,4.849328&amp;output=embed\" height=\"350\" width=\"425\" frameborder=\"0\" marginwidth=\"0\" marginheight=\"0\" scrolling=\"no\"><\/iframe><\/p>\n<p>Pour les inscriptions n&rsquo;h\u00e9sitez pas \u00e0 nous \u00e9crire \u00e0\u00a0<a href=\"mailto:awtr69@gmail.com\">awtr69@gmail.com<\/a> !<\/p>\n","protected":false},"excerpt":{"rendered":"<p>Chose promise, chose due, voici les horaires pour le stage d&rsquo;hiver qui aura lieu le samedi 8 f\u00e9vrier 2014 :<\/p>\n<p>    Unit\u00e9 1 : de 10h \u00e0 12h30<br \/>\n    Unit\u00e9 2 : de 13h30 \u00e0 16h<\/p>\n","protected":false},"author":1,"featured_media":0,"comment_status":"open","ping_status":"open","sticky":false,"template":"","format":"standard","meta":{"om_disable_all_campaigns":false,"_monsterinsights_skip_tracking":false,"ngg_post_thumbnail":0,"footnotes":""},"categories":[3],"tags":[],"class_list":["post-703","post","type-post","status-publish","format-standard","hentry","category-evenements","column","threecol"],"aioseo_notices":[],"aioseo_head":"\n\t\t<!-- All in One SEO 5.0.0.1 - aioseo.com -->\n\t<meta name=\"description\" content=\"Nous organisons notre stage d\u2019hiver le samedi 8 f\u00e9vrier 2014. Il sera dirig\u00e9 par Sifu Marcus SCH\u00dcSSLER. Il est ouvert \u00e0 toutes les personnes ayant d\u00e9j\u00e0 pratiqu\u00e9 le Wing Chun.\" \/>\n\t<meta name=\"robots\" content=\"max-image-preview:large\" \/>\n\t<meta name=\"author\" content=\"admin\"\/>\n\t<meta name=\"keywords\" content=\"wing chun,wing tsun,lyon,chi sao,leung ting,escrima,stage,marcus schussler,rh\u00f4ne,ip man,ev\u00e9nements\" \/>\n\t<link rel=\"canonical\" href=\"https:\/\/www.awtr69.asso.fr\/?p=703\" \/>\n\t<meta name=\"generator\" content=\"All in One SEO (AIOSEO) 5.0.0.1\" \/>\n\t\t<meta property=\"og:locale\" content=\"fr_FR\" \/>\n\t\t<meta property=\"og:site_name\" content=\"Association Wing Tsun du Rh\u00f4ne | Wing Chun Kung Fu \u00e0 Lyon\" \/>\n\t\t<meta property=\"og:type\" content=\"article\" \/>\n\t\t<meta property=\"og:title\" content=\"Les horaires du stage du 8 f\u00e9vrier | Association Wing Tsun du Rh\u00f4ne\" \/>\n\t\t<meta property=\"og:description\" content=\"Nous organisons notre stage d\u2019hiver le samedi 8 f\u00e9vrier 2014. Il sera dirig\u00e9 par Sifu Marcus SCH\u00dcSSLER. Il est ouvert \u00e0 toutes les personnes ayant d\u00e9j\u00e0 pratiqu\u00e9 le Wing Chun.\" \/>\n\t\t<meta property=\"og:url\" content=\"https:\/\/www.awtr69.asso.fr\/?p=703\" \/>\n\t\t<meta property=\"article:published_time\" content=\"2014-01-30T20:59:19+00:00\" \/>\n\t\t<meta property=\"article:modified_time\" content=\"2014-01-30T20:59:19+00:00\" \/>\n\t\t<meta property=\"article:publisher\" content=\"https:\/\/www.facebook.com\/profile.php?id=100083353388314\" \/>\n\t\t<meta name=\"twitter:card\" content=\"summary\" \/>\n\t\t<meta name=\"twitter:title\" content=\"Les horaires du stage du 8 f\u00e9vrier | Association Wing Tsun du Rh\u00f4ne\" \/>\n\t\t<meta name=\"twitter:description\" content=\"Nous organisons notre stage d\u2019hiver le samedi 8 f\u00e9vrier 2014. Il sera dirig\u00e9 par Sifu Marcus SCH\u00dcSSLER. Il est ouvert \u00e0 toutes les personnes ayant d\u00e9j\u00e0 pratiqu\u00e9 le Wing Chun.\" \/>\n\t\t<script type=\"application\/ld+json\" class=\"aioseo-schema\">\n\t\t\t{\"@context\":\"https:\\\/\\\/schema.org\",\"@graph\":[{\"@type\":\"Article\",\"@id\":\"https:\\\/\\\/www.awtr69.asso.fr\\\/?p=703#article\",\"name\":\"Les horaires du stage du 8 f\\u00e9vrier | Association Wing Tsun du Rh\\u00f4ne\",\"headline\":\"Les horaires du stage du 8 f\\u00e9vrier\",\"author\":{\"@id\":\"https:\\\/\\\/www.awtr69.asso.fr\\\/?author=1#author\"},\"publisher\":{\"@id\":\"https:\\\/\\\/www.awtr69.asso.fr\\\/#organization\"},\"image\":{\"@type\":\"ImageObject\",\"url\":\"https:\\\/\\\/www.awtr69.asso.fr\\\/wp-content\\\/uploads\\\/2013\\\/02\\\/Header_bleu3-copie.jpg\",\"@id\":\"https:\\\/\\\/www.awtr69.asso.fr\\\/#articleImage\",\"width\":840,\"height\":115},\"datePublished\":\"2014-01-30T22:59:19+02:00\",\"dateModified\":\"2014-01-30T22:59:19+02:00\",\"inLanguage\":\"fr-FR\",\"mainEntityOfPage\":{\"@id\":\"https:\\\/\\\/www.awtr69.asso.fr\\\/?p=703#webpage\"},\"isPartOf\":{\"@id\":\"https:\\\/\\\/www.awtr69.asso.fr\\\/?p=703#webpage\"},\"articleSection\":\"Ev\\u00e9nements\"},{\"@type\":\"BreadcrumbList\",\"@id\":\"https:\\\/\\\/www.awtr69.asso.fr\\\/?p=703#breadcrumblist\",\"itemListElement\":[{\"@type\":\"ListItem\",\"@id\":\"https:\\\/\\\/www.awtr69.asso.fr#listItem\",\"position\":1,\"name\":\"Accueil\",\"item\":\"https:\\\/\\\/www.awtr69.asso.fr\",\"nextItem\":{\"@type\":\"ListItem\",\"@id\":\"https:\\\/\\\/www.awtr69.asso.fr\\\/?cat=3#listItem\",\"name\":\"Ev\\u00e9nements\"}},{\"@type\":\"ListItem\",\"@id\":\"https:\\\/\\\/www.awtr69.asso.fr\\\/?cat=3#listItem\",\"position\":2,\"name\":\"Ev\\u00e9nements\",\"item\":\"https:\\\/\\\/www.awtr69.asso.fr\\\/?cat=3\",\"nextItem\":{\"@type\":\"ListItem\",\"@id\":\"https:\\\/\\\/www.awtr69.asso.fr\\\/?p=703#listItem\",\"name\":\"Les horaires du stage du 8 f\\u00e9vrier\"},\"previousItem\":{\"@type\":\"ListItem\",\"@id\":\"https:\\\/\\\/www.awtr69.asso.fr#listItem\",\"name\":\"Accueil\"}},{\"@type\":\"ListItem\",\"@id\":\"https:\\\/\\\/www.awtr69.asso.fr\\\/?p=703#listItem\",\"position\":3,\"name\":\"Les horaires du stage du 8 f\\u00e9vrier\",\"previousItem\":{\"@type\":\"ListItem\",\"@id\":\"https:\\\/\\\/www.awtr69.asso.fr\\\/?cat=3#listItem\",\"name\":\"Ev\\u00e9nements\"}}]},{\"@type\":\"Organization\",\"@id\":\"https:\\\/\\\/www.awtr69.asso.fr\\\/#organization\",\"name\":\"Association du Wing Tsun du Rh\\u00f4ne\",\"description\":\"Wing Chun Kung Fu \\u00e0 Lyon\",\"url\":\"https:\\\/\\\/www.awtr69.asso.fr\\\/\",\"logo\":{\"@type\":\"ImageObject\",\"url\":\"https:\\\/\\\/www.awtr69.asso.fr\\\/wp-content\\\/uploads\\\/2013\\\/02\\\/Header_bleu3-copie.jpg\",\"@id\":\"https:\\\/\\\/www.awtr69.asso.fr\\\/?p=703\\\/#organizationLogo\",\"width\":840,\"height\":115},\"image\":{\"@id\":\"https:\\\/\\\/www.awtr69.asso.fr\\\/?p=703\\\/#organizationLogo\"},\"sameAs\":[\"https:\\\/\\\/www.facebook.com\\\/profile.php?id=100083353388314\"]},{\"@type\":\"Person\",\"@id\":\"https:\\\/\\\/www.awtr69.asso.fr\\\/?author=1#author\",\"url\":\"https:\\\/\\\/www.awtr69.asso.fr\\\/?author=1\",\"name\":\"admin\",\"image\":{\"@type\":\"ImageObject\",\"@id\":\"https:\\\/\\\/www.awtr69.asso.fr\\\/?p=703#authorImage\",\"url\":\"https:\\\/\\\/secure.gravatar.com\\\/avatar\\\/ed04002b7839ec79c5200667dd720d95b8c39c62372094812551eaa0c712476b?s=96&d=mm&r=g\",\"width\":96,\"height\":96,\"caption\":\"admin\"}},{\"@type\":\"WebPage\",\"@id\":\"https:\\\/\\\/www.awtr69.asso.fr\\\/?p=703#webpage\",\"url\":\"https:\\\/\\\/www.awtr69.asso.fr\\\/?p=703\",\"name\":\"Les horaires du stage du 8 f\\u00e9vrier | Association Wing Tsun du Rh\\u00f4ne\",\"description\":\"Nous organisons notre stage d\\u2019hiver le samedi 8 f\\u00e9vrier 2014. Il sera dirig\\u00e9 par Sifu Marcus SCH\\u00dcSSLER. Il est ouvert \\u00e0 toutes les personnes ayant d\\u00e9j\\u00e0 pratiqu\\u00e9 le Wing Chun.\",\"inLanguage\":\"fr-FR\",\"isPartOf\":{\"@id\":\"https:\\\/\\\/www.awtr69.asso.fr\\\/#website\"},\"breadcrumb\":{\"@id\":\"https:\\\/\\\/www.awtr69.asso.fr\\\/?p=703#breadcrumblist\"},\"author\":{\"@id\":\"https:\\\/\\\/www.awtr69.asso.fr\\\/?author=1#author\"},\"creator\":{\"@id\":\"https:\\\/\\\/www.awtr69.asso.fr\\\/?author=1#author\"},\"datePublished\":\"2014-01-30T22:59:19+02:00\",\"dateModified\":\"2014-01-30T22:59:19+02:00\"},{\"@type\":\"WebSite\",\"@id\":\"https:\\\/\\\/www.awtr69.asso.fr\\\/#website\",\"url\":\"https:\\\/\\\/www.awtr69.asso.fr\\\/\",\"name\":\"Association Wing Tsun du Rh\\u00f4ne\",\"description\":\"Wing Chun Kung Fu \\u00e0 Lyon\",\"inLanguage\":\"fr-FR\",\"publisher\":{\"@id\":\"https:\\\/\\\/www.awtr69.asso.fr\\\/#organization\"}}]}\n\t\t<\/script>\n\t\t<!-- All in One SEO -->\n\n","aioseo_head_json":{"title":"Les horaires du stage du 8 f\u00e9vrier | Association Wing Tsun du Rh\u00f4ne","description":"Nous organisons notre stage d\u2019hiver le samedi 8 f\u00e9vrier 2014. Il sera dirig\u00e9 par Sifu Marcus SCH\u00dcSSLER. Il est ouvert \u00e0 toutes les personnes ayant d\u00e9j\u00e0 pratiqu\u00e9 le Wing Chun.","canonical_url":"https:\/\/www.awtr69.asso.fr\/?p=703","robots":"max-image-preview:large","keywords":"wing chun,wing tsun,lyon,chi sao,leung ting,escrima,stage,marcus schussler,rh\u00f4ne,ip man,ev\u00e9nements","webmasterTools":{"miscellaneous":""},"schema":{"@context":"https:\/\/schema.org","@graph":[{"@type":"Article","@id":"https:\/\/www.awtr69.asso.fr\/?p=703#article","name":"Les horaires du stage du 8 f\u00e9vrier | Association Wing Tsun du Rh\u00f4ne","headline":"Les horaires du stage du 8 f\u00e9vrier","author":{"@id":"https:\/\/www.awtr69.asso.fr\/?author=1#author"},"publisher":{"@id":"https:\/\/www.awtr69.asso.fr\/#organization"},"image":{"@type":"ImageObject","url":"https:\/\/www.awtr69.asso.fr\/wp-content\/uploads\/2013\/02\/Header_bleu3-copie.jpg","@id":"https:\/\/www.awtr69.asso.fr\/#articleImage","width":840,"height":115},"datePublished":"2014-01-30T22:59:19+02:00","dateModified":"2014-01-30T22:59:19+02:00","inLanguage":"fr-FR","mainEntityOfPage":{"@id":"https:\/\/www.awtr69.asso.fr\/?p=703#webpage"},"isPartOf":{"@id":"https:\/\/www.awtr69.asso.fr\/?p=703#webpage"},"articleSection":"Ev\u00e9nements"},{"@type":"BreadcrumbList","@id":"https:\/\/www.awtr69.asso.fr\/?p=703#breadcrumblist","itemListElement":[{"@type":"ListItem","@id":"https:\/\/www.awtr69.asso.fr#listItem","position":1,"name":"Accueil","item":"https:\/\/www.awtr69.asso.fr","nextItem":{"@type":"ListItem","@id":"https:\/\/www.awtr69.asso.fr\/?cat=3#listItem","name":"Ev\u00e9nements"}},{"@type":"ListItem","@id":"https:\/\/www.awtr69.asso.fr\/?cat=3#listItem","position":2,"name":"Ev\u00e9nements","item":"https:\/\/www.awtr69.asso.fr\/?cat=3","nextItem":{"@type":"ListItem","@id":"https:\/\/www.awtr69.asso.fr\/?p=703#listItem","name":"Les horaires du stage du 8 f\u00e9vrier"},"previousItem":{"@type":"ListItem","@id":"https:\/\/www.awtr69.asso.fr#listItem","name":"Accueil"}},{"@type":"ListItem","@id":"https:\/\/www.awtr69.asso.fr\/?p=703#listItem","position":3,"name":"Les horaires du stage du 8 f\u00e9vrier","previousItem":{"@type":"ListItem","@id":"https:\/\/www.awtr69.asso.fr\/?cat=3#listItem","name":"Ev\u00e9nements"}}]},{"@type":"Organization","@id":"https:\/\/www.awtr69.asso.fr\/#organization","name":"Association du Wing Tsun du Rh\u00f4ne","description":"Wing Chun Kung Fu \u00e0 Lyon","url":"https:\/\/www.awtr69.asso.fr\/","logo":{"@type":"ImageObject","url":"https:\/\/www.awtr69.asso.fr\/wp-content\/uploads\/2013\/02\/Header_bleu3-copie.jpg","@id":"https:\/\/www.awtr69.asso.fr\/?p=703\/#organizationLogo","width":840,"height":115},"image":{"@id":"https:\/\/www.awtr69.asso.fr\/?p=703\/#organizationLogo"},"sameAs":["https:\/\/www.facebook.com\/profile.php?id=100083353388314"]},{"@type":"Person","@id":"https:\/\/www.awtr69.asso.fr\/?author=1#author","url":"https:\/\/www.awtr69.asso.fr\/?author=1","name":"admin","image":{"@type":"ImageObject","@id":"https:\/\/www.awtr69.asso.fr\/?p=703#authorImage","url":"https:\/\/secure.gravatar.com\/avatar\/ed04002b7839ec79c5200667dd720d95b8c39c62372094812551eaa0c712476b?s=96&d=mm&r=g","width":96,"height":96,"caption":"admin"}},{"@type":"WebPage","@id":"https:\/\/www.awtr69.asso.fr\/?p=703#webpage","url":"https:\/\/www.awtr69.asso.fr\/?p=703","name":"Les horaires du stage du 8 f\u00e9vrier | Association Wing Tsun du Rh\u00f4ne","description":"Nous organisons notre stage d\u2019hiver le samedi 8 f\u00e9vrier 2014. Il sera dirig\u00e9 par Sifu Marcus SCH\u00dcSSLER. Il est ouvert \u00e0 toutes les personnes ayant d\u00e9j\u00e0 pratiqu\u00e9 le Wing Chun.","inLanguage":"fr-FR","isPartOf":{"@id":"https:\/\/www.awtr69.asso.fr\/#website"},"breadcrumb":{"@id":"https:\/\/www.awtr69.asso.fr\/?p=703#breadcrumblist"},"author":{"@id":"https:\/\/www.awtr69.asso.fr\/?author=1#author"},"creator":{"@id":"https:\/\/www.awtr69.asso.fr\/?author=1#author"},"datePublished":"2014-01-30T22:59:19+02:00","dateModified":"2014-01-30T22:59:19+02:00"},{"@type":"WebSite","@id":"https:\/\/www.awtr69.asso.fr\/#website","url":"https:\/\/www.awtr69.asso.fr\/","name":"Association Wing Tsun du Rh\u00f4ne","description":"Wing Chun Kung Fu \u00e0 Lyon","inLanguage":"fr-FR","publisher":{"@id":"https:\/\/www.awtr69.asso.fr\/#organization"}}]},"og:locale":"fr_FR","og:site_name":"Association Wing Tsun du Rh\u00f4ne | Wing Chun Kung Fu \u00e0 Lyon","og:type":"article","og:title":"Les horaires du stage du 8 f\u00e9vrier | Association Wing Tsun du Rh\u00f4ne","og:description":"Nous organisons notre stage d\u2019hiver le samedi 8 f\u00e9vrier 2014. Il sera dirig\u00e9 par Sifu Marcus SCH\u00dcSSLER. Il est ouvert \u00e0 toutes les personnes ayant d\u00e9j\u00e0 pratiqu\u00e9 le Wing Chun.","og:url":"https:\/\/www.awtr69.asso.fr\/?p=703","article:published_time":"2014-01-30T20:59:19+00:00","article:modified_time":"2014-01-30T20:59:19+00:00","article:publisher":"https:\/\/www.facebook.com\/profile.php?id=100083353388314","twitter:card":"summary","twitter:title":"Les horaires du stage du 8 f\u00e9vrier | Association Wing Tsun du Rh\u00f4ne","twitter:description":"Nous organisons notre stage d\u2019hiver le samedi 8 f\u00e9vrier 2014. Il sera dirig\u00e9 par Sifu Marcus SCH\u00dcSSLER. Il est ouvert \u00e0 toutes les personnes ayant d\u00e9j\u00e0 pratiqu\u00e9 le Wing Chun."},"aioseo_meta_data":{"post_id":"703","title":"Les horaires du stage du 8 f\u00e9vrier | #site_title","description":"Nous organisons notre stage d\u2019hiver le samedi 8 f\u00e9vrier 2014.\r\nIl sera dirig\u00e9 par Sifu Marcus SCH\u00dcSSLER.\r\nIl est ouvert \u00e0 toutes les personnes ayant d\u00e9j\u00e0 pratiqu\u00e9 le Wing Chun.","keywords":[{"label":"wing chun","value":"wing chun"},{"label":"wing tsun","value":"wing tsun"},{"label":"lyon","value":"lyon"},{"label":"chi sao","value":"chi sao"},{"label":"leung ting","value":"leung ting"},{"label":"escrima","value":"escrima"},{"label":"stage","value":"stage"},{"label":"marcus schussler","value":"marcus schussler"},{"label":"rh\u00f4ne","value":"rh\u00f4ne"},{"label":"Ip man","value":"Ip man"}],"keyphrases":null,"primary_term":null,"canonical_url":null,"og_title":null,"og_description":null,"og_object_type":"default","og_image_type":"default","og_image_url":null,"og_image_width":null,"og_image_height":null,"og_image_custom_url":null,"og_image_custom_fields":null,"og_video":null,"og_custom_url":null,"og_article_section":null,"og_article_tags":null,"twitter_use_og":false,"twitter_card":"default","twitter_image_type":"default","twitter_image_url":null,"twitter_image_custom_url":null,"twitter_image_custom_fields":null,"twitter_title":null,"twitter_description":null,"schema":{"blockGraphs":[],"customGraphs":[],"default":{"data":{"Article":[],"Course":[],"Dataset":[],"FAQPage":[],"Movie":[],"Person":[],"Product":[],"ProductReview":[],"Car":[],"Recipe":[],"Service":[],"SoftwareApplication":[],"WebPage":[]},"graphName":"Article","isEnabled":true},"graphs":[]},"schema_type":null,"schema_type_options":null,"pillar_content":false,"robots_default":true,"robots_noindex":false,"robots_noarchive":false,"robots_nosnippet":false,"robots_nofollow":false,"robots_noimageindex":false,"robots_noodp":false,"robots_notranslate":false,"robots_max_snippet":null,"robots_max_videopreview":null,"robots_max_imagepreview":"large","priority":null,"frequency":null,"local_seo":null,"breadcrumb_settings":null,"limit_modified_date":false,"ai":null,"created":"2021-03-29 12:28:38","updated":"2025-07-14 22:02:59","seo_analyzer_scan_date":null,"focus_keyword":null,"additional_keywords":null,"truseo_locale":null},"aioseo_breadcrumb":"<div class=\"aioseo-breadcrumbs\"><span class=\"aioseo-breadcrumb\">\n\t\t\t<a href=\"https:\/\/www.awtr69.asso.fr\" title=\"Accueil\">Accueil<\/a>\n\t\t<\/span><span class=\"aioseo-breadcrumb-separator\">&raquo;<\/span><span class=\"aioseo-breadcrumb\">\n\t\t\t<a href=\"https:\/\/www.awtr69.asso.fr\/?cat=3\" title=\"Ev\u00e9nements\">Ev\u00e9nements<\/a>\n\t\t<\/span><span class=\"aioseo-breadcrumb-separator\">&raquo;<\/span><span class=\"aioseo-breadcrumb\">\n\t\t\tLes horaires du stage du 8 f\u00e9vrier\n\t\t<\/span><\/div>","aioseo_breadcrumb_json":[{"label":"Accueil","link":"https:\/\/www.awtr69.asso.fr"},{"label":"Ev\u00e9nements","link":"https:\/\/www.awtr69.asso.fr\/?cat=3"},{"label":"Les horaires du stage du 8 f\u00e9vrier","link":"https:\/\/www.awtr69.asso.fr\/?p=703"}],"_links":{"self":[{"href":"https:\/\/www.awtr69.asso.fr\/index.php?rest_route=\/wp\/v2\/posts\/703","targetHints":{"allow":["GET"]}}],"collection":[{"href":"https:\/\/www.awtr69.asso.fr\/index.php?rest_route=\/wp\/v2\/posts"}],"about":[{"href":"https:\/\/www.awtr69.asso.fr\/index.php?rest_route=\/wp\/v2\/types\/post"}],"author":[{"embeddable":true,"href":"https:\/\/www.awtr69.asso.fr\/index.php?rest_route=\/wp\/v2\/users\/1"}],"replies":[{"embeddable":true,"href":"https:\/\/www.awtr69.asso.fr\/index.php?rest_route=%2Fwp%2Fv2%2Fcomments&post=703"}],"version-history":[{"count":2,"href":"https:\/\/www.awtr69.asso.fr\/index.php?rest_route=\/wp\/v2\/posts\/703\/revisions"}],"predecessor-version":[{"id":705,"href":"https:\/\/www.awtr69.asso.fr\/index.php?rest_route=\/wp\/v2\/posts\/703\/revisions\/705"}],"wp:attachment":[{"href":"https:\/\/www.awtr69.asso.fr\/index.php?rest_route=%2Fwp%2Fv2%2Fmedia&parent=703"}],"wp:term":[{"taxonomy":"category","embeddable":true,"href":"https:\/\/www.awtr69.asso.fr\/index.php?rest_route=%2Fwp%2Fv2%2Fcategories&post=703"},{"taxonomy":"post_tag","embeddable":true,"href":"https:\/\/www.awtr69.asso.fr\/index.php?rest_route=%2Fwp%2Fv2%2Ftags&post=703"}],"curies":[{"name":"wp","href":"https:\/\/api.w.org\/{rel}","templated":true}]}}