{"id":728,"date":"2014-08-13T12:15:48","date_gmt":"2014-08-13T10:15:48","guid":{"rendered":"http:\/\/www.awtr69.asso.fr\/?p=728"},"modified":"2015-04-10T22:24:23","modified_gmt":"2015-04-10T20:24:23","slug":"reprise-des-cours-le-8-septembre","status":"publish","type":"post","link":"https:\/\/www.awtr69.asso.fr\/?p=728","title":{"rendered":"Reprise des cours le 8 septembre !"},"content":{"rendered":"<p>Apr\u00e8s un \u00e9t\u00e9 de repos bien m\u00e9rit\u00e9, la reprise des cours pour cette nouvelle saison 2014-2015 se fera le <strong>lundi 8 septembre \u00e0 20h.<\/strong><\/p>\n<p>Voici ce que nous vous pr\u00e9parons pour cette nouvelle ann\u00e9e :<\/p>\n<ul>\n<li>de la logique, toujours de la logique !<\/li>\n<li>plus de sparring et de combats<\/li>\n<li>du travail physique<\/li>\n<li>du chi sao<\/li>\n<li>et bien s\u00fbr de l&rsquo;efficacit\u00e9 !<\/li>\n<\/ul>\n<p>En vrac les infos pratiques que vous pouvez retrouver <a title=\"Infos pratiques\" href=\"https:\/\/www.awtr69.asso.fr\/?page_id=437\">ici<\/a>\u00a0:<\/p>\n<ul>\n<li>Lieu : Maison de la Guilloti\u00e8re, 25 rue B\u00e9chevelin, 69007 Lyon<\/li>\n<li>Horaires : Lundi de 20h \u00e0 21h30, Mercredi de 19h \u00e0 20h30 et Vendredi \u00e0 18h30 pour les avanc\u00e9s<\/li>\n<li>Contact :\u00a0<a href=\"mailto:awtr69@gmail.com\">awtr69@gmail.com<\/a>\u00a0ou Jean-Paul au\u00a006 60 50 82 22<\/li>\n<\/ul>\n<p>Bonne fin d&rsquo;\u00e9t\u00e9 \u00e0 tous et \u00e0 tr\u00e8s bient\u00f4t !<\/p>\n","protected":false},"excerpt":{"rendered":"<p>Apr\u00e8s un \u00e9t\u00e9 de repos bien m\u00e9rit\u00e9, la reprise des cours pour cette nouvelle saison 2014-2015 se fera le lundi 8 septembre \u00e0 20h.<\/p>\n","protected":false},"author":1,"featured_media":730,"comment_status":"open","ping_status":"open","sticky":false,"template":"","format":"standard","meta":{"om_disable_all_campaigns":false,"_monsterinsights_skip_tracking":false,"ngg_post_thumbnail":0,"footnotes":""},"categories":[1],"tags":[],"class_list":["post-728","post","type-post","status-publish","format-standard","has-post-thumbnail","hentry","category-non-classe","column","threecol","has-thumbnail"],"aioseo_notices":[],"aioseo_head":"\n\t\t<!-- All in One SEO 5.0.0.1 - aioseo.com -->\n\t<meta name=\"description\" content=\"Apr\u00e8s un \u00e9t\u00e9 de repos bien m\u00e9rit\u00e9, la reprise des cours pour cette nouvelle saison 2014-2015 se fera le lundi 8 septembre \u00e0 20h.\" \/>\n\t<meta name=\"robots\" content=\"max-image-preview:large\" \/>\n\t<meta name=\"author\" content=\"admin\"\/>\n\t<meta name=\"keywords\" content=\"wing tsun,technicien,ma\u00eetre,chi sao,sifu marcus sch\u00fcssler,escrima,ren\u00e9 latosa,lyon,rentr\u00e9e,cours,initiation,d\u00e9butants,arts martiaux,efficacit\u00e9,non class\u00e9\" \/>\n\t<link rel=\"canonical\" href=\"https:\/\/www.awtr69.asso.fr\/?p=728\" \/>\n\t<meta name=\"generator\" content=\"All in One SEO (AIOSEO) 5.0.0.1\" \/>\n\t\t<meta property=\"og:locale\" content=\"fr_FR\" \/>\n\t\t<meta property=\"og:site_name\" content=\"Association Wing Tsun du Rh\u00f4ne | Wing Chun Kung Fu \u00e0 Lyon\" \/>\n\t\t<meta property=\"og:type\" content=\"article\" \/>\n\t\t<meta property=\"og:title\" content=\"Reprise des cours le 8 septembre ! | Association Wing Tsun du Rh\u00f4ne\" \/>\n\t\t<meta property=\"og:description\" content=\"Apr\u00e8s un \u00e9t\u00e9 de repos bien m\u00e9rit\u00e9, la reprise des cours pour cette nouvelle saison 2014-2015 se fera le lundi 8 septembre \u00e0 20h.\" \/>\n\t\t<meta property=\"og:url\" content=\"https:\/\/www.awtr69.asso.fr\/?p=728\" \/>\n\t\t<meta property=\"article:published_time\" content=\"2014-08-13T10:15:48+00:00\" \/>\n\t\t<meta property=\"article:modified_time\" content=\"2015-04-10T20:24:23+00:00\" \/>\n\t\t<meta property=\"article:publisher\" content=\"https:\/\/www.facebook.com\/profile.php?id=100083353388314\" \/>\n\t\t<meta name=\"twitter:card\" content=\"summary\" \/>\n\t\t<meta name=\"twitter:title\" content=\"Reprise des cours le 8 septembre ! | Association Wing Tsun du Rh\u00f4ne\" \/>\n\t\t<meta name=\"twitter:description\" content=\"Apr\u00e8s un \u00e9t\u00e9 de repos bien m\u00e9rit\u00e9, la reprise des cours pour cette nouvelle saison 2014-2015 se fera le lundi 8 septembre \u00e0 20h.\" \/>\n\t\t<script type=\"application\/ld+json\" class=\"aioseo-schema\">\n\t\t\t{\"@context\":\"https:\\\/\\\/schema.org\",\"@graph\":[{\"@type\":\"Article\",\"@id\":\"https:\\\/\\\/www.awtr69.asso.fr\\\/?p=728#article\",\"name\":\"Reprise des cours le 8 septembre ! | Association Wing Tsun du Rh\\u00f4ne\",\"headline\":\"Reprise des cours le 8 septembre !\",\"author\":{\"@id\":\"https:\\\/\\\/www.awtr69.asso.fr\\\/?author=1#author\"},\"publisher\":{\"@id\":\"https:\\\/\\\/www.awtr69.asso.fr\\\/#organization\"},\"image\":{\"@type\":\"ImageObject\",\"url\":\"https:\\\/\\\/www.awtr69.asso.fr\\\/wp-content\\\/uploads\\\/2014\\\/08\\\/rentree_2015.jpg\",\"width\":1140,\"height\":300,\"caption\":\"Rentr\\u00e9e 2015\"},\"datePublished\":\"2014-08-13T12:15:48+02:00\",\"dateModified\":\"2015-04-10T22:24:23+02:00\",\"inLanguage\":\"fr-FR\",\"mainEntityOfPage\":{\"@id\":\"https:\\\/\\\/www.awtr69.asso.fr\\\/?p=728#webpage\"},\"isPartOf\":{\"@id\":\"https:\\\/\\\/www.awtr69.asso.fr\\\/?p=728#webpage\"},\"articleSection\":\"Non class\\u00e9\"},{\"@type\":\"BreadcrumbList\",\"@id\":\"https:\\\/\\\/www.awtr69.asso.fr\\\/?p=728#breadcrumblist\",\"itemListElement\":[{\"@type\":\"ListItem\",\"@id\":\"https:\\\/\\\/www.awtr69.asso.fr#listItem\",\"position\":1,\"name\":\"Accueil\",\"item\":\"https:\\\/\\\/www.awtr69.asso.fr\",\"nextItem\":{\"@type\":\"ListItem\",\"@id\":\"https:\\\/\\\/www.awtr69.asso.fr\\\/?cat=1#listItem\",\"name\":\"Non class\\u00e9\"}},{\"@type\":\"ListItem\",\"@id\":\"https:\\\/\\\/www.awtr69.asso.fr\\\/?cat=1#listItem\",\"position\":2,\"name\":\"Non class\\u00e9\",\"item\":\"https:\\\/\\\/www.awtr69.asso.fr\\\/?cat=1\",\"nextItem\":{\"@type\":\"ListItem\",\"@id\":\"https:\\\/\\\/www.awtr69.asso.fr\\\/?p=728#listItem\",\"name\":\"Reprise des cours le 8 septembre !\"},\"previousItem\":{\"@type\":\"ListItem\",\"@id\":\"https:\\\/\\\/www.awtr69.asso.fr#listItem\",\"name\":\"Accueil\"}},{\"@type\":\"ListItem\",\"@id\":\"https:\\\/\\\/www.awtr69.asso.fr\\\/?p=728#listItem\",\"position\":3,\"name\":\"Reprise des cours le 8 septembre !\",\"previousItem\":{\"@type\":\"ListItem\",\"@id\":\"https:\\\/\\\/www.awtr69.asso.fr\\\/?cat=1#listItem\",\"name\":\"Non class\\u00e9\"}}]},{\"@type\":\"Organization\",\"@id\":\"https:\\\/\\\/www.awtr69.asso.fr\\\/#organization\",\"name\":\"Association du Wing Tsun du Rh\\u00f4ne\",\"description\":\"Wing Chun Kung Fu \\u00e0 Lyon\",\"url\":\"https:\\\/\\\/www.awtr69.asso.fr\\\/\",\"logo\":{\"@type\":\"ImageObject\",\"url\":\"https:\\\/\\\/www.awtr69.asso.fr\\\/wp-content\\\/uploads\\\/2013\\\/02\\\/Header_bleu3-copie.jpg\",\"@id\":\"https:\\\/\\\/www.awtr69.asso.fr\\\/?p=728\\\/#organizationLogo\",\"width\":840,\"height\":115},\"image\":{\"@id\":\"https:\\\/\\\/www.awtr69.asso.fr\\\/?p=728\\\/#organizationLogo\"},\"sameAs\":[\"https:\\\/\\\/www.facebook.com\\\/profile.php?id=100083353388314\"]},{\"@type\":\"Person\",\"@id\":\"https:\\\/\\\/www.awtr69.asso.fr\\\/?author=1#author\",\"url\":\"https:\\\/\\\/www.awtr69.asso.fr\\\/?author=1\",\"name\":\"admin\",\"image\":{\"@type\":\"ImageObject\",\"@id\":\"https:\\\/\\\/www.awtr69.asso.fr\\\/?p=728#authorImage\",\"url\":\"https:\\\/\\\/secure.gravatar.com\\\/avatar\\\/ed04002b7839ec79c5200667dd720d95b8c39c62372094812551eaa0c712476b?s=96&d=mm&r=g\",\"width\":96,\"height\":96,\"caption\":\"admin\"}},{\"@type\":\"WebPage\",\"@id\":\"https:\\\/\\\/www.awtr69.asso.fr\\\/?p=728#webpage\",\"url\":\"https:\\\/\\\/www.awtr69.asso.fr\\\/?p=728\",\"name\":\"Reprise des cours le 8 septembre ! | Association Wing Tsun du Rh\\u00f4ne\",\"description\":\"Apr\\u00e8s un \\u00e9t\\u00e9 de repos bien m\\u00e9rit\\u00e9, la reprise des cours pour cette nouvelle saison 2014-2015 se fera le lundi 8 septembre \\u00e0 20h.\",\"inLanguage\":\"fr-FR\",\"isPartOf\":{\"@id\":\"https:\\\/\\\/www.awtr69.asso.fr\\\/#website\"},\"breadcrumb\":{\"@id\":\"https:\\\/\\\/www.awtr69.asso.fr\\\/?p=728#breadcrumblist\"},\"author\":{\"@id\":\"https:\\\/\\\/www.awtr69.asso.fr\\\/?author=1#author\"},\"creator\":{\"@id\":\"https:\\\/\\\/www.awtr69.asso.fr\\\/?author=1#author\"},\"image\":{\"@type\":\"ImageObject\",\"url\":\"https:\\\/\\\/www.awtr69.asso.fr\\\/wp-content\\\/uploads\\\/2014\\\/08\\\/rentree_2015.jpg\",\"@id\":\"https:\\\/\\\/www.awtr69.asso.fr\\\/?p=728\\\/#mainImage\",\"width\":1140,\"height\":300,\"caption\":\"Rentr\\u00e9e 2015\"},\"primaryImageOfPage\":{\"@id\":\"https:\\\/\\\/www.awtr69.asso.fr\\\/?p=728#mainImage\"},\"datePublished\":\"2014-08-13T12:15:48+02:00\",\"dateModified\":\"2015-04-10T22:24:23+02:00\"},{\"@type\":\"WebSite\",\"@id\":\"https:\\\/\\\/www.awtr69.asso.fr\\\/#website\",\"url\":\"https:\\\/\\\/www.awtr69.asso.fr\\\/\",\"name\":\"Association Wing Tsun du Rh\\u00f4ne\",\"description\":\"Wing Chun Kung Fu \\u00e0 Lyon\",\"inLanguage\":\"fr-FR\",\"publisher\":{\"@id\":\"https:\\\/\\\/www.awtr69.asso.fr\\\/#organization\"}}]}\n\t\t<\/script>\n\t\t<!-- All in One SEO -->\n\n","aioseo_head_json":{"title":"Reprise des cours le 8 septembre ! | Association Wing Tsun du Rh\u00f4ne","description":"Apr\u00e8s un \u00e9t\u00e9 de repos bien m\u00e9rit\u00e9, la reprise des cours pour cette nouvelle saison 2014-2015 se fera le lundi 8 septembre \u00e0 20h.","canonical_url":"https:\/\/www.awtr69.asso.fr\/?p=728","robots":"max-image-preview:large","keywords":"wing tsun,technicien,ma\u00eetre,chi sao,sifu marcus sch\u00fcssler,escrima,ren\u00e9 latosa,lyon,rentr\u00e9e,cours,initiation,d\u00e9butants,arts martiaux,efficacit\u00e9,non class\u00e9","webmasterTools":{"miscellaneous":""},"schema":{"@context":"https:\/\/schema.org","@graph":[{"@type":"Article","@id":"https:\/\/www.awtr69.asso.fr\/?p=728#article","name":"Reprise des cours le 8 septembre ! | Association Wing Tsun du Rh\u00f4ne","headline":"Reprise des cours le 8 septembre !","author":{"@id":"https:\/\/www.awtr69.asso.fr\/?author=1#author"},"publisher":{"@id":"https:\/\/www.awtr69.asso.fr\/#organization"},"image":{"@type":"ImageObject","url":"https:\/\/www.awtr69.asso.fr\/wp-content\/uploads\/2014\/08\/rentree_2015.jpg","width":1140,"height":300,"caption":"Rentr\u00e9e 2015"},"datePublished":"2014-08-13T12:15:48+02:00","dateModified":"2015-04-10T22:24:23+02:00","inLanguage":"fr-FR","mainEntityOfPage":{"@id":"https:\/\/www.awtr69.asso.fr\/?p=728#webpage"},"isPartOf":{"@id":"https:\/\/www.awtr69.asso.fr\/?p=728#webpage"},"articleSection":"Non class\u00e9"},{"@type":"BreadcrumbList","@id":"https:\/\/www.awtr69.asso.fr\/?p=728#breadcrumblist","itemListElement":[{"@type":"ListItem","@id":"https:\/\/www.awtr69.asso.fr#listItem","position":1,"name":"Accueil","item":"https:\/\/www.awtr69.asso.fr","nextItem":{"@type":"ListItem","@id":"https:\/\/www.awtr69.asso.fr\/?cat=1#listItem","name":"Non class\u00e9"}},{"@type":"ListItem","@id":"https:\/\/www.awtr69.asso.fr\/?cat=1#listItem","position":2,"name":"Non class\u00e9","item":"https:\/\/www.awtr69.asso.fr\/?cat=1","nextItem":{"@type":"ListItem","@id":"https:\/\/www.awtr69.asso.fr\/?p=728#listItem","name":"Reprise des cours le 8 septembre !"},"previousItem":{"@type":"ListItem","@id":"https:\/\/www.awtr69.asso.fr#listItem","name":"Accueil"}},{"@type":"ListItem","@id":"https:\/\/www.awtr69.asso.fr\/?p=728#listItem","position":3,"name":"Reprise des cours le 8 septembre !","previousItem":{"@type":"ListItem","@id":"https:\/\/www.awtr69.asso.fr\/?cat=1#listItem","name":"Non class\u00e9"}}]},{"@type":"Organization","@id":"https:\/\/www.awtr69.asso.fr\/#organization","name":"Association du Wing Tsun du Rh\u00f4ne","description":"Wing Chun Kung Fu \u00e0 Lyon","url":"https:\/\/www.awtr69.asso.fr\/","logo":{"@type":"ImageObject","url":"https:\/\/www.awtr69.asso.fr\/wp-content\/uploads\/2013\/02\/Header_bleu3-copie.jpg","@id":"https:\/\/www.awtr69.asso.fr\/?p=728\/#organizationLogo","width":840,"height":115},"image":{"@id":"https:\/\/www.awtr69.asso.fr\/?p=728\/#organizationLogo"},"sameAs":["https:\/\/www.facebook.com\/profile.php?id=100083353388314"]},{"@type":"Person","@id":"https:\/\/www.awtr69.asso.fr\/?author=1#author","url":"https:\/\/www.awtr69.asso.fr\/?author=1","name":"admin","image":{"@type":"ImageObject","@id":"https:\/\/www.awtr69.asso.fr\/?p=728#authorImage","url":"https:\/\/secure.gravatar.com\/avatar\/ed04002b7839ec79c5200667dd720d95b8c39c62372094812551eaa0c712476b?s=96&d=mm&r=g","width":96,"height":96,"caption":"admin"}},{"@type":"WebPage","@id":"https:\/\/www.awtr69.asso.fr\/?p=728#webpage","url":"https:\/\/www.awtr69.asso.fr\/?p=728","name":"Reprise des cours le 8 septembre ! | Association Wing Tsun du Rh\u00f4ne","description":"Apr\u00e8s un \u00e9t\u00e9 de repos bien m\u00e9rit\u00e9, la reprise des cours pour cette nouvelle saison 2014-2015 se fera le lundi 8 septembre \u00e0 20h.","inLanguage":"fr-FR","isPartOf":{"@id":"https:\/\/www.awtr69.asso.fr\/#website"},"breadcrumb":{"@id":"https:\/\/www.awtr69.asso.fr\/?p=728#breadcrumblist"},"author":{"@id":"https:\/\/www.awtr69.asso.fr\/?author=1#author"},"creator":{"@id":"https:\/\/www.awtr69.asso.fr\/?author=1#author"},"image":{"@type":"ImageObject","url":"https:\/\/www.awtr69.asso.fr\/wp-content\/uploads\/2014\/08\/rentree_2015.jpg","@id":"https:\/\/www.awtr69.asso.fr\/?p=728\/#mainImage","width":1140,"height":300,"caption":"Rentr\u00e9e 2015"},"primaryImageOfPage":{"@id":"https:\/\/www.awtr69.asso.fr\/?p=728#mainImage"},"datePublished":"2014-08-13T12:15:48+02:00","dateModified":"2015-04-10T22:24:23+02:00"},{"@type":"WebSite","@id":"https:\/\/www.awtr69.asso.fr\/#website","url":"https:\/\/www.awtr69.asso.fr\/","name":"Association Wing Tsun du Rh\u00f4ne","description":"Wing Chun Kung Fu \u00e0 Lyon","inLanguage":"fr-FR","publisher":{"@id":"https:\/\/www.awtr69.asso.fr\/#organization"}}]},"og:locale":"fr_FR","og:site_name":"Association Wing Tsun du Rh\u00f4ne | Wing Chun Kung Fu \u00e0 Lyon","og:type":"article","og:title":"Reprise des cours le 8 septembre ! | Association Wing Tsun du Rh\u00f4ne","og:description":"Apr\u00e8s un \u00e9t\u00e9 de repos bien m\u00e9rit\u00e9, la reprise des cours pour cette nouvelle saison 2014-2015 se fera le lundi 8 septembre \u00e0 20h.","og:url":"https:\/\/www.awtr69.asso.fr\/?p=728","article:published_time":"2014-08-13T10:15:48+00:00","article:modified_time":"2015-04-10T20:24:23+00:00","article:publisher":"https:\/\/www.facebook.com\/profile.php?id=100083353388314","twitter:card":"summary","twitter:title":"Reprise des cours le 8 septembre ! | Association Wing Tsun du Rh\u00f4ne","twitter:description":"Apr\u00e8s un \u00e9t\u00e9 de repos bien m\u00e9rit\u00e9, la reprise des cours pour cette nouvelle saison 2014-2015 se fera le lundi 8 septembre \u00e0 20h."},"aioseo_meta_data":{"post_id":"728","title":"Reprise des cours le 8 septembre ! | #site_title","description":"Apr\u00e8s un \u00e9t\u00e9 de repos bien m\u00e9rit\u00e9, la reprise des cours pour cette nouvelle saison 2014-2015 se fera le lundi 8 septembre \u00e0 20h.","keywords":[{"label":"wing tsun","value":"wing tsun"},{"label":"technicien","value":"technicien"},{"label":"ma\u00eetre","value":"ma\u00eetre"},{"label":"chi sao","value":"chi sao"},{"label":"Sifu Marcus Sch\u00fcssler","value":"Sifu Marcus Sch\u00fcssler"},{"label":"Escrima","value":"Escrima"},{"label":"Ren\u00e9 Latosa","value":"Ren\u00e9 Latosa"},{"label":"Lyon","value":"Lyon"},{"label":"rentr\u00e9e","value":"rentr\u00e9e"},{"label":"cours","value":"cours"},{"label":"initiation","value":"initiation"},{"label":"d\u00e9butants","value":"d\u00e9butants"},{"label":"arts martiaux","value":"arts martiaux"},{"label":"efficacit\u00e9","value":"efficacit\u00e9"}],"keyphrases":null,"primary_term":null,"canonical_url":null,"og_title":null,"og_description":null,"og_object_type":"default","og_image_type":"default","og_image_url":null,"og_image_width":null,"og_image_height":null,"og_image_custom_url":null,"og_image_custom_fields":null,"og_video":null,"og_custom_url":null,"og_article_section":null,"og_article_tags":null,"twitter_use_og":false,"twitter_card":"default","twitter_image_type":"default","twitter_image_url":null,"twitter_image_custom_url":null,"twitter_image_custom_fields":null,"twitter_title":null,"twitter_description":null,"schema":{"blockGraphs":[],"customGraphs":[],"default":{"data":{"Article":[],"Course":[],"Dataset":[],"FAQPage":[],"Movie":[],"Person":[],"Product":[],"ProductReview":[],"Car":[],"Recipe":[],"Service":[],"SoftwareApplication":[],"WebPage":[]},"graphName":"Article","isEnabled":true},"graphs":[]},"schema_type":null,"schema_type_options":null,"pillar_content":false,"robots_default":true,"robots_noindex":false,"robots_noarchive":false,"robots_nosnippet":false,"robots_nofollow":false,"robots_noimageindex":false,"robots_noodp":false,"robots_notranslate":false,"robots_max_snippet":null,"robots_max_videopreview":null,"robots_max_imagepreview":"large","priority":null,"frequency":null,"local_seo":null,"breadcrumb_settings":null,"limit_modified_date":false,"ai":null,"created":"2021-03-29 12:27:38","updated":"2025-07-14 22:04:08","seo_analyzer_scan_date":null,"focus_keyword":null,"additional_keywords":null,"truseo_locale":null},"aioseo_breadcrumb":"<div class=\"aioseo-breadcrumbs\"><span class=\"aioseo-breadcrumb\">\n\t\t\t<a href=\"https:\/\/www.awtr69.asso.fr\" title=\"Accueil\">Accueil<\/a>\n\t\t<\/span><span class=\"aioseo-breadcrumb-separator\">&raquo;<\/span><span class=\"aioseo-breadcrumb\">\n\t\t\t<a href=\"https:\/\/www.awtr69.asso.fr\/?cat=1\" title=\"Non class\u00e9\">Non class\u00e9<\/a>\n\t\t<\/span><span class=\"aioseo-breadcrumb-separator\">&raquo;<\/span><span class=\"aioseo-breadcrumb\">\n\t\t\tReprise des cours le 8 septembre !\n\t\t<\/span><\/div>","aioseo_breadcrumb_json":[{"label":"Accueil","link":"https:\/\/www.awtr69.asso.fr"},{"label":"Non class\u00e9","link":"https:\/\/www.awtr69.asso.fr\/?cat=1"},{"label":"Reprise des cours le 8 septembre !","link":"https:\/\/www.awtr69.asso.fr\/?p=728"}],"_links":{"self":[{"href":"https:\/\/www.awtr69.asso.fr\/index.php?rest_route=\/wp\/v2\/posts\/728","targetHints":{"allow":["GET"]}}],"collection":[{"href":"https:\/\/www.awtr69.asso.fr\/index.php?rest_route=\/wp\/v2\/posts"}],"about":[{"href":"https:\/\/www.awtr69.asso.fr\/index.php?rest_route=\/wp\/v2\/types\/post"}],"author":[{"embeddable":true,"href":"https:\/\/www.awtr69.asso.fr\/index.php?rest_route=\/wp\/v2\/users\/1"}],"replies":[{"embeddable":true,"href":"https:\/\/www.awtr69.asso.fr\/index.php?rest_route=%2Fwp%2Fv2%2Fcomments&post=728"}],"version-history":[{"count":1,"href":"https:\/\/www.awtr69.asso.fr\/index.php?rest_route=\/wp\/v2\/posts\/728\/revisions"}],"predecessor-version":[{"id":729,"href":"https:\/\/www.awtr69.asso.fr\/index.php?rest_route=\/wp\/v2\/posts\/728\/revisions\/729"}],"wp:featuredmedia":[{"embeddable":true,"href":"https:\/\/www.awtr69.asso.fr\/index.php?rest_route=\/wp\/v2\/media\/730"}],"wp:attachment":[{"href":"https:\/\/www.awtr69.asso.fr\/index.php?rest_route=%2Fwp%2Fv2%2Fmedia&parent=728"}],"wp:term":[{"taxonomy":"category","embeddable":true,"href":"https:\/\/www.awtr69.asso.fr\/index.php?rest_route=%2Fwp%2Fv2%2Fcategories&post=728"},{"taxonomy":"post_tag","embeddable":true,"href":"https:\/\/www.awtr69.asso.fr\/index.php?rest_route=%2Fwp%2Fv2%2Ftags&post=728"}],"curies":[{"name":"wp","href":"https:\/\/api.w.org\/{rel}","templated":true}]}}